{"id":20313,"date":"2025-07-05T15:18:41","date_gmt":"2025-07-05T18:18:41","guid":{"rendered":"https:\/\/grandepremio.com\/br\/noticias\/dennis-hauger-mantem-sequencia-crava-pole-etapa-mid-ohio-indy-nxt-caio-collet-e-2o\/"},"modified":"2025-07-05T19:19:59","modified_gmt":"2025-07-05T22:19:59","slug":"dennis-hauger-mantem-sequencia-crava-pole-etapa-mid-ohio-indy-nxt-caio-collet-e-2o","status":"publish","type":"post","link":"https:\/\/grandepremio.com\/br\/indy\/dennis-hauger-mantem-sequencia-crava-pole-etapa-mid-ohio-indy-nxt-caio-collet-e-2o\/","title":{"rendered":"Hauger mant\u00e9m sequ\u00eancia e crava pole da etapa de Mid-Ohio da Indy NXT. Collet \u00e9 2\u00ba"},"content":{"rendered":"\n<p class=\"wp-block-paragraph\"><strong>Dennis Hauger<\/strong> conquistou a sexta pole-position da temporada 2025 da <strong>Indy NXT<\/strong> neste <strong>s\u00e1bado (5)<\/strong>, quando foi realizada a classifica\u00e7\u00e3o da etapa de <strong>Mid-Ohio<\/strong>, a oitava do atual certame. No grupo 1 da sess\u00e3o, o noruegu\u00eas cravou 1min09s742 e n\u00e3o foi alcan\u00e7ado pelos rivais.<\/p>\n\n\n\n<p class=\"wp-block-paragraph\">Mais r\u00e1pido durante o treino livre 2, <strong>Caio Collet<\/strong> foi quem mais chegou perto, com 1min08s861, e vai sair em segundo, ap\u00f3s liderar o grupo 2 da sess\u00e3o. O enredo \u00e9 o mesmo da classifica\u00e7\u00e3o de <strong>Road America<\/strong>, quando Hauger cravou o melhor tempo no grupo 1 e n\u00e3o foi superado pelo tempo do brasileiro na parte seguinte.<\/p>\n\n\n\n<p class=\"wp-block-paragraph\">Durante o primeiro segmento, Hauger desbancou <strong>Lochie Hughes<\/strong>, companheiro de <strong>Andretti<\/strong>, que registrou 1min09s989 e vai sair na terceira posi\u00e7\u00e3o \u2014 o atual campe\u00e3o da Pro 2000 \u00e9 o \u00fanico piloto que conseguiu superar o egresso da F\u00f3rmula 2 nas classifica\u00e7\u00f5es da Indy NXT. Segundo no grupo 2, <strong>Josh Pierson<\/strong> vai largar em quarto neste domingo (6), dia da corrida, ap\u00f3s fazer 1min10s031. <strong>Salvador de Alba<\/strong> fez 1min10s391 e completou o top-5.<\/p>\n\n\n\n<p class=\"wp-block-paragraph\"><strong>\u25b6\ufe0f\u00a0Inscreva-se nos dois canais do GRANDE PR\u00caMIO no YouTube:\u00a0<a href=\"https:\/\/www.youtube.com\/channel\/UC9OlHEgxoaY6QY6nWPoiqQg?sub_confirmation=1\" target=\"_blank\" rel=\"noreferrer noopener\">GP<\/a>\u00a0|\u00a0<a href=\"https:\/\/www.youtube.com\/channel\/UC9csiS6q_C3C0FYhyr1rnFA?sub_confirmation=1\" target=\"_blank\" rel=\"noreferrer noopener\">GP2<\/a><\/strong><br><strong>LEIA MAIS:\u00a0<a href=\"https:\/\/www.grandepremio.com\/br\/indy\/noticias\/leonardo-escorpioni-puxa-1-2-brasileiro-joao-vergara-vence-pela-usf-juniors-mid-ohio\/\">Escorpioni puxa 1-2 brasileiro com Vergara e vence pela USF Juniors em Mid-Ohio<\/a><\/strong><\/p>\n\n\n\n<figure class=\"wp-block-image size-large\"><img decoding=\"async\" src=\"https:\/\/www.grandepremio.com\/br\/wp-content\/uploads\/2025\/07\/Caio-Collet-Grand-Prix-at-Mid-Ohio-INDY-NXT-By-Firestone-By_-James-Black_Large-Image-Without-Watermark_m136209-1200x800.jpg\" alt=\"\" class=\"wp-image-989059\"\/><figcaption class=\"wp-element-caption\">Caio Collet (Foto: James Black)<\/figcaption><\/figure>\n\n\n\n<p class=\"wp-block-paragraph\">Callum Hedge cravou 1min10s248 e foi mais lento que De Alba, mas sai em sexto por ter sido o terceiro no grupo 2. Bryce Aron vai partir na s\u00e9tima posi\u00e7\u00e3o na corrida, dividindo a fila com Jordan Missig. Evagoras Papasavvas e Jack William Miller completam o top-10.<\/p>\n\n\n\n<p class=\"wp-block-paragraph\">Com Hauger na frente, a <strong>Indy NXT<\/strong> retorna neste domingo (6) com a corrida da oitava etapa da temporada 2025. A largada est\u00e1 marcada para as <strong>11h30<\/strong> <strong>[de Bras\u00edlia, GMT -3]<\/strong>. Enquanto a Indy ter\u00e1 a bandeira verde \u00e0 partir das 14h. O GRANDE PR\u00caMIO faz ampla cobertura das duas provas.<\/p>\n\n\n\n\n\n\n\n<p class=\"wp-block-paragraph\"><\/p>\n","protected":false},"excerpt":{"rendered":"<p>L\u00edder do campeonato, Dennis Hauger anotou a sexta pole em oito classifica\u00e7\u00f5es na Indy NXT 2025. Caio Collet foi o mais r\u00e1pido do grupo 2, mas n\u00e3o conseguiu superar o noruegu\u00eas<\/p>\n","protected":false},"author":0,"featured_media":1000989060,"comment_status":"closed","ping_status":"closed","sticky":false,"template":"","format":"standard","meta":{"42wp_featured_image_caption":"","42wp_featured_image_credits":"","42wp_featured_video":"","42wp_featured_image_hidden":false,"42wp_authors_list":[],"footnotes":""},"categories":[3],"tags":[2980,5012,9828,417,1559,32086,43664,43608,20272,2908,28552,231,6133,1824,831,3753,41085,14640,3837,796,18545,147,3630,3144,176,26800,39174,180,619,322,1595,1826,43645,3622,5100,25472,1491,28285,267,130,35361,2561,2555,93,39054,232,43021,18728,94,4717,39052,43910,1555,4157,31343,3201,39053,35179,1569,34788,39496,90,1782,4166,2140,31549,25714,645,29784,27380,265,349,1820,4156,3838,1869,1245,733,830,732,266,9944,321,2052,43992,29512,33231,1819,3133],"42wp_author":[47155],"class_list":["post-20313","post","type-post","status-publish","format-standard","has-post-thumbnail","hentry","category-indy","tag-500-milhas-de-indianapolis","tag-al-unser-jr","tag-alex-palou","tag-andretti","tag-assistir-f1","tag-assistir-indy-ao-vivo","tag-atenuador","tag-base-da-indy","tag-brad-hollinger","tag-bump-day","tag-calendario-indy","tag-chevrolet","tag-classificacao-indy","tag-conor-daly","tag-dale-coyne","tag-dallara","tag-dan-towriss","tag-doug-boles","tag-elkhart-lake","tag-emerson-fittipaldi","tag-etapa-de-mid-ohio","tag-f1","tag-f1-2025","tag-felix-rosenqvist","tag-fernando-alonso","tag-fora-2","tag-fora-da-corrida","tag-formula-1","tag-formula-indy","tag-foyt","tag-ganassi","tag-gateway","tag-gp-da-gateway","tag-gp-de-mid-ohio","tag-gp-de-monaco","tag-gp-de-road-america","tag-grande-premio","tag-grandepremio","tag-helio-castroneves","tag-honda","tag-horarios-indy","tag-indianapolis","tag-indianapolis-motor-speedway","tag-indy","tag-indy-2025","tag-indy-500","tag-indy-ao-vivo-gratis","tag-indy-em-mid-ohio","tag-indycar","tag-jacob-abel","tag-joao-vergara","tag-jonathan-diuguid","tag-josef-newgarden","tag-juncos","tag-juncos-hollinger","tag-kyle-larson","tag-leonardo-escorpioni","tag-lucas-fecury","tag-marcus-ericsson","tag-max-garcia","tag-max-taylor","tag-mclaren","tag-meyer-shank","tag-mid-ohio","tag-monaco","tag-nicholas-monteiro","tag-nolan-siegel","tag-novo-carro","tag-onde-assistir-indy","tag-pato-oward-3","tag-penske","tag-prema","tag-pro-2000","tag-ricardo-juncos","tag-road-america","tag-robert-shwartzman","tag-roger-penske","tag-ryan-briscoe","tag-santino-ferrucci","tag-scott-dixon","tag-scott-mclaughlin","tag-tim-cindric","tag-tony-kanaan","tag-treino-livre-1","tag-usf","tag-usf-juniors","tag-usf-pro-2000","tag-usf2000","tag-will-power","42wp_author-daniel-balsa"],"_links":{"self":[{"href":"https:\/\/grandepremio.com\/br\/wp-json\/wp\/v2\/posts\/20313","targetHints":{"allow":["GET"]}}],"collection":[{"href":"https:\/\/grandepremio.com\/br\/wp-json\/wp\/v2\/posts"}],"about":[{"href":"https:\/\/grandepremio.com\/br\/wp-json\/wp\/v2\/types\/post"}],"replies":[{"embeddable":true,"href":"https:\/\/grandepremio.com\/br\/wp-json\/wp\/v2\/comments?post=20313"}],"version-history":[{"count":0,"href":"https:\/\/grandepremio.com\/br\/wp-json\/wp\/v2\/posts\/20313\/revisions"}],"wp:featuredmedia":[{"embeddable":true,"href":"https:\/\/grandepremio.com\/br\/wp-json\/wp\/v2\/media\/1000989060"}],"wp:attachment":[{"href":"https:\/\/grandepremio.com\/br\/wp-json\/wp\/v2\/media?parent=20313"}],"wp:term":[{"taxonomy":"category","embeddable":true,"href":"https:\/\/grandepremio.com\/br\/wp-json\/wp\/v2\/categories?post=20313"},{"taxonomy":"post_tag","embeddable":true,"href":"https:\/\/grandepremio.com\/br\/wp-json\/wp\/v2\/tags?post=20313"},{"taxonomy":"42wp_author","embeddable":true,"href":"https:\/\/grandepremio.com\/br\/wp-json\/wp\/v2\/42wp_author?post=20313"}],"curies":[{"name":"wp","href":"https:\/\/api.w.org\/{rel}","templated":true}]}}