{"id":20368,"date":"2025-07-04T16:25:06","date_gmt":"2025-07-04T19:25:06","guid":{"rendered":"https:\/\/grandepremio.com\/br\/noticias\/caleb-gafrarar-vence-corrida-1-rodada-tripla-mid-ohio-usf-2000-lucas-fecury-e-5o\/"},"modified":"2025-07-04T17:26:29","modified_gmt":"2025-07-04T20:26:29","slug":"caleb-gafrarar-vence-corrida-1-rodada-tripla-mid-ohio-usf-2000-lucas-fecury-e-5o","status":"publish","type":"post","link":"https:\/\/grandepremio.com\/br\/indy\/caleb-gafrarar-vence-corrida-1-rodada-tripla-mid-ohio-usf-2000-lucas-fecury-e-5o\/","title":{"rendered":"Gafrarar vence corrida 1 de rodada tripla de Mid-Ohio da USF 2000. Fecury \u00e9 5\u00ba"},"content":{"rendered":"\n<p class=\"wp-block-paragraph\"><strong>Caleb Gafrarar<\/strong> venceu a primeira das tr\u00eas corridas da rodada de <strong>Mid-Ohio<\/strong> na <strong>USF2000<\/strong>, que ser\u00e1 disputada ao longo deste fim de semana. Na prova desta sexta-feira (4), o piloto da <strong>Pabst<\/strong> dominou as a\u00e7\u00f5es durante as 20 voltas, cruzando a linha de chegada com 2s058.<\/p>\n\n\n\n<p class=\"wp-block-paragraph\">L\u00edder do campeonato e pole-position, <strong>Thomas Schrage<\/strong> terminou na terceira posi\u00e7\u00e3o e fechou o p\u00f3dio da etapa. O piloto da<strong> VRD<\/strong> segurou a lideran\u00e7a em Mid-Ohio por apenas tr\u00eas voltas, sendo superado por Jeffers. Gafrarar assumiu a ponta depois e ficou nela por 13 giros at\u00e9 receber a bandeira quadriculada na frente.<\/p>\n\n\n\n<p class=\"wp-block-paragraph\">Teddy Musella seguiu o companheiro da VRD e finalizou em quarto, logo \u00e0 frente do brasileiro <strong>Lucas Fecury<\/strong>, que concluiu o top-5, que mant\u00e9m a boa fase repetindo a posi\u00e7\u00e3o que terminou na corrida 1 de Road America, \u00faltima etapa do campeonato.<\/p>\n\n\n\n<p class=\"wp-block-paragraph\">\u25b6\ufe0f&nbsp;<strong>Inscreva-se nos dois canais do GRANDE PR\u00caMIO no YouTube:&nbsp;<a href=\"https:\/\/www.youtube.com\/channel\/UC9OlHEgxoaY6QY6nWPoiqQg?sub_confirmation=1\" target=\"_blank\" rel=\"noreferrer noopener\">GP<\/a>&nbsp;|&nbsp;<a href=\"https:\/\/www.youtube.com\/channel\/UC9csiS6q_C3C0FYhyr1rnFA?sub_confirmation=1\" target=\"_blank\" rel=\"noreferrer noopener\">GP2<\/a><\/strong><br><strong>LEIA MAIS:<\/strong>&nbsp;<a href=\"https:\/\/www.grandepremio.com\/br\/indy\/noticias\/dono-do-thermal-club-confirma-saida-calendario-indy-2026\/\">Dono do Thermal Club confirma sa\u00edda do calend\u00e1rio da Indy em 2026<\/a><\/p>\n\n\n\n<figure class=\"wp-block-image size-large\"><img decoding=\"async\" src=\"https:\/\/www.grandepremio.com\/br\/wp-content\/uploads\/2025\/02\/Imagem-do-WhatsApp-de-2025-02-24-as-19.10.55_21db4348-1200x800.jpg\" alt=\"\" class=\"wp-image-932203\"\/><figcaption class=\"wp-element-caption\">Lucas Fecury (Foto: Divulga\u00e7\u00e3o)<\/figcaption><\/figure>\n\n\n\n<p class=\"wp-block-paragraph\">Christian Cameron abriu o fim de semana da USF2000 na sexta posi\u00e7\u00e3o, mas j\u00e1 8s751 atr\u00e1s de Gafrarar. Anthony Martella ficou em s\u00e9timo, seguido por G3 Argyros. Jeshua Alianell e Eddie Beswick vieram na sequ\u00eancia e completaram os dez primeiros.<\/p>\n\n\n\n<p class=\"wp-block-paragraph\">Categoria de base da Indy, a USF2000 volta neste s\u00e1bado (5) com a corrida 2 do fim de semana, agendada para as 17h20 [de Bras\u00edlia, GMT -3]. No domingo (6), \u00e0s 9h20, a rodada tripla de Mid-Ohio vai ser encerrada com a prova 3.<\/p>\n","protected":false},"excerpt":{"rendered":"<p>Caleb Gafrarar saiu da terceira posi\u00e7\u00e3o para vencer corrida 1 em Mid-Ohio. Brasileiro Lucas Fecury conquista novo quinto lugar<\/p>\n","protected":false},"author":0,"featured_media":1000988524,"comment_status":"closed","ping_status":"closed","sticky":false,"template":"","format":"standard","meta":{"42wp_featured_image_caption":"","42wp_featured_image_credits":"","42wp_featured_video":"","42wp_featured_image_hidden":false,"42wp_authors_list":[],"footnotes":""},"categories":[3],"tags":[2980,5012,9828,417,20272,2908,28552,231,6133,1824,831,3753,41085,14640,3837,796,147,3630,3144,176,26800,39174,180,619,322,1595,1826,43645,3622,5100,25472,1491,28285,267,130,35361,2561,2555,93,39054,232,43021,18728,94,4717,43910,1555,4157,31343,3201,35179,1569,34788,39496,90,1782,4166,2140,31549,25714,645,29784,27380,265,349,1820,4156,3838,1869,1245,733,830,732,266,9944,321,2052,43992,33231,1819,3133],"42wp_author":[47155],"class_list":["post-20368","post","type-post","status-publish","format-standard","has-post-thumbnail","hentry","category-indy","tag-500-milhas-indianapolis","tag-al-unser-jr","tag-alex-palou","tag-andretti","tag-brad-hollinger","tag-bump-day","tag-calendario-indy","tag-chevrolet","tag-classificacao-indy","tag-conor-daly","tag-dale-coyne","tag-dallara","tag-dan-towriss","tag-doug-boles","tag-elkhart-lake","tag-emerson-fittipaldi","tag-f1","tag-f1-2025","tag-felix-rosenqvist","tag-fernando-alonso","tag-fora-2","tag-fora-da-corrida","tag-formula-1","tag-formula-indy","tag-foyt","tag-ganassi","tag-gateway","tag-gp-da-gateway","tag-gp-de-mid-ohio","tag-gp-de-monaco","tag-gp-de-road-america","tag-grande-premio","tag-grandepremio","tag-helio-castroneves","tag-honda","tag-horarios-indy","tag-indianapolis","tag-indianapolis-motor-speedway","tag-indy","tag-indy-2025","tag-indy-500","tag-indy-ao-vivo-gratis","tag-indy-em-mid-ohio","tag-indycar","tag-jacob-abel","tag-jonathan-diuguid","tag-josef-newgarden","tag-juncos","tag-juncos-hollinger","tag-kyle-larson","tag-lucas-fecury","tag-marcus-ericsson","tag-max-garcia","tag-max-taylor","tag-mclaren","tag-meyer-shank","tag-mid-ohio","tag-monaco","tag-nicholas-monteiro","tag-nolan-siegel","tag-novo-carro","tag-onde-assistir-indy","tag-pato-oward-3","tag-penske","tag-prema","tag-pro-2000","tag-ricardo-juncos","tag-road-america","tag-robert-shwartzman","tag-roger-penske","tag-ryan-briscoe","tag-santino-ferrucci","tag-scott-dixon","tag-scott-mclaughlin","tag-tim-cindric","tag-tony-kanaan","tag-treino-livre-1","tag-usf","tag-usf-pro-2000","tag-usf2000","tag-will-power","42wp_author-daniel-balsa"],"_links":{"self":[{"href":"https:\/\/grandepremio.com\/br\/wp-json\/wp\/v2\/posts\/20368","targetHints":{"allow":["GET"]}}],"collection":[{"href":"https:\/\/grandepremio.com\/br\/wp-json\/wp\/v2\/posts"}],"about":[{"href":"https:\/\/grandepremio.com\/br\/wp-json\/wp\/v2\/types\/post"}],"replies":[{"embeddable":true,"href":"https:\/\/grandepremio.com\/br\/wp-json\/wp\/v2\/comments?post=20368"}],"version-history":[{"count":0,"href":"https:\/\/grandepremio.com\/br\/wp-json\/wp\/v2\/posts\/20368\/revisions"}],"wp:featuredmedia":[{"embeddable":true,"href":"https:\/\/grandepremio.com\/br\/wp-json\/wp\/v2\/media\/1000988524"}],"wp:attachment":[{"href":"https:\/\/grandepremio.com\/br\/wp-json\/wp\/v2\/media?parent=20368"}],"wp:term":[{"taxonomy":"category","embeddable":true,"href":"https:\/\/grandepremio.com\/br\/wp-json\/wp\/v2\/categories?post=20368"},{"taxonomy":"post_tag","embeddable":true,"href":"https:\/\/grandepremio.com\/br\/wp-json\/wp\/v2\/tags?post=20368"},{"taxonomy":"42wp_author","embeddable":true,"href":"https:\/\/grandepremio.com\/br\/wp-json\/wp\/v2\/42wp_author?post=20368"}],"curies":[{"name":"wp","href":"https:\/\/api.w.org\/{rel}","templated":true}]}}