{"id":20369,"date":"2025-07-04T16:05:52","date_gmt":"2025-07-04T19:05:52","guid":{"rendered":"https:\/\/grandepremio.com\/br\/noticias\/mercedes-relata-superaquecimento-pneus-temperatura-inglaterra-era-esperado\/"},"modified":"2025-07-04T16:09:12","modified_gmt":"2025-07-04T19:09:12","slug":"mercedes-relata-superaquecimento-pneus-temperatura-inglaterra-era-esperado","status":"publish","type":"post","link":"https:\/\/grandepremio.com\/br\/f1\/mercedes-relata-superaquecimento-pneus-temperatura-inglaterra-era-esperado\/","title":{"rendered":"Mercedes relata superaquecimento dos pneus com temperatura na Inglaterra: &#8220;Era esperado&#8221;"},"content":{"rendered":"\n<p class=\"wp-block-paragraph\">Ap\u00f3s o fim do primeiro dia de atividades da <strong>F\u00f3rmula 1<\/strong> em <strong>Silverstone<\/strong>, palco do <strong>GP da Inglaterra<\/strong>, a <strong>Mercedes<\/strong> reconheceu que precisa &#8220;dar um passo \u00e0 frente&#8221; se quiser ser realmente competitiva contra as rivais a partir deste s\u00e1bado (5). <strong>Andrew Shovlin<\/strong>, diretor de engenharia das Flechas de Prata, afirmou que a equipe sofreu muito com o superaquecimento dos pneus traseiros por causa da alta temperatura da pista.<\/p>\n\n\n\n<p class=\"wp-block-paragraph\"><a href=\"https:\/\/www.grandepremio.com\/br\/f1\/noticias\/lewis-hamilton-aproveita-quintal-casa-lidera-tl1-inglaterra-gabriel-bortoleto-erra-fica-20o\/\">No TL1<\/a>, <strong>George Russell<\/strong> anotou 1min27s163 e terminou na quinta posi\u00e7\u00e3o, enquanto <strong>Andrea Kimi Antonelli<\/strong> teve de se contentar com o nono lugar, mais de 0s2 atr\u00e1s do colega de garagem. Algumas horas mais tarde, <a href=\"https:\/\/www.grandepremio.com\/br\/f1\/noticias\/lando-norris-troco-ferrari-lidera-treino-livre-2-gp-inglaterra-gabriel-bortoleto-13o\/\">no TL2<\/a>, o italiano marcou 1min26s383 no cron\u00f4metro e concluiu o dia como o sexto mais r\u00e1pido, \u00e0 frente, inclusive, do brit\u00e2nico, que foi o oitavo colocado.<\/p>\n\n\n\n<p class=\"wp-block-paragraph\">&#8220;\u00c9 sempre bom entrar na pista em Silverstone, a corrida mais pr\u00f3xima de nossas duas f\u00e1bricas em <strong>Brackley<\/strong> e <strong>Brixworth<\/strong>. Saber que muitos de nossos colegas estar\u00e3o nas arquibancadas esta semana torcendo por n\u00f3s no circuito \u00e9 sempre um incentivo extra. Isso nos motiva para o trabalho desta noite, enquanto buscamos encontrar mais desempenho no carro ap\u00f3s uma sexta-feira complicada&#8221;, come\u00e7ou Shovlin ap\u00f3s as atividades.<\/p>\n\n\n\n<p class=\"wp-block-paragraph\">&#8220;Optamos por usar apenas os compostos m\u00e9dios e macios hoje, como a maioria das outras equipes. Conseguimos completar bastante trabalho tanto em voltas r\u00e1pidas quanto em simula\u00e7\u00f5es de corrida, mas fomos limitados pelo superaquecimento dos pneus traseiros&#8221;, continuou.<\/p>\n\n\n\n<figure class=\"wp-block-image size-large\"><img decoding=\"async\" src=\"https:\/\/www.grandepremio.com\/br\/wp-content\/uploads\/2025\/07\/inglaterra-2025-f1-treinos-livres-mercedes-kimi-antonelli-01-1200x800.jpg\" alt=\"\" class=\"wp-image-988168\"\/><figcaption class=\"wp-element-caption\">Mercedes sofreu com o superaquecimento dos pneus nesta sexta-feira (Foto: Mercedes)<\/figcaption><\/figure>\n\n\n\n<p class=\"wp-block-paragraph\">\u25b6\ufe0f <strong>Inscreva-se nos dois canais do GRANDE PR\u00caMIO no YouTube:\u00a0<a href=\"https:\/\/www.youtube.com\/channel\/UC9OlHEgxoaY6QY6nWPoiqQg?sub_confirmation=1\" target=\"_blank\" rel=\"noreferrer noopener\">GP<\/a>\u00a0|\u00a0<a href=\"https:\/\/www.youtube.com\/channel\/UC9csiS6q_C3C0FYhyr1rnFA?sub_confirmation=1\" target=\"_blank\" rel=\"noreferrer noopener\">GP2<\/a><\/strong><br>\u25b6\ufe0f <strong>LEIA TAMB\u00c9M:\u00a0<a href=\"https:\/\/www.grandepremio.com\/br\/f1\/noticias\/gabriel-bortoleto-mais-15-pilotos-todas-mudancas-motor-para-gp-inglaterra-f1\/\">Bortoleto e mais 15 pilotos: todas as mudan\u00e7as no motor para GP da Inglaterra de F1<\/a><\/strong><\/p>\n\n\n\n<p class=\"wp-block-paragraph\">&#8220;Silverstone gera muita energia nos pneus, e vimos temperaturas de pista em torno de 40\u00b0C, ent\u00e3o esse fen\u00f4meno n\u00e3o foi totalmente inesperado, mas acabou sendo nossa principal limita\u00e7\u00e3o nos stints longos, junto com o equil\u00edbrio complicado do carro nas condi\u00e7\u00f5es de vento forte&#8221;, explicou o diretor da Mercedes.<\/p>\n\n\n\n<p class=\"wp-block-paragraph\">&#8220;Precisaremos dar um passo \u00e0 frente durante a noite para conseguir lutar na frente neste fim de semana, e j\u00e1 temos v\u00e1rias \u00e1reas que estamos mirando para isso. Vamos trabalhar com dedica\u00e7\u00e3o na pista e tamb\u00e9m no simulador em Brackley esta noite para buscar avan\u00e7os antes do TL3 e da classifica\u00e7\u00e3o de amanh\u00e3&#8221;, concluiu.<\/p>\n\n\n\n<p class=\"wp-block-paragraph\">A\u00a0<strong><a href=\"https:\/\/www.grandepremio.com\/br\/f1\/\" target=\"_blank\" rel=\"noreferrer noopener\"><\/a><a href=\"https:\/\/www.grandepremio.com\/br\/f1\/\" target=\"_blank\" rel=\"noreferrer noopener\">F\u00f3rmula 1<\/a><\/strong>\u00a0retorna neste fim de semana, de 4 a 6 de julho,<strong>\u00a0em Silverstone<\/strong>, 12\u00aa etapa da temporada 2025. O\u00a0<strong>GRANDE PR\u00caMIO<\/strong>\u00a0acompanha todas as atividades\u00a0<strong><a href=\"https:\/\/www.grandepremio.com\/br\/f1\/ao-vivo\" target=\"_blank\" rel=\"noreferrer noopener\">AO VIVO E EM\u00a0<\/a><a href=\"https:\/\/www.grandepremio.com\/br\/ao-vivo\/\" target=\"_blank\" rel=\"noreferrer noopener\">TEMPO REAL<\/a><\/strong>, al\u00e9m de classifica\u00e7\u00e3o e corrida em\u00a0<strong><a href=\"https:\/\/www.youtube.com\/@GrandePremio1\/streams\" target=\"_blank\" rel=\"noreferrer noopener\">SEGUNDA TELA no YouTube<\/a><\/strong>, em parceria com a Voz do Esporte. O\u00a0<strong>Briefing<\/strong>\u00a0chega para analisar ap\u00f3s o fim de cada dia de atividades nas redes sociais e na GPTV.<\/p>\n\n\n\n<p class=\"wp-block-paragraph\">Al\u00e9m da cobertura tradicional, o\u00a0<strong>GRANDE PR\u00caMIO<\/strong>\u00a0estar\u00e1\u00a0<strong>IN LOCO<\/strong>\u00a0em\u00a0<strong><a href=\"https:\/\/www.grandepremio.com\/br\/circuito\/silverstone\/\" target=\"_blank\" rel=\"noreferrer noopener\">Silverstone<\/a>\u00a0<\/strong>para acompanhar todas as emo\u00e7\u00f5es da etapa com o rep\u00f3rter\u00a0<strong>Leonid Kliuev<\/strong>.<\/p>\n\n\n\n<p class=\"wp-block-paragraph\"><strong>GP da Inglaterra de F1: veja os hor\u00e1rios em Brasil, Cabo Verde,\u00a0<a href=\"https:\/\/grandepremio.pt\/\" target=\"_blank\" rel=\"noreferrer noopener\">Portugal<\/a>, Angola e Mo\u00e7ambique:<\/strong><\/p>\n\n\n\n<figure class=\"wp-block-table\"><table class=\"has-fixed-layout\"><tbody><tr><td><strong>Sess\u00e3o<\/strong><\/td><td><strong>BRA*<\/strong><\/td><td><strong>CBV<\/strong><\/td><td><strong>POR<\/strong><br><strong>ANG<\/strong><\/td><td><strong>MOZ<\/strong><\/td><\/tr><tr><td>Treino livre 3<\/td><td>07:30<\/td><td>09:30<\/td><td>11:30<\/td><td>12:30<\/td><\/tr><tr><td>Classifica\u00e7\u00e3o<\/td><td>11:00<\/td><td>13:00<\/td><td>15:00<\/td><td>16:00<\/td><\/tr><tr><td>Corrida<\/td><td>11:00<\/td><td>13:00<\/td><td>15:00<\/td><td>16:00<\/td><\/tr><\/tbody><\/table><\/figure>\n\n\n\n<p class=\"wp-block-paragraph\"><em>*Hor\u00e1rios de Bras\u00edlia<\/em><\/p>\n\n\n\n<figure class=\"wp-block-embed is-type-video is-provider-youtube wp-block-embed-youtube wp-embed-aspect-16-9 wp-has-aspect-ratio\"><div class=\"wp-block-embed__wrapper\">\n<iframe loading=\"lazy\" title=\"NORRIS LIDERA, FERRARI ENTRA NA BRIGA, BORTOLETO \u00c9 13\u00ba: A F1 NA INGLATERRA | BRIEFING\" width=\"500\" height=\"281\" src=\"https:\/\/www.youtube.com\/embed\/ZNV_j35tUGQ?feature=oembed\" frameborder=\"0\" allow=\"accelerometer; autoplay; clipboard-write; encrypted-media; gyroscope; picture-in-picture; web-share\" referrerpolicy=\"strict-origin-when-cross-origin\" allowfullscreen><\/iframe>\n<\/div><\/figure>\n","protected":false},"excerpt":{"rendered":"<p>Diretor de engenharia da Mercedes, Andrew Shovlin reconheceu que a equipe tem muito trabalho a fazer durante a noite se quiser ser competitiva na classifica\u00e7\u00e3o deste s\u00e1bado (5)<\/p>\n","protected":false},"author":0,"featured_media":1000988303,"comment_status":"closed","ping_status":"closed","sticky":false,"template":"","format":"standard","meta":{"42wp_featured_image_caption":"","42wp_featured_image_credits":"","42wp_featured_video":"","42wp_featured_image_hidden":false,"42wp_authors_list":[],"footnotes":""},"categories":[2],"tags":[27861,5157,26271,5273,147,3630,180,3628,800,1505,40176,1491,28285,30840,44066,4361,82,35129,3632,44058,31927,42001],"42wp_author":[47160],"class_list":["post-20369","post","type-post","status-publish","format-standard","has-post-thumbnail","hentry","category-f1","tag-andrea-kimi-antonelli","tag-andrew-shovlin","tag-calendario-f1","tag-classificacao-f1","tag-f1","tag-f1-2025","tag-formula-1","tag-formula-1-2025","tag-george-russell","tag-gp-da-inglaterra","tag-gp-da-inglaterra-f1","tag-grande-premio","tag-grandepremio","tag-horarios-f1","tag-inglaterra-2025","tag-inglaterra-f1","tag-mercedes","tag-onde-assistir-f1","tag-silverstone","tag-silverstone-2025","tag-silverstone-f1","tag-temporada-2025-f1","42wp_author-vicente-soella"],"_links":{"self":[{"href":"https:\/\/grandepremio.com\/br\/wp-json\/wp\/v2\/posts\/20369","targetHints":{"allow":["GET"]}}],"collection":[{"href":"https:\/\/grandepremio.com\/br\/wp-json\/wp\/v2\/posts"}],"about":[{"href":"https:\/\/grandepremio.com\/br\/wp-json\/wp\/v2\/types\/post"}],"replies":[{"embeddable":true,"href":"https:\/\/grandepremio.com\/br\/wp-json\/wp\/v2\/comments?post=20369"}],"version-history":[{"count":0,"href":"https:\/\/grandepremio.com\/br\/wp-json\/wp\/v2\/posts\/20369\/revisions"}],"wp:featuredmedia":[{"embeddable":true,"href":"https:\/\/grandepremio.com\/br\/wp-json\/wp\/v2\/media\/1000988303"}],"wp:attachment":[{"href":"https:\/\/grandepremio.com\/br\/wp-json\/wp\/v2\/media?parent=20369"}],"wp:term":[{"taxonomy":"category","embeddable":true,"href":"https:\/\/grandepremio.com\/br\/wp-json\/wp\/v2\/categories?post=20369"},{"taxonomy":"post_tag","embeddable":true,"href":"https:\/\/grandepremio.com\/br\/wp-json\/wp\/v2\/tags?post=20369"},{"taxonomy":"42wp_author","embeddable":true,"href":"https:\/\/grandepremio.com\/br\/wp-json\/wp\/v2\/42wp_author?post=20369"}],"curies":[{"name":"wp","href":"https:\/\/api.w.org\/{rel}","templated":true}]}}