{"id":20396,"date":"2025-07-04T11:45:28","date_gmt":"2025-07-04T14:45:28","guid":{"rendered":"https:\/\/grandepremio.com\/br\/noticias\/will-power-mantem-foco-sequencia-indy-admite-sonho-com-nascar-quero-tentar\/"},"modified":"2025-07-04T17:16:23","modified_gmt":"2025-07-04T20:16:23","slug":"will-power-mantem-foco-sequencia-indy-admite-sonho-com-nascar-quero-tentar","status":"publish","type":"post","link":"https:\/\/grandepremio.com\/br\/indy\/will-power-mantem-foco-sequencia-indy-admite-sonho-com-nascar-quero-tentar\/","title":{"rendered":"Power mant\u00e9m foco em sequ\u00eancia na Indy, mas admite sonho com Nascar: &#8220;Quero tentar&#8221;"},"content":{"rendered":"\n<p class=\"wp-block-paragraph\"><strong>Will Power<\/strong> ainda n\u00e3o tem definido seu futuro para a <strong>temporada de 2026<\/strong>, j\u00e1 que seu contrato com a <strong>Penske<\/strong> se encerra ao fim do campeonato deste ano. Apesar de refor\u00e7ar que o foco \u00e9 permanecer na <strong>Indy<\/strong>, o australiano se mostrou aberto a competir em outras categorias, principalmente na <strong>Nascar<\/strong>, nem que seja somente por uma prova.<\/p>\n\n\n\n<p class=\"wp-block-paragraph\">&#8220;Gostaria de fazer um oval apenas para sentir como \u00e9. Certamente ser\u00e1 muito dif\u00edcil para mim s\u00f3 pelo carro, que seria diferente. Mas gostaria de tentar&#8221;, disse Power ao podcast Stacking Pennies.<\/p>\n\n\n\n<p class=\"wp-block-paragraph\">Sem contrato com a Penske para 2026, Power brincou sobre a possibilidade de ser op\u00e7\u00e3o na Nascar \u2014 o australiano admitiu que chegou a falar com Roger Penske, dono do time, sobre ter uma chance na categoria de stock car nos <strong>Estados Unidos<\/strong>. Na sequ\u00eancia, revelou que recebeu uma sondagem para correr na etapa de <strong>Portland<\/strong> da <strong>Xfinity<\/strong>, que coincide com o fim de semana da decis\u00e3o da Indy, em Nashville, nos dias 30 e 31 de agosto.<\/p>\n\n\n\n<p class=\"wp-block-paragraph\">&#8220;N\u00e3o [sobre pedir uma tentativa na Nascar para Roger Penske], estou apenas tentando manter meu lugar&#8221;, brincou Power. &#8220;Conversei, sim. Tem de fazer sentido para ele, pois n\u00e3o v\u00e3o te colocar em um carro apenas para divers\u00e3o&#8221;, continuou.<\/p>\n\n\n\n<figure class=\"wp-block-image size-large\"><img decoding=\"async\" src=\"https:\/\/www.grandepremio.com\/br\/wp-content\/uploads\/2025\/05\/Will-Power-Chevrolet-Detroit-Grand-Prix-By_-Joe-Skibinski_Large-Image-Without-Watermark_m133550-1-1200x800.jpg\" alt=\"\" class=\"wp-image-975800\"\/><figcaption class=\"wp-element-caption\">Will Power (Foto: IndyCar)<\/figcaption><\/figure>\n\n\n\n<p class=\"wp-block-paragraph\">&#8220;Algu\u00e9m me mandou uma mensagem recentemente, perguntando o que faria no fim de semana de Portland. N\u00e3o lembro qual equipe, mas da Xfinity. Toparia, pois amo a Nascar&#8221;, completou.<\/p>\n\n\n\n<p class=\"wp-block-paragraph\">Power ressaltou que o foco se mant\u00e9m em prosseguir na Indy, mas continuou deixando as portas abertas para correr na Nascar, independente da categoria.<\/p>\n\n\n\n<p class=\"wp-block-paragraph\">\u201cSim, faria isso [correr na Nascar], mas tenho me mantido muito focado [em seguir na Indy]. Tive oportunidades fora, mas preferi continuar na minha \u00e1rea e me concentrar ao m\u00e1ximo em vencer corridas e campeonatos da Indy. Dar o meu melhor nisso e n\u00e3o me dispersar de forma alguma&#8221;, frisou Power.<\/p>\n\n\n\n<p class=\"wp-block-paragraph\">&#8220;Amaria fazer uma corrida na Nascar, at\u00e9 mesmo na Truck Series. Ir l\u00e1 e disputar uma prova de truck. Parece incr\u00edvel\u201d, finalizou.<\/p>\n\n\n\n<p class=\"wp-block-paragraph\">O GP de&nbsp;<a href=\"https:\/\/www.grandepremio.com\/br\/circuito\/mid-ohio\/\" target=\"_blank\" rel=\"noreferrer noopener\">Mid-Ohio<\/a>&nbsp;acontece neste domingo (6) no circuito localizado em Lexington, Ohio. \u00c9 a 10\u00aa de 17 etapas da temporada 2025 da&nbsp;<a href=\"https:\/\/www.grandepremio.com\/formula-indy\/\" target=\"_blank\" rel=\"noreferrer noopener\">Indy<\/a>.<\/p>\n\n\n\n<p class=\"wp-block-paragraph\"><strong>\u25b6\ufe0f&nbsp;Inscreva-se nos dois canais do GRANDE PR\u00caMIO no YouTube:&nbsp;<a href=\"https:\/\/www.youtube.com\/channel\/UC9OlHEgxoaY6QY6nWPoiqQg?sub_confirmation=1\" target=\"_blank\" rel=\"noreferrer noopener\">GP<\/a>&nbsp;|&nbsp;<a href=\"https:\/\/www.youtube.com\/channel\/UC9csiS6q_C3C0FYhyr1rnFA?sub_confirmation=1\" target=\"_blank\" rel=\"noreferrer noopener\">GP2<\/a><\/strong><br><strong>LEIA MAIS:&nbsp;<a href=\"https:\/\/www.grandepremio.com\/br\/indy\/noticias\/honda-patrocina-andretti-lanca-pintura-especial-kyle-kirkwood-gp-de-mid-ohio\/\">Honda patrocina Andretti e lan\u00e7a pintura especial para Kirkwood no GP de Mid-Ohio<\/a><\/strong><\/p>\n\n\n\n<p class=\"wp-block-paragraph\">Confira a seguir a programa\u00e7\u00e3o completa, com hor\u00e1rios de&nbsp;<a href=\"https:\/\/formula1aovivo.com\/\" target=\"_blank\" rel=\"noreferrer noopener\">transmiss\u00e3o<\/a>&nbsp;e onde assistir \u00e0s atividades nos pa\u00edses de l\u00edngua portuguesa do GP de&nbsp;<a href=\"https:\/\/www.grandepremio.com\/br\/circuito\/mid-ohio\/\" target=\"_blank\" rel=\"noreferrer noopener\">Mid-Ohio<\/a>.<\/p>\n\n\n\n<figure class=\"wp-block-table\"><table class=\"has-fixed-layout\"><tbody><tr><td>Sess\u00e3o<\/td><td>BRA*<\/td><td>CBV<\/td><td>POR | ANG<\/td><td>MOZ<\/td><\/tr><tr><td>TL1 (04\/07)<\/td><td>17:30<\/td><td>19:30<\/td><td>21:30<\/td><td>20:30<\/td><\/tr><tr><td>TL2 (05\/07)<\/td><td>11:30<\/td><td>13:30<\/td><td>15:30<\/td><td>14:30<\/td><\/tr><tr><td>Classifica\u00e7\u00e3o (05\/07)<\/td><td>15:30<\/td><td>17:30<\/td><td>19:30<\/td><td>18:30<\/td><\/tr><tr><td>Warm-up (06\/07)<\/td><td>10:30<\/td><td>12:30<\/td><td>14:30<\/td><td>13:30<\/td><\/tr><tr><td>Corrida (06\/07)<\/td><td>14:00<\/td><td>16:00<\/td><td>18:00<\/td><td>17:00<\/td><\/tr><\/tbody><\/table><\/figure>\n\n\n\n<p class=\"wp-block-paragraph\"> <em>* hor\u00e1rio de Bras\u00edlia [GMT -3]<\/em><\/p>\n\n\n\n<p class=\"wp-block-paragraph\"><strong>Onde assistir ao GP de&nbsp;<a href=\"https:\/\/www.grandepremio.com\/br\/circuito\/mid-ohio\/\" target=\"_blank\" rel=\"noreferrer noopener\">Mid-Ohio<\/a>&nbsp;no Brasil,&nbsp;<a href=\"https:\/\/grandepremio.pt\/\" target=\"_blank\" rel=\"noreferrer noopener\">Portugal<\/a>&nbsp;e \u00c1frica<\/strong><\/p>\n\n\n\n<figure class=\"wp-block-table\"><table class=\"has-fixed-layout\"><tbody><tr><td>Brasil<\/td><td>TV Cultura, ESPN e Disney +<\/td><\/tr><tr><td>\u00c1frica<\/td><td>SuperSport e Canal+<\/td><\/tr><tr><td>Portugal<\/td><td>Sport TV<\/td><\/tr><\/tbody><\/table><\/figure>\n\n\n\n<p class=\"wp-block-paragraph\"><\/p>\n","protected":false},"excerpt":{"rendered":"<p>Will Power declarou ter recebido sondagem e revela interesse em fazer ao menos uma corrida na Nascar, independente da categoria<\/p>\n","protected":false},"author":0,"featured_media":1000983123,"comment_status":"closed","ping_status":"closed","sticky":false,"template":"","format":"standard","meta":{"42wp_featured_image_caption":"","42wp_featured_image_credits":"","42wp_featured_video":"","42wp_featured_image_hidden":false,"42wp_authors_list":[],"footnotes":""},"categories":[3],"tags":[2980,5012,9828,417,20272,2908,28552,231,6133,1824,831,3753,41085,14640,3837,796,147,3630,3144,176,26800,39174,180,619,322,1595,1826,43645,3622,5100,25472,1491,28285,267,130,35361,2561,2555,93,39054,232,43021,18728,94,4717,39052,43910,1555,4157,31343,3201,39053,35179,1569,34788,39496,90,1782,4166,2140,31549,25714,645,29784,27380,265,349,1820,4156,3838,1869,1245,733,830,732,266,9944,321,2052,43992,29512,33231,1819,3133],"42wp_author":[47155],"class_list":["post-20396","post","type-post","status-publish","format-standard","has-post-thumbnail","hentry","category-indy","tag-500-milhas-indianapolis","tag-al-unser-jr","tag-alex-palou","tag-andretti","tag-brad-hollinger","tag-bump-day","tag-calendario-indy","tag-chevrolet","tag-classificacao-indy","tag-conor-daly","tag-dale-coyne","tag-dallara","tag-dan-towriss","tag-doug-boles","tag-elkhart-lake","tag-emerson-fittipaldi","tag-f1","tag-f1-2025","tag-felix-rosenqvist","tag-fernando-alonso","tag-fora-2","tag-fora-da-corrida","tag-formula-1","tag-formula-indy","tag-foyt","tag-ganassi","tag-gateway","tag-gp-da-gateway","tag-gp-de-mid-ohio","tag-gp-de-monaco","tag-gp-de-road-america","tag-grande-premio","tag-grandepremio","tag-helio-castroneves","tag-honda","tag-horarios-indy","tag-indianapolis","tag-indianapolis-motor-speedway","tag-indy","tag-indy-2025","tag-indy-500","tag-indy-ao-vivo-gratis","tag-indy-em-mid-ohio","tag-indycar","tag-jacob-abel","tag-joao-vergara","tag-jonathan-diuguid","tag-josef-newgarden","tag-juncos","tag-juncos-hollinger","tag-kyle-larson","tag-leonardo-escorpioni","tag-lucas-fecury","tag-marcus-ericsson","tag-max-garcia","tag-max-taylor","tag-mclaren","tag-meyer-shank","tag-mid-ohio","tag-monaco","tag-nicholas-monteiro","tag-nolan-siegel","tag-novo-carro","tag-onde-assistir-indy","tag-pato-oward-3","tag-penske","tag-prema","tag-pro-2000","tag-ricardo-juncos","tag-road-america","tag-robert-shwartzman","tag-roger-penske","tag-ryan-briscoe","tag-santino-ferrucci","tag-scott-dixon","tag-scott-mclaughlin","tag-tim-cindric","tag-tony-kanaan","tag-treino-livre-1","tag-usf","tag-usf-juniors","tag-usf-pro-2000","tag-usf2000","tag-will-power","42wp_author-daniel-balsa"],"_links":{"self":[{"href":"https:\/\/grandepremio.com\/br\/wp-json\/wp\/v2\/posts\/20396","targetHints":{"allow":["GET"]}}],"collection":[{"href":"https:\/\/grandepremio.com\/br\/wp-json\/wp\/v2\/posts"}],"about":[{"href":"https:\/\/grandepremio.com\/br\/wp-json\/wp\/v2\/types\/post"}],"replies":[{"embeddable":true,"href":"https:\/\/grandepremio.com\/br\/wp-json\/wp\/v2\/comments?post=20396"}],"version-history":[{"count":0,"href":"https:\/\/grandepremio.com\/br\/wp-json\/wp\/v2\/posts\/20396\/revisions"}],"wp:featuredmedia":[{"embeddable":true,"href":"https:\/\/grandepremio.com\/br\/wp-json\/wp\/v2\/media\/1000983123"}],"wp:attachment":[{"href":"https:\/\/grandepremio.com\/br\/wp-json\/wp\/v2\/media?parent=20396"}],"wp:term":[{"taxonomy":"category","embeddable":true,"href":"https:\/\/grandepremio.com\/br\/wp-json\/wp\/v2\/categories?post=20396"},{"taxonomy":"post_tag","embeddable":true,"href":"https:\/\/grandepremio.com\/br\/wp-json\/wp\/v2\/tags?post=20396"},{"taxonomy":"42wp_author","embeddable":true,"href":"https:\/\/grandepremio.com\/br\/wp-json\/wp\/v2\/42wp_author?post=20396"}],"curies":[{"name":"wp","href":"https:\/\/api.w.org\/{rel}","templated":true}]}}