{"id":20429,"date":"2025-07-03T13:23:03","date_gmt":"2025-07-03T16:23:03","guid":{"rendered":"https:\/\/grandepremio.com\/br\/noticias\/fernando-alonso-afirma-ser-melhor-piloto-grid-apos-duelo-gabriel-bortoleto-agora-tenho-certeza\/"},"modified":"2025-07-03T13:30:55","modified_gmt":"2025-07-03T16:30:55","slug":"fernando-alonso-afirma-ser-melhor-piloto-grid-apos-duelo-gabriel-bortoleto-agora-tenho-certeza","status":"publish","type":"post","link":"https:\/\/grandepremio.com\/br\/f1\/fernando-alonso-afirma-ser-melhor-piloto-grid-apos-duelo-gabriel-bortoleto-agora-tenho-certeza\/","title":{"rendered":"Alonso afirma ser &#8220;melhor piloto do grid&#8221; ap\u00f3s duelo com Bortoleto: &#8220;Agora tenho certeza&#8221;"},"content":{"rendered":"\n<p class=\"wp-block-paragraph\"><strong>Fernando Alonso<\/strong> esmiu\u00e7ou a disputa que teve com <strong>Gabriel Bortoleto<\/strong> no <strong>GP da \u00c1ustria<\/strong>, quando levou a melhor sobre o brasileiro e terminou com a s\u00e9tima posi\u00e7\u00e3o na prova da semana passada. Ap\u00f3s detalhar a boa luta contra o representante da <strong>Sauber<\/strong>, o espanhol foi questionado se era o piloto com maior habilidade no grid da <strong>F\u00f3rmula 1<\/strong> e n\u00e3o titubeou ao afirmar que sim.<\/p>\n\n\n\n<p class=\"wp-block-paragraph\">Em entrevista coletiva acompanhada pelo <strong>GRANDE PR\u00caMIO<\/strong> em <strong>Silverstone<\/strong>, palco do <strong>GP da Inglaterra<\/strong> deste fim de semana, Alonso revelou que a batalha n\u00e3o foi a primeira com Bortoleto. O espanhol e o brasileiro j\u00e1 disputaram em outras ocasi\u00f5es que n\u00e3o vieram a p\u00fablico, como no kart e no simulador.<\/p>\n\n\n\n<p class=\"wp-block-paragraph\">&#8220;Foi boa. Tive sorte ali com as bandeiras azuis. Acho que sem elas, n\u00e3o teria chance de segur\u00e1-lo por mais duas ou tr\u00eas curvas. Aquilo foi o m\u00e1ximo que tinha. Com as bandeiras azuis, ganhei aquela meia volta extra. E tamb\u00e9m era a volta final da corrida e vimos a bandeira quadriculada. Foi uma boa combina\u00e7\u00e3o para mim. Mas sim, a luta foi boa&#8221;, falou Alonso.<\/p>\n\n\n\n<p class=\"wp-block-paragraph\"><strong>\u25b6\ufe0f<\/strong>\u00a0<strong>Inscreva-se nos dois canais do GRANDE PR\u00caMIO no YouTube:\u00a0<a href=\"https:\/\/www.youtube.com\/channel\/UC9OlHEgxoaY6QY6nWPoiqQg?sub_confirmation=1\" target=\"_blank\" rel=\"noreferrer noopener\">GP<\/a>\u00a0|\u00a0<a href=\"https:\/\/www.youtube.com\/channel\/UC9csiS6q_C3C0FYhyr1rnFA?sub_confirmation=1\" target=\"_blank\" rel=\"noreferrer noopener\">GP2<\/a><\/strong><br>\u25b6\ufe0f\u00a0<strong>LEIA TAMB\u00c9M:\u00a0<a href=\"https:\/\/www.grandepremio.com\/br\/f1\/noticias\/fernando-alonso-exalta-trabalho-incrivel-gabriel-bortoleto-f1-crava-e-melhor-desta-geracao\/\">Alonso exalta \u201ctrabalho incr\u00edvel\u201d de Bortoleto na F1 e crava: \u201c\u00c9 o melhor desta gera\u00e7\u00e3o\u201d<\/a><\/strong><\/p>\n\n\n\n<figure class=\"wp-block-image size-large\"><img decoding=\"async\" src=\"https:\/\/www.grandepremio.com\/br\/wp-content\/uploads\/2025\/07\/inglaterra-2025-f1-quinta-feira-aston-martin-fernando-alonso-02-1200x800.jpg\" alt=\"\" class=\"wp-image-987886\"\/><figcaption class=\"wp-element-caption\">Fernando Alonso (Foto: Aston Martin)<\/figcaption><\/figure>\n\n\n\n<p class=\"wp-block-paragraph\">&#8220;Algumas curvas lado a lado, sempre com respeito. J\u00e1 corremos algumas vezes assim nos karts e no simulador, quando fazemos sess\u00f5es juntos e coisas do tipo. Ent\u00e3o foi uma r\u00e9plica daquilo. E desta vez fui eu quem cruzou a linha primeiro, o que me d\u00e1 alguma satisfa\u00e7\u00e3o&#8221;, frisou Alonso.<\/p>\n\n\n\n<p class=\"wp-block-paragraph\">Na sequ\u00eancia, Alonso foi questionado se era o melhor piloto em termos de habilidade, o espanhol n\u00e3o titubeou na resposta: &#8220;Eu era. Agora tenho certeza&#8221;, finalizou Alonso.<\/p>\n\n\n\n<p class=\"wp-block-paragraph\">A\u00a0<strong><a href=\"https:\/\/www.grandepremio.com\/br\/f1\/\" target=\"_blank\" rel=\"noreferrer noopener\"><\/a><a href=\"https:\/\/www.grandepremio.com\/br\/f1\/\" target=\"_blank\" rel=\"noreferrer noopener\">F\u00f3rmula 1<\/a><\/strong>\u00a0retorna neste fim de semana, de 4 a 6 de julho,<strong>\u00a0em Silverstone<\/strong>, 12\u00aa etapa da temporada 2025. O\u00a0<strong>GRANDE PR\u00caMIO<\/strong>\u00a0acompanha todas as atividades\u00a0<strong><a href=\"https:\/\/www.grandepremio.com\/br\/f1\/ao-vivo\" target=\"_blank\" rel=\"noreferrer noopener\">AO VIVO E EM\u00a0<\/a><a href=\"https:\/\/www.grandepremio.com\/br\/ao-vivo\/\" target=\"_blank\" rel=\"noreferrer noopener\">TEMPO REAL<\/a><\/strong>, al\u00e9m de classifica\u00e7\u00e3o e corrida em\u00a0<strong><a href=\"https:\/\/www.youtube.com\/@GrandePremio1\/streams\" target=\"_blank\" rel=\"noreferrer noopener\">SEGUNDA TELA no YouTube<\/a><\/strong>, em parceria com a Voz do Esporte. O\u00a0<strong>Briefing<\/strong>\u00a0chega para analisar ap\u00f3s o fim de cada dia de atividades nas redes sociais e na GPTV.Al\u00e9m da cobertura tradicional, o\u00a0<strong>GRANDE PR\u00caMIO<\/strong>\u00a0estar\u00e1\u00a0<strong>IN LOCO<\/strong>\u00a0em\u00a0<strong><a href=\"https:\/\/www.grandepremio.com\/br\/circuito\/silverstone\/\" target=\"_blank\" rel=\"noreferrer noopener\">Silverstone<\/a>\u00a0<\/strong>para acompanhar todas as emo\u00e7\u00f5es da etapa com o rep\u00f3rter\u00a0<strong>Leonid Kliuev<\/strong>.<\/p>\n\n\n\n<p class=\"wp-block-paragraph\"><strong>GP da Inglaterra de F1: veja os hor\u00e1rios em Brasil, Cabo Verde,\u00a0<a href=\"https:\/\/grandepremio.pt\/\" target=\"_blank\" rel=\"noreferrer noopener\">Portugal<\/a>, Angola e Mo\u00e7ambique:<\/strong><\/p>\n\n\n\n<figure class=\"wp-block-table\"><table class=\"has-fixed-layout\"><tbody><tr><td><strong>Sess\u00e3o<\/strong><\/td><td><strong>BRA*<\/strong><\/td><td><strong>CBV<\/strong><\/td><td><strong>POR<\/strong><br><strong>ANG<\/strong><\/td><td><strong>MOZ<\/strong><\/td><\/tr><tr><td>Treino livre 1<\/td><td>08:30<\/td><td>10:30<\/td><td>12:30<\/td><td>13:30<\/td><\/tr><tr><td>Treino livre 2<\/td><td>12:00<\/td><td>14:00<\/td><td>16:00<\/td><td>17:00<\/td><\/tr><tr><td>Treino livre 3<\/td><td>07:30<\/td><td>09:30<\/td><td>11:30<\/td><td>12:30<\/td><\/tr><tr><td>Classifica\u00e7\u00e3o<\/td><td>11:00<\/td><td>13:00<\/td><td>15:00<\/td><td>16:00<\/td><\/tr><tr><td>Corrida<\/td><td>11:00<\/td><td>13:00<\/td><td>15:00<\/td><td>16:00<\/td><\/tr><\/tbody><\/table><\/figure>\n\n\n\n<figure class=\"wp-block-embed is-type-video is-provider-youtube wp-block-embed-youtube wp-embed-aspect-16-9 wp-has-aspect-ratio\"><div class=\"wp-block-embed__wrapper\">\n<iframe loading=\"lazy\" title=\"MERCEDES AVAN\u00c7A POR VERSTAPPEN MESMO? E CADILLAC VAI \u00c0 LUA PELA F1 | TTGP #186\" width=\"500\" height=\"281\" src=\"https:\/\/www.youtube.com\/embed\/Ix0r23tnNPo?feature=oembed\" frameborder=\"0\" allow=\"accelerometer; autoplay; clipboard-write; encrypted-media; gyroscope; picture-in-picture; web-share\" referrerpolicy=\"strict-origin-when-cross-origin\" allowfullscreen><\/iframe>\n<\/div><\/figure>\n","protected":false},"excerpt":{"rendered":"<p>Fernando Alonso n\u00e3o titubeou ao ser questionado e afirmou ser o piloto com mais habilidade no atual grid da F\u00f3rmula 1<\/p>\n","protected":false},"author":0,"featured_media":1000987885,"comment_status":"closed","ping_status":"closed","sticky":false,"template":"","format":"standard","meta":{"42wp_featured_image_caption":"","42wp_featured_image_credits":"","42wp_featured_video":"","42wp_featured_image_hidden":false,"42wp_authors_list":[],"footnotes":""},"categories":[2],"tags":[26271,5273,147,3630,176,180,3628,350,1505,40176,1491,28285,30840,897,44066,4361,35129,3632,44058,31927,42001],"42wp_author":[47155,47165],"class_list":["post-20429","post","type-post","status-publish","format-standard","has-post-thumbnail","hentry","category-f1","tag-calendario-f1","tag-classificacao-f1","tag-f1","tag-f1-2025","tag-fernando-alonso","tag-formula-1","tag-formula-1-2025","tag-gabriel-bortoleto","tag-gp-da-inglaterra","tag-gp-da-inglaterra-f1","tag-grande-premio","tag-grandepremio","tag-horarios-f1","tag-inglaterra","tag-inglaterra-2025","tag-inglaterra-f1","tag-onde-assistir-f1","tag-silverstone","tag-silverstone-2025","tag-silverstone-f1","tag-temporada-2025-f1","42wp_author-daniel-balsa","42wp_author-leonid-kluiev"],"_links":{"self":[{"href":"https:\/\/grandepremio.com\/br\/wp-json\/wp\/v2\/posts\/20429","targetHints":{"allow":["GET"]}}],"collection":[{"href":"https:\/\/grandepremio.com\/br\/wp-json\/wp\/v2\/posts"}],"about":[{"href":"https:\/\/grandepremio.com\/br\/wp-json\/wp\/v2\/types\/post"}],"replies":[{"embeddable":true,"href":"https:\/\/grandepremio.com\/br\/wp-json\/wp\/v2\/comments?post=20429"}],"version-history":[{"count":0,"href":"https:\/\/grandepremio.com\/br\/wp-json\/wp\/v2\/posts\/20429\/revisions"}],"wp:featuredmedia":[{"embeddable":true,"href":"https:\/\/grandepremio.com\/br\/wp-json\/wp\/v2\/media\/1000987885"}],"wp:attachment":[{"href":"https:\/\/grandepremio.com\/br\/wp-json\/wp\/v2\/media?parent=20429"}],"wp:term":[{"taxonomy":"category","embeddable":true,"href":"https:\/\/grandepremio.com\/br\/wp-json\/wp\/v2\/categories?post=20429"},{"taxonomy":"post_tag","embeddable":true,"href":"https:\/\/grandepremio.com\/br\/wp-json\/wp\/v2\/tags?post=20429"},{"taxonomy":"42wp_author","embeddable":true,"href":"https:\/\/grandepremio.com\/br\/wp-json\/wp\/v2\/42wp_author?post=20429"}],"curies":[{"name":"wp","href":"https:\/\/api.w.org\/{rel}","templated":true}]}}