{"id":20461,"date":"2025-07-02T11:54:59","date_gmt":"2025-07-02T14:54:59","guid":{"rendered":"https:\/\/grandepremio.com\/br\/noticias\/mclaren-muda-anuncia-pintura-especial-cromada-gp-da-inglaterra-formula-1\/"},"modified":"2025-07-02T18:03:10","modified_gmt":"2025-07-02T21:03:10","slug":"mclaren-muda-anuncia-pintura-especial-cromada-gp-da-inglaterra-formula-1","status":"publish","type":"post","link":"https:\/\/grandepremio.com\/br\/f1\/mclaren-muda-anuncia-pintura-especial-cromada-gp-da-inglaterra-formula-1\/","title":{"rendered":"McLaren muda e anuncia pintura especial cromada para GP da Inglaterra da F1 2025"},"content":{"rendered":"\n<p class=\"wp-block-paragraph\">A <strong>McLaren<\/strong> anunciou na manh\u00e3 desta quarta-feira (2) uma pintura especial para o <strong>GP da Inglaterra<\/strong> de <strong><a href=\"https:\/\/www.grandepremio.com\/br\/f1\/\">F\u00f3rmula 1<\/a><\/strong>, que ser\u00e1 disputado nos pr\u00f3ximos dias. A cara ser\u00e1 amplamente nova, deixando o tradicional laranja-papaia para tr\u00e1s e apostando num <strong>look cromado<\/strong>.<\/p>\n\n\n\n<p class=\"wp-block-paragraph\">A pintura \u00e9 um abra\u00e7o ao Google Chrome, um dos patrocinadores mais antigos da McLaren, que resolveu apostar na corrida de casa para contar com identidade pr\u00f3pria na pista de Silverstone. <\/p>\n\n\n\n<p class=\"wp-block-paragraph\">A cor nova faz refer\u00eancia aos carros da equipe entre 2007 e 2013, que utilizavam o cromado com alguns detalhes em vermelho.  Foi neste per\u00edodo em que o time de <strong>Woking<\/strong> conquistou o \u00faltimo t\u00edtulo no <strong>Mundial de Pilotos<\/strong>, em 2008, com <strong>Lewis Hamilton<\/strong>.<\/p>\n\n\n\n<p class=\"wp-block-paragraph\">A McLaren fez um evento em Londres para divulgar a pintura para o GP da Inglaterra. <strong>Louise McEwen<\/strong>, diretora de marketing da equipe, comentou que a diferen\u00e7a entre novos e antigos f\u00e3s do esporte foi um dos principais motivos que levaram ao conceito. &#8220;Sabemos que, embora tenhamos milh\u00f5es de f\u00e3s que acompanham a McLaren na<strong> F\u00f3rmula 1<\/strong> h\u00e1 d\u00e9cadas, h\u00e1 outros milh\u00f5es que s\u00e3o novos no esporte e com o time&#8221;, declarou.<\/p>\n\n\n\n<p class=\"wp-block-paragraph\">\u25b6\ufe0f\u00a0<strong>Inscreva-se nos dois canais do GRANDE PR\u00caMIO no YouTube:\u00a0<a href=\"https:\/\/www.youtube.com\/channel\/UC9OlHEgxoaY6QY6nWPoiqQg?sub_confirmation=1\" target=\"_blank\" rel=\"noreferrer noopener\">GP<\/a>\u00a0|\u00a0<a href=\"https:\/\/www.youtube.com\/channel\/UC9csiS6q_C3C0FYhyr1rnFA?sub_confirmation=1\" target=\"_blank\" rel=\"noreferrer noopener\">GP2<\/a><\/strong><\/p>\n\n\n\n<figure class=\"wp-block-image size-full\"><img decoding=\"async\" src=\"https:\/\/www.grandepremio.com\/br\/wp-content\/uploads\/2025\/07\/imagem_2025-07-02_114707157.png\" alt=\"\" class=\"wp-image-987688\"\/><figcaption class=\"wp-element-caption\">O uniforme de Piastri e Norris para a Inglaterra (Foto: McLaren)<\/figcaption><\/figure>\n\n\n\n<p class=\"wp-block-paragraph\">&#8220;Poder comemorar e mostrar nossa longa hist\u00f3ria com a ajuda do Chrome \u00e9 uma maneira fant\u00e1stica de trazer esses novos f\u00e3s para a jornada conosco. Comemorar com tantos de nossos torcedores em Londres nesta semana, enquanto nos preparamos para nossa corrida em casa, torna isso ainda mais especial!&#8221;, destacou.<\/p>\n\n\n\n<p class=\"wp-block-paragraph\">Adrienne Lofton, vice-presidente de produtos globais e marketing integrado do Google, tamb\u00e9m evidenciou a import\u00e2ncia da parceria. &#8220;Temos orgulho de nos juntar \u00e0 McLaren neste evento na Trafalgar Square para revelar a ic\u00f4nica pintura do Chrome. O Google Chrome oferece velocidade e desempenho incompar\u00e1veis \u00e0 McLaren e aos consumidores de todo o mundo. Estamos entusiasmados em ajudar a levar a energia do paddock aos f\u00e3s antes do GP da Inglaterra em Silverstone&#8221;, comentou.<\/p>\n\n\n\n<p class=\"wp-block-paragraph\">A&nbsp;<strong><a href=\"https:\/\/www.grandepremio.com\/br\/f1\/\" target=\"_blank\" rel=\"noreferrer noopener\"><\/a><a href=\"https:\/\/www.grandepremio.com\/br\/f1\/\" target=\"_blank\" rel=\"noreferrer noopener\">F\u00f3rmula 1<\/a><\/strong>&nbsp;retorna de 4 a 6 de julho,<strong>&nbsp;em Silverstone<\/strong>, 12\u00aa etapa da temporada 2025. O&nbsp;<strong>GRANDE PR\u00caMIO<\/strong>&nbsp;acompanha todas as atividades&nbsp;<strong><a href=\"https:\/\/www.grandepremio.com\/br\/f1\/ao-vivo\" target=\"_blank\" rel=\"noreferrer noopener\">AO VIVO E EM&nbsp;<\/a><a href=\"https:\/\/www.grandepremio.com\/br\/ao-vivo\/\" target=\"_blank\" rel=\"noreferrer noopener\">TEMPO REAL<\/a><\/strong>, al\u00e9m de classifica\u00e7\u00e3o e corrida em&nbsp;<strong><a href=\"https:\/\/www.youtube.com\/@GrandePremio1\/streams\" target=\"_blank\" rel=\"noreferrer noopener\">SEGUNDA TELA no YouTube<\/a><\/strong>, em parceria com a Voz do Esporte. O&nbsp;<strong>Briefing<\/strong>&nbsp;chega para analisar ap\u00f3s o fim de cada dia de atividades nas redes sociais e na GPTV.<\/p>\n\n\n\n<p class=\"wp-block-paragraph\">Al\u00e9m da cobertura tradicional, o&nbsp;<strong>GRANDE PR\u00caMIO<\/strong>&nbsp;estar\u00e1&nbsp;<strong>IN LOCO<\/strong>&nbsp;em&nbsp;<strong><a href=\"https:\/\/www.grandepremio.com\/br\/circuito\/silverstone\/\" target=\"_blank\" rel=\"noreferrer noopener\">Silverstone<\/a>&nbsp;<\/strong>para acompanhar todas as emo\u00e7\u00f5es da etapa com o rep\u00f3rter&nbsp;<strong>Leonid Kliuev<\/strong>.<\/p>\n\n\n\n<h2 class=\"wp-block-heading\" id=\"h-gp-da-inglaterra-de-f1-veja-os-horarios-em-brasil-cabo-verde-nbsp-portugal-angola-e-mocambique\"><strong>GP da Inglaterra de F1: veja os hor\u00e1rios em Brasil, Cabo Verde,&nbsp;<a href=\"https:\/\/grandepremio.pt\/\" target=\"_blank\" rel=\"noreferrer noopener\">Portugal<\/a>, Angola e Mo\u00e7ambique:<\/strong><\/h2>\n\n\n\n<figure class=\"wp-block-table\"><table class=\"has-fixed-layout\"><tbody><tr><td><strong>Sess\u00e3o<\/strong><\/td><td><strong>BRA*<\/strong><\/td><td><strong>CBV<\/strong><\/td><td><strong>POR<\/strong><br><strong>ANG<\/strong><\/td><td><strong>MOZ<\/strong><\/td><\/tr><tr><td>Treino livre 1<\/td><td>08:30<\/td><td>10:30<\/td><td>12:30<\/td><td>13:30<\/td><\/tr><tr><td>Treino livre 2<\/td><td>12:00<\/td><td>14:00<\/td><td>16:00<\/td><td>17:00<\/td><\/tr><tr><td>Treino livre 3<\/td><td>07:30<\/td><td>09:30<\/td><td>11:30<\/td><td>12:30<\/td><\/tr><tr><td>Classifica\u00e7\u00e3o<\/td><td>11:00<\/td><td>13:00<\/td><td>15:00<\/td><td>16:00<\/td><\/tr><tr><td>Corrida<\/td><td>11:00<\/td><td>13:00<\/td><td>15:00<\/td><td>16:00<\/td><\/tr><\/tbody><\/table><\/figure>\n\n\n\n<p class=\"wp-block-paragraph\"><em>*Hor\u00e1rio de Bras\u00edlia<\/em><\/p>\n","protected":false},"excerpt":{"rendered":"<p>A McLaren ter\u00e1 roupa nova para o GP da Inglaterra da F\u00f3rmula 1 2025. L\u00edder do campeonato, a equipe anunciou a pintura especial nesta quarta-feira (2)<\/p>\n","protected":false},"author":0,"featured_media":1000987687,"comment_status":"closed","ping_status":"closed","sticky":false,"template":"","format":"standard","meta":{"42wp_featured_image_caption":"","42wp_featured_image_credits":"","42wp_featured_video":"","42wp_featured_image_hidden":false,"42wp_authors_list":[],"footnotes":""},"categories":[2],"tags":[27776,34186,27487,26000,27773,38654,39086,41965,5660,8235,41950,3630,642,31870,11958,31850,41966,40152,1505,40153,547,90,4928,37605,43426,30806,37737,2916,43371,36778,40367,7471],"42wp_author":[47120],"class_list":["post-20461","post","type-post","status-publish","format-standard","has-post-thumbnail","hentry","category-f1","tag-assistir-f1-ao-vivo","tag-assistir-f1-gratis","tag-assistir-f1-online","tag-audiencia-da-tv","tag-audiencia-f1","tag-audiencia-f1-tv","tag-calendario-f1-2025","tag-calendario-f1-2025-horarios","tag-classificacao","tag-classificacao-da-f1","tag-classificacao-f1-2025","tag-f1-2025","tag-f1-ao-vivo","tag-f1-gra-bretanha","tag-f1-live","tag-f1-silverstone","tag-f1-tv-2025","tag-fim-de-semana-inglaterra","tag-gp-da-inglaterra","tag-gp-gra-bretanha","tag-lando-norris","tag-mclaren","tag-mclaren-f1","tag-mclaren-formula-1","tag-norris-2025","tag-norris-f1","tag-norris-formula-1","tag-oscar-piastri","tag-piastri-2025","tag-piastri-f1","tag-piastri-formula-1","tag-pintura-especial","42wp_author-pedro-henrique-marum"],"_links":{"self":[{"href":"https:\/\/grandepremio.com\/br\/wp-json\/wp\/v2\/posts\/20461","targetHints":{"allow":["GET"]}}],"collection":[{"href":"https:\/\/grandepremio.com\/br\/wp-json\/wp\/v2\/posts"}],"about":[{"href":"https:\/\/grandepremio.com\/br\/wp-json\/wp\/v2\/types\/post"}],"replies":[{"embeddable":true,"href":"https:\/\/grandepremio.com\/br\/wp-json\/wp\/v2\/comments?post=20461"}],"version-history":[{"count":0,"href":"https:\/\/grandepremio.com\/br\/wp-json\/wp\/v2\/posts\/20461\/revisions"}],"wp:featuredmedia":[{"embeddable":true,"href":"https:\/\/grandepremio.com\/br\/wp-json\/wp\/v2\/media\/1000987687"}],"wp:attachment":[{"href":"https:\/\/grandepremio.com\/br\/wp-json\/wp\/v2\/media?parent=20461"}],"wp:term":[{"taxonomy":"category","embeddable":true,"href":"https:\/\/grandepremio.com\/br\/wp-json\/wp\/v2\/categories?post=20461"},{"taxonomy":"post_tag","embeddable":true,"href":"https:\/\/grandepremio.com\/br\/wp-json\/wp\/v2\/tags?post=20461"},{"taxonomy":"42wp_author","embeddable":true,"href":"https:\/\/grandepremio.com\/br\/wp-json\/wp\/v2\/42wp_author?post=20461"}],"curies":[{"name":"wp","href":"https:\/\/api.w.org\/{rel}","templated":true}]}}