{"id":20478,"date":"2025-07-02T04:30:00","date_gmt":"2025-07-02T07:30:00","guid":{"rendered":"https:\/\/grandepremio.com\/br\/noticias\/alexander-dunne-admite-surpresa-tl1-forte-austria-garante-objetivo-estar-f1\/"},"modified":"2025-07-02T17:11:32","modified_gmt":"2025-07-02T20:11:32","slug":"alexander-dunne-admite-surpresa-tl1-forte-austria-garante-objetivo-estar-f1","status":"publish","type":"post","link":"https:\/\/grandepremio.com\/br\/f1\/alexander-dunne-admite-surpresa-tl1-forte-austria-garante-objetivo-estar-f1\/","title":{"rendered":"Dunne admite \u201csurpresa\u201d com TL1 forte na \u00c1ustria, mas garante: &#8220;Objetivo \u00e9 estar na F1&#8221;"},"content":{"rendered":"\n<p class=\"wp-block-paragraph\"><strong>Alexander Dunne<\/strong> fez o <a href=\"https:\/\/www.grandepremio.com\/br\/f1\/noticias\/melhor-dia-minha-vida-alex-dunne-agradece-mclaren-estreia-formula-1-tl1-austria\/\">TL1 no <strong>GP da \u00c1ustria<\/strong><\/a> no lugar de <strong>Lando Norris<\/strong> na <strong>McLaren<\/strong> e surpreendeu ao conquistar o quarto lugar na sess\u00e3o. Al\u00e9m disso, o jovem de 19 anos est\u00e1 na briga pelo t\u00edtulo da temporada 2025 da <strong>F\u00f3rmula 2<\/strong> e diz que a meta \u00e9 alcan\u00e7ar a categoria principal. Ele tamb\u00e9m admitiu surpresa com a estreia pela equipe papaia.<\/p>\n\n\n\n<p class=\"wp-block-paragraph\">O irland\u00eas se juntou ao programa de jovens pilotos da McLaren no ano passado e j\u00e1 teve a oportunidade de pilotar em um carro atual da equipe. \u201cAs coisas aconteceram muito r\u00e1pido, especialmente com a reviravolta do ano passado\u201d, iniciou Dunne. &#8220;Uma coisa de que me orgulho \u00e9 o fato de que, mesmo quando as coisas estavam dif\u00edceis, tentei ao m\u00e1ximo manter a calma e a confian\u00e7a e tentar continuar trabalhando naquilo que sabia que era capaz de fazer\u201d, seguiu.<\/p>\n\n\n\n<p class=\"wp-block-paragraph\">\u201cEste ano mostra que tudo voltou ao normal. Estou muito feliz com as oportunidades que a McLaren me deu e, tamb\u00e9m, com o andamento da F2&#8243;, declarou. Apesar da boa temporada na categoria de base, Alexander teve altos e baixos no campeonato. Em <strong>M\u00f4naco<\/strong>, causou um <a href=\"https:\/\/www.grandepremio.com\/br\/video\/f2\/alex-dunne-acerta-victor-martins-curva-1-causa-big-one-corrida-principal-f2-monaco\/\">acidente envolvendo nada menos que 11 carros no in\u00edcio da prova<\/a>, o que levou a <a href=\"https:\/\/www.grandepremio.com\/br\/f2\/noticias\/alex-dunne-recebeu-mensagens-muito-perturbadoras-acidente-f2-monaco\/\">diversos ataques online<\/a>, que resultaram em uma pausa tempor\u00e1ria para ele nas m\u00eddias sociais.\u00a0<\/p>\n\n\n\n<p class=\"wp-block-paragraph\">&#8220;Acho que o automobilismo \u00e9 assim mesmo, para ser sincero. Voc\u00ea pode estar em alta por tanto tempo e as coisas podem estar indo muito bem e, se voc\u00ea cometer um pequeno erro, todos reclamam. E quando faz algo certo, todos s\u00e3o seus melhores amigos&#8221;, pontuou.<\/p>\n\n\n\n<figure class=\"wp-block-image size-large\"><img decoding=\"async\" src=\"https:\/\/www.grandepremio.com\/br\/wp-content\/uploads\/2025\/06\/Alex-Dunne-TL1-Austria-McLaren2-1-1200x800.jpg\" alt=\"\" class=\"wp-image-987160\"\/><figcaption class=\"wp-element-caption\">Alex Dunne (Foto: McLaren)<\/figcaption><\/figure>\n\n\n\n<p class=\"wp-block-paragraph\">&#8220;As redes sociais, infelizmente, n\u00e3o s\u00e3o as coisas mais legais do mundo. Como piloto, voc\u00ea tem de ignor\u00e1-las. Muitas vezes, as pessoas que gostam de falar nas m\u00eddias sociais n\u00e3o s\u00e3o as que t\u00eam opini\u00f5es relevantes. Mas estou feliz que quando voltamos para <strong>Barcelona<\/strong> e agora neste fim de semana com o TL1, respondi tudo na pista&#8221;, refletiu.<\/p>\n\n\n\n<p class=\"wp-block-paragraph\">Dunne se preparou bastante para a ocasi\u00e3o, com uma combina\u00e7\u00e3o de testes privados no carro 2023 da McLaren e trabalho em simulador, mas ainda assim teve que se beliscar ao estrear na F1, com uma hora de trabalho que o chefe de equipe Andrea Stella classificou como <a href=\"https:\/\/www.grandepremio.com\/br\/f1\/noticias\/mclaren-destaca-cuidadoso-impressionante-alex-dunne-tl1-austria-piloto-rapido\/\">\u201cnada menos que impressionante\u201d<\/a>.<\/p>\n\n\n\n<p class=\"wp-block-paragraph\">\u201cNo in\u00edcio da sess\u00e3o, quando estava na fila esperando o sinal ficar verde e estava atr\u00e1s de <strong>Lewis Hamilton<\/strong>, foi muito legal. Foi muito especial ver todas as arquibancadas cheias de f\u00e3s enquanto eu estava na pista. Irei me lembrar para sempre\u201d, destacou.<\/p>\n\n\n\n<p class=\"wp-block-paragraph\">\u201cPara ser sincero, saltar da F2 para a F1 no TL1 n\u00e3o foi t\u00e3o dif\u00edcil. O passo para cima \u00e9 definitivamente muito mais f\u00e1cil do que o passo para baixo. \u00c9 claro que os estilos de pilotagem s\u00e3o diferentes de um para o outro, mas como o carro de F1 tem muita ader\u00eancia, parece que tem capacidades ilimitadas\u201d, admitiu.<\/p>\n\n\n\n<figure class=\"wp-block-image size-full\"><img decoding=\"async\" src=\"https:\/\/www.grandepremio.com\/br\/wp-content\/uploads\/2025\/06\/alexander-dunne-mclaren.jpg\" alt=\"\" class=\"wp-image-986620\"\/><figcaption class=\"wp-element-caption\">Alexander Dunne \u00e9 vice-l\u00edder na F2 (Foto: Reprodu\u00e7\u00e3o\/F2)<\/figcaption><\/figure>\n\n\n\n<p class=\"wp-block-paragraph\">&#8220;Eu me senti muito mais confiante e confort\u00e1vel do que eu esperava. Est\u00e1vamos tentando v\u00e1rias coisas diferentes para coletar dados para quando Lando voltasse e, na simula\u00e7\u00e3o de classifica\u00e7\u00e3o, n\u00e3o estava usando pneus macios novos. Muito disso se deve ao fato de a McLaren ter me preparado muito bem. Muitas das coisas que fiz nos testes e no simulador, e Lando e <strong>Oscar [Piastri]<\/strong> tamb\u00e9m me ajudaram um pouco. O objetivo final n\u00e3o era sair e ser r\u00e1pido, mas estou feliz por ter sido!&#8221;, revelou.<\/p>\n\n\n\n<p class=\"wp-block-paragraph\">&#8220;At\u00e9 mesmo as sess\u00f5es no simulador que fiz antes mesmo de pilotar um carro de F1, depois que as deixei e voltei a correr na F2, imediatamente me senti um piloto melhor. Posso fazer coisas diferentes com a McLaren para resolver minhas quest\u00f5es como piloto&#8221;, afirmou.<\/p>\n\n\n\n<p class=\"wp-block-paragraph\">Como Piastri e Norris t\u00eam contratos longos, o caminho do irland\u00eas \u00e0 F1 n\u00e3o ser\u00e1 t\u00e3o f\u00e1cil. Ele tamb\u00e9m \u00e9 reserva do time papaia na <strong>F\u00f3rmula E<\/strong>, mas a equipe j\u00e1 anunciou que sair\u00e1 da categoria no fim da temporada. Por\u00e9m, o t\u00edtulo da F2 ainda est\u00e1 em jogo, apesar de <strong>Richard Verchoor<\/strong> ampliar a dist\u00e2ncia na lideran\u00e7a do campeonato.\u00a0<\/p>\n\n\n\n<p class=\"wp-block-paragraph\">Sobre o futuro no automobilismo, Dunne respondeu: \u201cTudo isso est\u00e1 fora do meu controle. Se tiver a oportunidade de fazer isso de novo, meu objetivo principal \u00e9 apenas garantir que eu fa\u00e7a um bom trabalho. E tamb\u00e9m, na F2, garantir que continue na forma em que estou no momento e, com sorte, ganhar o campeonato no final do ano. Acho que \u00e9 s\u00f3 nisso que posso me concentrar\u201d, salientou.<\/p>\n\n\n\n<figure class=\"wp-block-image size-full\"><img decoding=\"async\" src=\"https:\/\/www.grandepremio.com\/br\/wp-content\/uploads\/2025\/07\/Alex-Dunne-Austria-F2-20252-1.jpg\" alt=\"\" class=\"wp-image-987445\"\/><figcaption class=\"wp-element-caption\">Alex Dunne (Foto: F2)<\/figcaption><\/figure>\n\n\n\n<p class=\"wp-block-paragraph\">&#8220;Para mim, o objetivo ainda \u00e9 a F\u00f3rmula 1. Se eu continuar a fazer um bom trabalho, espero que a oportunidade na principal categoria do automobilismo apare\u00e7a&#8221;, encerrou.<\/p>\n\n\n\n<p class=\"wp-block-paragraph\">A&nbsp;<strong><a href=\"https:\/\/www.grandepremio.com\/br\/f1\/\" target=\"_blank\" rel=\"noreferrer noopener\"><\/a><a href=\"https:\/\/www.grandepremio.com\/br\/f1\/\" target=\"_blank\" rel=\"noreferrer noopener\">F\u00f3rmula 1<\/a><\/strong>&nbsp;retorna no fim de semana que vem, de 4 a 6 de julho,<strong>&nbsp;em Silverstone<\/strong>, 12\u00aa etapa da temporada 2025. O&nbsp;<strong>GRANDE PR\u00caMIO<\/strong>&nbsp;acompanha todas as atividades&nbsp;<strong><a href=\"https:\/\/www.grandepremio.com\/br\/f1\/ao-vivo\" target=\"_blank\" rel=\"noreferrer noopener\">AO VIVO E EM&nbsp;<\/a><a href=\"https:\/\/www.grandepremio.com\/br\/ao-vivo\/\" target=\"_blank\" rel=\"noreferrer noopener\">TEMPO REAL<\/a><\/strong>, al\u00e9m de classifica\u00e7\u00e3o e corrida em&nbsp;<strong><a href=\"https:\/\/www.youtube.com\/@GrandePremio1\/streams\" target=\"_blank\" rel=\"noreferrer noopener\">SEGUNDA TELA no YouTube<\/a><\/strong>, em parceria com a Voz do Esporte. O&nbsp;<strong>Briefing<\/strong>&nbsp;chega para analisar ap\u00f3s o fim de cada dia de atividades nas redes sociais e na GPTV.<\/p>\n\n\n\n<p class=\"wp-block-paragraph\">Al\u00e9m da cobertura tradicional, o&nbsp;<strong>GRANDE PR\u00caMIO<\/strong>&nbsp;estar\u00e1&nbsp;<strong>IN LOCO<\/strong>&nbsp;em&nbsp;<strong><a href=\"https:\/\/www.grandepremio.com\/br\/circuito\/silverstone\/\" target=\"_blank\" rel=\"noreferrer noopener\">Silverstone<\/a>&nbsp;<\/strong>para acompanhar todas as emo\u00e7\u00f5es da etapa com o rep\u00f3rter&nbsp;<strong>Leonid Kliuev<\/strong>.<\/p>\n\n\n\n<p class=\"wp-block-paragraph\"><strong>GP da Inglaterra de F1: veja os hor\u00e1rios em Brasil, Cabo Verde,&nbsp;<a href=\"https:\/\/grandepremio.pt\/\" target=\"_blank\" rel=\"noreferrer noopener\">Portugal<\/a>, Angola e Mo\u00e7ambique:<\/strong><\/p>\n\n\n\n<figure class=\"wp-block-table\"><table class=\"has-fixed-layout\"><tbody><tr><td><strong>Sess\u00e3o<\/strong><\/td><td><strong>BRA*<\/strong><\/td><td><strong>CBV<\/strong><\/td><td><strong>POR<\/strong><br><strong>ANG<\/strong><\/td><td><strong>MOZ<\/strong><\/td><\/tr><tr><td>Treino livre 1<\/td><td>08:30<\/td><td>10:30<\/td><td>12:30<\/td><td>13:30<\/td><\/tr><tr><td>Treino livre 2<\/td><td>12:00<\/td><td>14:00<\/td><td>16:00<\/td><td>17:00<\/td><\/tr><tr><td>Treino livre 3<\/td><td>07:30<\/td><td>09:30<\/td><td>11:30<\/td><td>12:30<\/td><\/tr><tr><td>Classifica\u00e7\u00e3o<\/td><td>11:00<\/td><td>13:00<\/td><td>15:00<\/td><td>16:00<\/td><\/tr><tr><td>Corrida<\/td><td>11:00<\/td><td>13:00<\/td><td>15:00<\/td><td>16:00<\/td><\/tr><\/tbody><\/table><\/figure>\n\n\n\n<p class=\"wp-block-paragraph\"><em>*Hor\u00e1rio de Bras\u00edlia<\/em><\/p>\n\n\n\n<p class=\"wp-block-paragraph\">\u25b6\ufe0f&nbsp;<strong>Inscreva-se nos dois canais do GRANDE PR\u00caMIO no YouTube:&nbsp;<a href=\"https:\/\/www.youtube.com\/channel\/UC9OlHEgxoaY6QY6nWPoiqQg?sub_confirmation=1\" target=\"_blank\" rel=\"noreferrer noopener\">GP<\/a>&nbsp;|&nbsp;<a href=\"https:\/\/www.youtube.com\/channel\/UC9csiS6q_C3C0FYhyr1rnFA?sub_confirmation=1\" target=\"_blank\" rel=\"noreferrer noopener\">GP2<\/a><\/strong><br>\u25b6\ufe0f&nbsp;<strong>LEIA TAMB\u00c9M:&nbsp;<\/strong><a href=\"https:\/\/www.grandepremio.com\/br\/f1\/noticias\/lando-norris-encosta-oscar-piastri-gabriel-bortoleto-pontua-1a-vez-confira-classificacao-f1-2025\/\"><strong>Norris encosta em Piastri, Bortoleto pontua pela 1\u00aa vez. Confira classifica\u00e7\u00e3o<\/strong><\/a><\/p>\n\n\n\n<figure class=\"wp-block-embed is-type-video is-provider-youtube wp-block-embed-youtube wp-embed-aspect-16-9 wp-has-aspect-ratio\"><div class=\"wp-block-embed__wrapper\">\n<iframe loading=\"lazy\" title=\"BORTOLETO PONTUA + NORRIS SOBREVIVE + VERSTAPPEN D\u00c1 ADEUS AO PENTA? | Paddock GP #422\" width=\"500\" height=\"281\" src=\"https:\/\/www.youtube.com\/embed\/tic16OWJHdI?feature=oembed\" frameborder=\"0\" allow=\"accelerometer; autoplay; clipboard-write; encrypted-media; gyroscope; picture-in-picture; web-share\" referrerpolicy=\"strict-origin-when-cross-origin\" allowfullscreen><\/iframe>\n<\/div><figcaption class=\"wp-element-caption\">BORTOLETO PONTUA + NORRIS SOBREVIVE + VERSTAPPEN D\u00c1 ADEUS AO PENTA? | Paddock GP\u00a0<a href=\"https:\/\/www.youtube.com\/hashtag\/422\">#422<\/a><\/figcaption><\/figure>\n","protected":false},"excerpt":{"rendered":"<p>Alexander Dunne estreou pela McLaren no TL1 do GP da \u00c1ustria e impressionou com o quarto lugar. Ele est\u00e1 na briga pelo t\u00edtulo da F2 e diz que a meta \u00e9 alcan\u00e7ar a F\u00f3rmula 1<\/p>\n","protected":false},"author":0,"featured_media":1000917707,"comment_status":"closed","ping_status":"closed","sticky":false,"template":"","format":"standard","meta":{"42wp_featured_image_caption":"","42wp_featured_image_credits":"","42wp_featured_video":"","42wp_featured_image_hidden":false,"42wp_authors_list":[],"footnotes":""},"categories":[2],"tags":[31510,5660,969,147,3630,642,160,111,30245,180,3628,2208,1491,30103,28285,90],"42wp_author":[47163],"class_list":["post-20478","post","type-post","status-publish","format-standard","has-post-thumbnail","hentry","category-f1","tag-alexander-dunne","tag-classificacao","tag-corrida","tag-f1","tag-f1-2025","tag-f1-ao-vivo","tag-f1-tv","tag-f2","tag-f2-ao-vivo","tag-formula-1","tag-formula-1-2025","tag-formula-2","tag-grande-premio","tag-grande-premio-f1","tag-grandepremio","tag-mclaren","42wp_author-caio-cavalcante"],"_links":{"self":[{"href":"https:\/\/grandepremio.com\/br\/wp-json\/wp\/v2\/posts\/20478","targetHints":{"allow":["GET"]}}],"collection":[{"href":"https:\/\/grandepremio.com\/br\/wp-json\/wp\/v2\/posts"}],"about":[{"href":"https:\/\/grandepremio.com\/br\/wp-json\/wp\/v2\/types\/post"}],"replies":[{"embeddable":true,"href":"https:\/\/grandepremio.com\/br\/wp-json\/wp\/v2\/comments?post=20478"}],"version-history":[{"count":0,"href":"https:\/\/grandepremio.com\/br\/wp-json\/wp\/v2\/posts\/20478\/revisions"}],"wp:featuredmedia":[{"embeddable":true,"href":"https:\/\/grandepremio.com\/br\/wp-json\/wp\/v2\/media\/1000917707"}],"wp:attachment":[{"href":"https:\/\/grandepremio.com\/br\/wp-json\/wp\/v2\/media?parent=20478"}],"wp:term":[{"taxonomy":"category","embeddable":true,"href":"https:\/\/grandepremio.com\/br\/wp-json\/wp\/v2\/categories?post=20478"},{"taxonomy":"post_tag","embeddable":true,"href":"https:\/\/grandepremio.com\/br\/wp-json\/wp\/v2\/tags?post=20478"},{"taxonomy":"42wp_author","embeddable":true,"href":"https:\/\/grandepremio.com\/br\/wp-json\/wp\/v2\/42wp_author?post=20478"}],"curies":[{"name":"wp","href":"https:\/\/api.w.org\/{rel}","templated":true}]}}