{"id":20490,"date":"2025-07-01T15:12:17","date_gmt":"2025-07-01T18:12:17","guid":{"rendered":"https:\/\/grandepremio.com\/br\/noticias\/haas-minimiza-ponto-esteban-ocon-austria-jura-poderiamos-ter-feito-ainda-melhor\/"},"modified":"2025-07-01T15:15:26","modified_gmt":"2025-07-01T18:15:26","slug":"haas-minimiza-ponto-esteban-ocon-austria-jura-poderiamos-ter-feito-ainda-melhor","status":"publish","type":"post","link":"https:\/\/grandepremio.com\/br\/f1\/haas-minimiza-ponto-esteban-ocon-austria-jura-poderiamos-ter-feito-ainda-melhor\/","title":{"rendered":"Haas minimiza ponto de Ocon na \u00c1ustria e jura que &#8220;poder\u00edamos ter feito ainda melhor&#8221;"},"content":{"rendered":"\n<p class=\"wp-block-paragraph\">A <strong>Haas<\/strong> deixou <a href=\"https:\/\/www.grandepremio.com\/br\/f1\/noticias\/lando-norris-resiste-oscar-piastri-vence-gp-da-austria-gabriel-bortoleto-pontua-1-vez-formula-1\/\">o fim de semana do <strong>GP da \u00c1ustria<\/strong><\/a>, 11\u00aa etapa da temporada 2025 da <strong>F\u00f3rmula 1<\/strong>, com sentimentos mistos em rela\u00e7\u00e3o ao resultado final que foi alcan\u00e7ado. Embora esteja satisfeito com o ponto somado por <strong>Esteban Ocon<\/strong> e o desempenho demonstrado por<strong> Oliver Bearman<\/strong>, <strong>Ayao Komatsu<\/strong>, chefe da equipe, deixou claro que &#8220;poder\u00edamos ter feito ainda melhor&#8221; em <strong>Spielberg<\/strong>.<\/p>\n\n\n\n<p class=\"wp-block-paragraph\">Depois de largar apenas da 17\u00aa posi\u00e7\u00e3o, o franc\u00eas do<strong> #31<\/strong> apresentou um forte ritmo e escalou o pelot\u00e3o at\u00e9 o d\u00e9cimo lugar, <a href=\"https:\/\/www.grandepremio.com\/br\/f1\/noticias\/esteban-ocon-espanta-sauber-austria-admite-haas-precisa-mais-desempenho\/\">conquistando uma pequena recompensa<\/a> para o time norte-americano. O novato do <strong>#87<\/strong>, por sua vez, largou do 15\u00ba posto, adotou uma estrat\u00e9gia diferente ao come\u00e7ar com os pneus macios e <a href=\"https:\/\/www.grandepremio.com\/br\/f1\/noticias\/oliver-bearman-lembra-vitoria-f2-historico-haas-austria-tenho-boas-esperancas\/\">recebeu a bandeirada quadriculada em 11\u00ba<\/a> \u2014 14s868 atr\u00e1s do colega de garagem.<\/p>\n\n\n\n<p class=\"wp-block-paragraph\">&#8220;Sair de 17\u00ba e chegar em d\u00e9cimo \u00e9 positivo \u2014 normalmente um resultado muito bom. O que n\u00e3o foi t\u00e3o bom \u00e9 que, com Esteban, poder\u00edamos ter feito ainda melhor. A pilotagem dele foi muito boa, os dois primeiros stints foram muito fortes, e sinto que talvez tenhamos feito o primeiro pit-stop um pouco cedo demais&#8221;, come\u00e7ou Komatsu.<\/p>\n\n\n\n<p class=\"wp-block-paragraph\">&#8220;Isso eliminou a chance de fazer uma corrida com apenas uma parada, o que acho que seria poss\u00edvel com a gest\u00e3o de pneus e o ritmo que ele estava mostrando&#8221;, continuou o chefe da Haas, que tamb\u00e9m lamentou o fato de Bearman ter sofrido com a perda de performance ao colocar os pneus duros para o segundo stint no <strong>Red Bull Ring<\/strong>.<\/p>\n\n\n\n<figure class=\"wp-block-image size-large\"><img decoding=\"async\" src=\"https:\/\/www.grandepremio.com\/br\/wp-content\/uploads\/2024\/02\/1020012005-LAT-20240219-F12406_114252SMG_1691-365-1024x683.jpg\" alt=\"\" class=\"wp-image-778998\"\/><figcaption class=\"wp-element-caption\">Ayao Komatsu deixou o GP da \u00c1ustria meio insatisfeito com o resultado da Haas (Foto: Haas)<\/figcaption><\/figure>\n\n\n\n<p class=\"wp-block-paragraph\">\u25b6\ufe0f <strong>Inscreva-se nos dois canais do GRANDE PR\u00caMIO no YouTube:\u00a0<a href=\"https:\/\/www.youtube.com\/channel\/UC9OlHEgxoaY6QY6nWPoiqQg?sub_confirmation=1\" target=\"_blank\" rel=\"noreferrer noopener\">GP<\/a>\u00a0|\u00a0<a href=\"https:\/\/www.youtube.com\/channel\/UC9csiS6q_C3C0FYhyr1rnFA?sub_confirmation=1\" target=\"_blank\" rel=\"noreferrer noopener\">GP2<\/a><\/strong><br>\u25b6\ufe0f <strong>LEIA TAMB\u00c9M:\u00a0<a href=\"https:\/\/www.grandepremio.com\/br\/f1\/noticias\/sauber-expande-operacao-receber-audi-inaugura-centro-tecnologia-inglaterra\/\">Sauber expande opera\u00e7\u00e3o para receber Audi e inaugura centro de tecnologia na Inglaterra<\/a><\/strong><\/p>\n\n\n\n<p class=\"wp-block-paragraph\">&#8220;Do lado do Ollie, o primeiro stint com pneus macios foi bom, o pit-stop tamb\u00e9m foi bom, mas foi no segundo stint, com pneus duros, que ele simplesmente n\u00e3o teve ritmo e come\u00e7ou a perder posi\u00e7\u00f5es. Ainda n\u00e3o entendemos o motivo, ent\u00e3o precisamos investigar&#8221;, apontou.<\/p>\n\n\n\n<p class=\"wp-block-paragraph\">&#8220;\u00c9 bom que tenhamos marcado 1 ponto, mas nossos concorrentes marcaram mais, ent\u00e3o temos de correr atr\u00e1s em <strong>Silverstone<\/strong>. Temos um novo pacote [de atualiza\u00e7\u00f5es] chegando para a pr\u00f3xima corrida, ent\u00e3o precisamos extrair o m\u00e1ximo dele \u2014 0s1 faz uma grande diferen\u00e7a \u2014, ent\u00e3o precisamos estar no nosso melhor&#8221;, encerrou o chefe da Haas.<\/p>\n\n\n\n<p class=\"wp-block-paragraph\">A\u00a0<strong><a href=\"https:\/\/www.grandepremio.com\/br\/f1\/\" target=\"_blank\" rel=\"noreferrer noopener\"><\/a><a href=\"https:\/\/www.grandepremio.com\/br\/f1\/\" target=\"_blank\" rel=\"noreferrer noopener\">F\u00f3rmula 1<\/a><\/strong>\u00a0retorna neste fim de semana, de 4 a 6 de julho,<strong>\u00a0em Silverstone<\/strong>, 12\u00aa etapa da temporada 2025. O\u00a0<strong>GRANDE PR\u00caMIO<\/strong>\u00a0acompanha todas as atividades\u00a0<strong><a href=\"https:\/\/www.grandepremio.com\/br\/f1\/ao-vivo\" target=\"_blank\" rel=\"noreferrer noopener\">AO VIVO E EM\u00a0<\/a><a href=\"https:\/\/www.grandepremio.com\/br\/ao-vivo\/\" target=\"_blank\" rel=\"noreferrer noopener\">TEMPO REAL<\/a><\/strong>, al\u00e9m de classifica\u00e7\u00e3o e corrida em\u00a0<strong><a href=\"https:\/\/www.youtube.com\/@GrandePremio1\/streams\" target=\"_blank\" rel=\"noreferrer noopener\">SEGUNDA TELA no YouTube<\/a><\/strong>, em parceria com a Voz do Esporte. O\u00a0<strong>Briefing<\/strong>\u00a0chega para analisar ap\u00f3s o fim de cada dia de atividades nas redes sociais e na GPTV.<\/p>\n\n\n\n<p class=\"wp-block-paragraph\">Al\u00e9m da cobertura tradicional, o\u00a0<strong>GRANDE PR\u00caMIO<\/strong>\u00a0estar\u00e1\u00a0<strong>IN LOCO<\/strong>\u00a0em\u00a0<strong><a href=\"https:\/\/www.grandepremio.com\/br\/circuito\/silverstone\/\" target=\"_blank\" rel=\"noreferrer noopener\">Silverstone<\/a>\u00a0<\/strong>para acompanhar todas as emo\u00e7\u00f5es da etapa com o rep\u00f3rter\u00a0<strong>Leonid Kliuev<\/strong>.<\/p>\n\n\n\n<p class=\"wp-block-paragraph\"><strong>GP da Inglaterra de F1: veja os hor\u00e1rios em Brasil, Cabo Verde,\u00a0<a href=\"https:\/\/grandepremio.pt\/\" target=\"_blank\" rel=\"noreferrer noopener\">Portugal<\/a>, Angola e Mo\u00e7ambique:<\/strong><\/p>\n\n\n\n<figure class=\"wp-block-table\"><table class=\"has-fixed-layout\"><tbody><tr><td><strong>Sess\u00e3o<\/strong><\/td><td><strong>BRA*<\/strong><\/td><td><strong>CBV<\/strong><\/td><td><strong>POR<\/strong><br><strong>ANG<\/strong><\/td><td><strong>MOZ<\/strong><\/td><\/tr><tr><td>Treino livre 1<\/td><td>08:30<\/td><td>10:30<\/td><td>12:30<\/td><td>13:30<\/td><\/tr><tr><td>Treino livre 2<\/td><td>12:00<\/td><td>14:00<\/td><td>16:00<\/td><td>17:00<\/td><\/tr><tr><td>Treino livre 3<\/td><td>07:30<\/td><td>09:30<\/td><td>11:30<\/td><td>12:30<\/td><\/tr><tr><td>Classifica\u00e7\u00e3o<\/td><td>11:00<\/td><td>13:00<\/td><td>15:00<\/td><td>16:00<\/td><\/tr><tr><td>Corrida<\/td><td>11:00<\/td><td>13:00<\/td><td>15:00<\/td><td>16:00<\/td><\/tr><\/tbody><\/table><\/figure>\n\n\n\n<p class=\"wp-block-paragraph\"><em>*Hor\u00e1rio de Bras\u00edlia<\/em><\/p>\n\n\n\n<figure class=\"wp-block-embed is-type-video is-provider-youtube wp-block-embed-youtube wp-embed-aspect-16-9 wp-has-aspect-ratio\"><div class=\"wp-block-embed__wrapper\">\n<iframe loading=\"lazy\" title=\"BORTOLETO PONTUA + NORRIS SOBREVIVE + VERSTAPPEN D\u00c1 ADEUS AO PENTA? | Paddock GP #422\" width=\"500\" height=\"281\" src=\"https:\/\/www.youtube.com\/embed\/tic16OWJHdI?feature=oembed\" frameborder=\"0\" allow=\"accelerometer; autoplay; clipboard-write; encrypted-media; gyroscope; picture-in-picture; web-share\" referrerpolicy=\"strict-origin-when-cross-origin\" allowfullscreen><\/iframe>\n<\/div><\/figure>\n","protected":false},"excerpt":{"rendered":"<p>Apesar do d\u00e9cimo lugar de Esteban Ocon em Spielberg, Ayao Komatsu deixou claro que a Haas tinha potencial para conseguir um resultado melhor. Por isso, disse que a equipe saiu no preju\u00edzo na luta contra as rivais<\/p>\n","protected":false},"author":0,"featured_media":1000985719,"comment_status":"closed","ping_status":"closed","sticky":false,"template":"","format":"standard","meta":{"42wp_featured_image_caption":"","42wp_featured_image_credits":"","42wp_featured_video":"","42wp_featured_image_hidden":false,"42wp_authors_list":[],"footnotes":""},"categories":[2],"tags":[43961,25362,7499,26271,5273,302,147,3630,180,3628,23783,40100,1491,28285,119,30840,29923,35129,4613,43962,31955,42001],"42wp_author":[47160],"class_list":["post-20490","post","type-post","status-publish","format-standard","has-post-thumbnail","hentry","category-f1","tag-austria-2025","tag-austria-f1","tag-ayao-komatsu","tag-calendario-f1","tag-classificacao-f1","tag-esteban-ocon","tag-f1","tag-f1-2025","tag-formula-1","tag-formula-1-2025","tag-gp-da-austria","tag-gp-da-austria-f1","tag-grande-premio","tag-grandepremio","tag-haas","tag-horarios-f1","tag-oliver-bearman","tag-onde-assistir-f1","tag-spielberg","tag-spielberg-2025","tag-spielberg-f1","tag-temporada-2025-f1","42wp_author-vicente-soella"],"_links":{"self":[{"href":"https:\/\/grandepremio.com\/br\/wp-json\/wp\/v2\/posts\/20490","targetHints":{"allow":["GET"]}}],"collection":[{"href":"https:\/\/grandepremio.com\/br\/wp-json\/wp\/v2\/posts"}],"about":[{"href":"https:\/\/grandepremio.com\/br\/wp-json\/wp\/v2\/types\/post"}],"replies":[{"embeddable":true,"href":"https:\/\/grandepremio.com\/br\/wp-json\/wp\/v2\/comments?post=20490"}],"version-history":[{"count":0,"href":"https:\/\/grandepremio.com\/br\/wp-json\/wp\/v2\/posts\/20490\/revisions"}],"wp:featuredmedia":[{"embeddable":true,"href":"https:\/\/grandepremio.com\/br\/wp-json\/wp\/v2\/media\/1000985719"}],"wp:attachment":[{"href":"https:\/\/grandepremio.com\/br\/wp-json\/wp\/v2\/media?parent=20490"}],"wp:term":[{"taxonomy":"category","embeddable":true,"href":"https:\/\/grandepremio.com\/br\/wp-json\/wp\/v2\/categories?post=20490"},{"taxonomy":"post_tag","embeddable":true,"href":"https:\/\/grandepremio.com\/br\/wp-json\/wp\/v2\/tags?post=20490"},{"taxonomy":"42wp_author","embeddable":true,"href":"https:\/\/grandepremio.com\/br\/wp-json\/wp\/v2\/42wp_author?post=20490"}],"curies":[{"name":"wp","href":"https:\/\/api.w.org\/{rel}","templated":true}]}}