{"id":20517,"date":"2025-07-01T04:15:00","date_gmt":"2025-07-01T07:15:00","guid":{"rendered":"https:\/\/grandepremio.com\/br\/noticias\/carlos-sainz-cita-dificuldades-como-equipe-depois-quebra-impediu-largada-austria\/"},"modified":"2025-06-30T17:37:25","modified_gmt":"2025-06-30T20:37:25","slug":"carlos-sainz-cita-dificuldades-como-equipe-depois-quebra-impediu-largada-austria","status":"publish","type":"post","link":"https:\/\/grandepremio.com\/br\/f1\/carlos-sainz-cita-dificuldades-como-equipe-depois-quebra-impediu-largada-austria\/","title":{"rendered":"Sainz cita &#8220;dificuldades como equipe&#8221; depois de quebra que impediu largada na \u00c1ustria"},"content":{"rendered":"\n<p class=\"wp-block-paragraph\"><strong>Carlos Sainz<\/strong> teve um <strong>GP da \u00c1ustria<\/strong> para esquecer. Teve problemas na classifica\u00e7\u00e3o, ficou no Q1 e, na corrida, <a href=\"https:\/\/www.grandepremio.com\/br\/video\/f1\/carlos-sainz-ve-freios-williams-pegarem-fogo-antes-largada-abandona-gp-austria\/\">viu os freios pegarem fogo antes da largada<\/a> e teve de abandonar antes mesmo da prova come\u00e7ar. O espanhol admitiu que foi decepcionante n\u00e3o ter largado e disse que a <strong>Williams<\/strong> passa por dificuldades.<\/p>\n\n\n\n<p class=\"wp-block-paragraph\">&#8220;S\u00e3o corridas, fazem parte do esporte e, como atleta, voc\u00ea passa por momentos de sorte e de azar, coisas boas e ruins\u201d, iniciou o piloto do <strong>#55<\/strong> \u00e0 <em>F1 TV<\/em>. \u201cEsse esporte me ensinou que isso pode mudar muito rapidamente&#8221;, seguiu.<\/p>\n\n\n\n<p class=\"wp-block-paragraph\">&#8220;\u00c9 muito decepcionante chegar \u00e0 <strong>\u00c1ustria<\/strong> e n\u00e3o poder correr. Depois de muitos problemas ontem na classifica\u00e7\u00e3o e na corrida, estamos passando por uma s\u00e9rie de dificuldades como equipe e, antes da nossa corrida em casa, precisamos nos reagrupar e ver o que podemos fazer melhor&#8221;, lamentou.<\/p>\n\n\n\n<p class=\"wp-block-paragraph\">\u201cPreciso continuar trabalhando duro, com a cabe\u00e7a baixa e as coisas v\u00e3o mudar, mas, como equipe, est\u00e1 claro que precisamos analisar muitas coisas, nos reagrupar e ver como podemos parar de ter tantos problemas\u201d, encerrou o #55.<\/p>\n\n\n\n<figure class=\"wp-block-image size-large\"><img decoding=\"async\" src=\"https:\/\/www.grandepremio.com\/br\/wp-content\/uploads\/2025\/06\/austria-2025-f1-corrida-williams-carlos-sainz-afp-01-1200x842.jpg\" alt=\"\" class=\"wp-image-986680\"\/><figcaption class=\"wp-element-caption\">Carlos Sainz n\u00e3o conseguiu largar na \u00c1ustria (Foto: AFP) <\/figcaption><\/figure>\n\n\n\n<p class=\"wp-block-paragraph\">O final de semana da Williams tamb\u00e9m n\u00e3o foi positivo com <strong>Alexander Albon<\/strong>. O tailand\u00eas at\u00e9 conseguiu largar bem e ocupava a sexta posi\u00e7\u00e3o. Por\u00e9m, pouco tempo depois de fazer a primeira parada, ele teve problemas no carro e abandonou a prova.<\/p>\n\n\n\n<p class=\"wp-block-paragraph\">A\u00a0<strong><a href=\"https:\/\/www.grandepremio.com\/br\/f1\/\" target=\"_blank\" rel=\"noreferrer noopener\"><\/a><a href=\"https:\/\/www.grandepremio.com\/br\/f1\/\" target=\"_blank\" rel=\"noreferrer noopener\">F\u00f3rmula 1<\/a><\/strong>\u00a0retorna neste fim de semana, de 4 a 6 de julho,<strong>\u00a0em Silverstone<\/strong>, 12\u00aa etapa da temporada 2025. O\u00a0<strong>GRANDE PR\u00caMIO<\/strong>\u00a0acompanha todas as atividades\u00a0<strong><a href=\"https:\/\/www.grandepremio.com\/br\/f1\/ao-vivo\" target=\"_blank\" rel=\"noreferrer noopener\">AO VIVO E EM\u00a0<\/a><a href=\"https:\/\/www.grandepremio.com\/br\/ao-vivo\/\" target=\"_blank\" rel=\"noreferrer noopener\">TEMPO REAL<\/a><\/strong>, al\u00e9m de classifica\u00e7\u00e3o e corrida em\u00a0<strong><a href=\"https:\/\/www.youtube.com\/@GrandePremio1\/streams\" target=\"_blank\" rel=\"noreferrer noopener\">SEGUNDA TELA no YouTube<\/a><\/strong>, em parceria com a Voz do Esporte. O\u00a0<strong>Briefing<\/strong>\u00a0chega para analisar ap\u00f3s o fim de cada dia de atividades nas redes sociais e na GPTV.<\/p>\n\n\n\n<p class=\"wp-block-paragraph\">Al\u00e9m da cobertura tradicional, o&nbsp;<strong>GRANDE PR\u00caMIO<\/strong>&nbsp;estar\u00e1&nbsp;<strong>IN LOCO<\/strong>&nbsp;em&nbsp;<strong><a href=\"https:\/\/www.grandepremio.com\/br\/circuito\/silverstone\/\" target=\"_blank\" rel=\"noreferrer noopener\">Silverstone<\/a>&nbsp;<\/strong>para acompanhar todas as emo\u00e7\u00f5es da etapa com o rep\u00f3rter&nbsp;<strong>Leonid Kliuev<\/strong>.<\/p>\n\n\n\n<p class=\"wp-block-paragraph\"><strong>GP da Inglaterra de F1: veja os hor\u00e1rios em Brasil, Cabo Verde,&nbsp;<a href=\"https:\/\/grandepremio.pt\/\" target=\"_blank\" rel=\"noreferrer noopener\">Portugal<\/a>, Angola e Mo\u00e7ambique:<\/strong><\/p>\n\n\n\n<figure class=\"wp-block-table\"><table class=\"has-fixed-layout\"><tbody><tr><td><strong>Sess\u00e3o<\/strong><\/td><td><strong>BRA*<\/strong><\/td><td><strong>CBV<\/strong><\/td><td><strong>POR<\/strong><br><strong>ANG<\/strong><\/td><td><strong>MOZ<\/strong><\/td><\/tr><tr><td>Treino livre 1<\/td><td>08:30<\/td><td>10:30<\/td><td>12:30<\/td><td>13:30<\/td><\/tr><tr><td>Treino livre 2<\/td><td>12:00<\/td><td>14:00<\/td><td>16:00<\/td><td>17:00<\/td><\/tr><tr><td>Treino livre 3<\/td><td>07:30<\/td><td>09:30<\/td><td>11:30<\/td><td>12:30<\/td><\/tr><tr><td>Classifica\u00e7\u00e3o<\/td><td>11:00<\/td><td>13:00<\/td><td>15:00<\/td><td>16:00<\/td><\/tr><tr><td>Corrida<\/td><td>11:00<\/td><td>13:00<\/td><td>15:00<\/td><td>16:00<\/td><\/tr><\/tbody><\/table><\/figure>\n\n\n\n<p class=\"wp-block-paragraph\"><em>*Hor\u00e1rio de Bras\u00edlia<\/em><\/p>\n\n\n\n<p class=\"wp-block-paragraph\"><strong>\u25b6\ufe0f<\/strong>\u00a0<strong>Inscreva-se nos dois canais do GRANDE PR\u00caMIO no YouTube:\u00a0<a href=\"https:\/\/www.youtube.com\/channel\/UC9OlHEgxoaY6QY6nWPoiqQg?sub_confirmation=1\" target=\"_blank\" rel=\"noreferrer noopener\">GP<\/a>\u00a0|\u00a0<a href=\"https:\/\/www.youtube.com\/channel\/UC9csiS6q_C3C0FYhyr1rnFA?sub_confirmation=1\" target=\"_blank\" rel=\"noreferrer noopener\">GP2<\/a><\/strong><\/p>\n\n\n\n<figure class=\"wp-block-embed is-type-video is-provider-youtube wp-block-embed-youtube wp-embed-aspect-16-9 wp-has-aspect-ratio\"><div class=\"wp-block-embed__wrapper\">\n<iframe loading=\"lazy\" title=\"NORRIS VENCE E SE APROXIMA DE PIASTRI, BORTOLETO PONTUA: a F1 na \u00c1USTRIA | BRIEFING\" width=\"500\" height=\"281\" src=\"https:\/\/www.youtube.com\/embed\/E1uueU8NJYk?feature=oembed\" frameborder=\"0\" allow=\"accelerometer; autoplay; clipboard-write; encrypted-media; gyroscope; picture-in-picture; web-share\" referrerpolicy=\"strict-origin-when-cross-origin\" allowfullscreen><\/iframe>\n<\/div><figcaption class=\"wp-element-caption\">NORRIS VENCE E SE APROXIMA DE PIASTRI, BORTOLETO PONTUA: a F1 na \u00c1USTRIA | BRIEFING<\/figcaption><\/figure>\n","protected":false},"excerpt":{"rendered":"<p>Carlos Sainz evitou criticar diretamente a Williams ap\u00f3s fim de semana complicado, mas admitiu que decep\u00e7\u00e3o por n\u00e3o ter largado no GP da \u00c1ustria<\/p>\n","protected":false},"author":0,"featured_media":1000985308,"comment_status":"closed","ping_status":"closed","sticky":false,"template":"","format":"standard","meta":{"42wp_featured_image_caption":"","42wp_featured_image_credits":"","42wp_featured_video":"","42wp_featured_image_hidden":false,"42wp_authors_list":[],"footnotes":""},"categories":[2],"tags":[26271,546,5273,147,3630,180,3628,23783,40100,1491,28285,30840,35129,4613,43962,31955,42001,215],"42wp_author":[47163],"class_list":["post-20517","post","type-post","status-publish","format-standard","has-post-thumbnail","hentry","category-f1","tag-calendario-f1","tag-carlos-sainz","tag-classificacao-f1","tag-f1","tag-f1-2025","tag-formula-1","tag-formula-1-2025","tag-gp-da-austria","tag-gp-da-austria-f1","tag-grande-premio","tag-grandepremio","tag-horarios-f1","tag-onde-assistir-f1","tag-spielberg","tag-spielberg-2025","tag-spielberg-f1","tag-temporada-2025-f1","tag-williams","42wp_author-caio-cavalcante"],"_links":{"self":[{"href":"https:\/\/grandepremio.com\/br\/wp-json\/wp\/v2\/posts\/20517","targetHints":{"allow":["GET"]}}],"collection":[{"href":"https:\/\/grandepremio.com\/br\/wp-json\/wp\/v2\/posts"}],"about":[{"href":"https:\/\/grandepremio.com\/br\/wp-json\/wp\/v2\/types\/post"}],"replies":[{"embeddable":true,"href":"https:\/\/grandepremio.com\/br\/wp-json\/wp\/v2\/comments?post=20517"}],"version-history":[{"count":0,"href":"https:\/\/grandepremio.com\/br\/wp-json\/wp\/v2\/posts\/20517\/revisions"}],"wp:featuredmedia":[{"embeddable":true,"href":"https:\/\/grandepremio.com\/br\/wp-json\/wp\/v2\/media\/1000985308"}],"wp:attachment":[{"href":"https:\/\/grandepremio.com\/br\/wp-json\/wp\/v2\/media?parent=20517"}],"wp:term":[{"taxonomy":"category","embeddable":true,"href":"https:\/\/grandepremio.com\/br\/wp-json\/wp\/v2\/categories?post=20517"},{"taxonomy":"post_tag","embeddable":true,"href":"https:\/\/grandepremio.com\/br\/wp-json\/wp\/v2\/tags?post=20517"},{"taxonomy":"42wp_author","embeddable":true,"href":"https:\/\/grandepremio.com\/br\/wp-json\/wp\/v2\/42wp_author?post=20517"}],"curies":[{"name":"wp","href":"https:\/\/api.w.org\/{rel}","templated":true}]}}