{"id":20530,"date":"2025-06-30T12:58:04","date_gmt":"2025-06-30T15:58:04","guid":{"rendered":"https:\/\/grandepremio.com\/br\/noticias\/fazem-amor-escapamento-red-bull-faz-analise-inusitada-dominio-mclaren\/"},"modified":"2025-06-30T17:28:13","modified_gmt":"2025-06-30T20:28:13","slug":"fazem-amor-escapamento-red-bull-faz-analise-inusitada-dominio-mclaren","status":"publish","type":"post","link":"https:\/\/grandepremio.com\/br\/f1\/fazem-amor-escapamento-red-bull-faz-analise-inusitada-dominio-mclaren\/","title":{"rendered":"&#8220;Fazem amor com o escapamento&#8221;: Red Bull faz an\u00e1lise inusitada de dom\u00ednio da McLaren"},"content":{"rendered":"\n<p class=\"wp-block-paragraph\">A <strong>Red Bull<\/strong> passou o <strong><a href=\"https:\/\/www.grandepremio.com\/br\/f1\/noticias\/lando-norris-resiste-oscar-piastri-vence-gp-da-austria-gabriel-bortoleto-pontua-1-vez-formula-1\/\">GP da \u00c1ustria<\/a><\/strong> sem somar um ponto sequer, ao contr\u00e1rio da <strong>McLaren<\/strong>, que fez mais uma dobradinha na temporada 2025. <strong>Christian Horner<\/strong>, chefe da equipe austr\u00edaca, est\u00e1 perplexo em ver como o time de <strong>Woking<\/strong> consegue evitar o desgaste de pneus em temperaturas muito altas e fez uma an\u00e1lise inusitada ao dizer que &#8220;eles est\u00e3o fazendo amor com o escapamento&#8221;.<\/p>\n\n\n\n<p class=\"wp-block-paragraph\">A corrida em casa da Red Bull foi decepcionante. <strong>Andrea Kimi Antonelli<\/strong> colidiu com <strong>Max Verstappen<\/strong> <a href=\"https:\/\/www.grandepremio.com\/br\/f1\/noticias\/andrea-kimi-antonelli-perde-freada-atropela-max-verstappen-causa-safety-car-volta-1-gp-austria\/\">logo na primeira volta <\/a>e <strong>Yuki Tsunoda<\/strong> foi o \u00faltimo entre os que cruzaram a linha de chegada, al\u00e9m de ter recebido uma puni\u00e7\u00e3o por bater em <strong>Franco Colapinto<\/strong>. Foi a primeira vez <a href=\"https:\/\/www.grandepremio.com\/br\/f1\/noticias\/red-bull-gp-austria-caotico-deixa-pontuar-1a-vez-formula-1-desde-2022\/\">desde 2022 em que os taurinos terminaram uma prova zerados<\/a>.<\/p>\n\n\n\n<p class=\"wp-block-paragraph\">\u201cO que \u00e9 realmente impressionante, e n\u00e3o consigo ver nenhuma outra equipe sendo capaz de fazer isso, \u00e9 quando voc\u00ea olha para o qu\u00e3o perto <strong>Oscar [Piastri]<\/strong> \u00e9 capaz de correr atr\u00e1s de <strong>Lando [Norris]<\/strong> com um carro cheio de combust\u00edvel no in\u00edcio da corrida\u201d, iniciou Horner \u00e0 m\u00eddia.<\/p>\n\n\n\n<p class=\"wp-block-paragraph\">&#8220;Ele est\u00e1 basicamente fazendo amor com a porra do escapamento por volta ap\u00f3s volta, e os pneus n\u00e3o est\u00e3o morrendo. Para mim, essa \u00e9 a vantagem deles\u201d, destacou.<\/p>\n\n\n\n<figure class=\"wp-block-image size-large\"><img decoding=\"async\" src=\"https:\/\/www.grandepremio.com\/br\/wp-content\/uploads\/2025\/06\/austria-2025-f1-corrida-mclaren-lando-norris-afp-04-1200x800.jpg\" alt=\"\" class=\"wp-image-986677\"\/><figcaption class=\"wp-element-caption\">Lando Norris venceu o GP da \u00c1ustria de F1 e encostou na tabela (Foto: AFP) <\/figcaption><\/figure>\n\n\n\n<p class=\"wp-block-paragraph\">&#8220;Eles conseguiram criar um carro que realmente protege seus pneus muito bem e, obviamente, tem um bom equil\u00edbrio. N\u00e3o consigo ver nenhum outro b\u00f3lido que seja capaz de seguir t\u00e3o de perto e n\u00e3o danificar os pneus dianteiros ou traseiros. Realmente n\u00e3o entendo&#8221;, ponderou.&nbsp;<\/p>\n\n\n\n<p class=\"wp-block-paragraph\">\u201cBem, essa foi uma corrida em casa para esquecer. Tivemos azar [na classifica\u00e7\u00e3o], o que nos colocou em uma posi\u00e7\u00e3o mais atr\u00e1s no grid, e Kimi simplesmente perdeu o carro de forma espetacular na curva 3\u201d, refletiu.<\/p>\n\n\n\n<p class=\"wp-block-paragraph\">\u201cMax estava basicamente no meio da curva e voltando a acelerar, e acabou sendo acertado, portanto, um erro infeliz do Kimi, que pediu desculpas, mas para n\u00f3s acabou com nosso dia\u201d, encerrou o chefe da Red Bull.<\/p>\n\n\n\n<p class=\"wp-block-paragraph\">A&nbsp;<strong><a href=\"https:\/\/www.grandepremio.com\/br\/f1\/\" target=\"_blank\" rel=\"noreferrer noopener\"><\/a><a href=\"https:\/\/www.grandepremio.com\/br\/f1\/\" target=\"_blank\" rel=\"noreferrer noopener\">F\u00f3rmula 1<\/a><\/strong>&nbsp;retorna neste fim de semana, de 4 a 6 de julho,<strong>&nbsp;em Silverstone<\/strong>, 12\u00aa etapa da temporada 2025. O&nbsp;<strong>GRANDE PR\u00caMIO<\/strong>&nbsp;acompanha todas as atividades&nbsp;<strong><a href=\"https:\/\/www.grandepremio.com\/br\/f1\/ao-vivo\" target=\"_blank\" rel=\"noreferrer noopener\">AO VIVO E EM&nbsp;<\/a><a href=\"https:\/\/www.grandepremio.com\/br\/ao-vivo\/\" target=\"_blank\" rel=\"noreferrer noopener\">TEMPO REAL<\/a><\/strong>, al\u00e9m de classifica\u00e7\u00e3o e corrida em&nbsp;<strong><a href=\"https:\/\/www.youtube.com\/@GrandePremio1\/streams\" target=\"_blank\" rel=\"noreferrer noopener\">SEGUNDA TELA no YouTube<\/a><\/strong>, em parceria com a Voz do Esporte. O&nbsp;<strong>Briefing<\/strong>&nbsp;chega para analisar ap\u00f3s o fim de cada dia de atividades nas redes sociais e na GPTV.<\/p>\n\n\n\n<p class=\"wp-block-paragraph\">Al\u00e9m da cobertura tradicional, o&nbsp;<strong>GRANDE PR\u00caMIO<\/strong>&nbsp;estar\u00e1&nbsp;<strong>IN LOCO<\/strong>&nbsp;em&nbsp;<strong><a href=\"https:\/\/www.grandepremio.com\/br\/circuito\/silverstone\/\" target=\"_blank\" rel=\"noreferrer noopener\">Silverstone<\/a>&nbsp;<\/strong>para acompanhar todas as emo\u00e7\u00f5es da etapa com o rep\u00f3rter&nbsp;<strong>Leonid Kliuev<\/strong>.<\/p>\n\n\n\n<p class=\"wp-block-paragraph\"><strong>GP da Inglaterra de F1: veja os hor\u00e1rios em Brasil, Cabo Verde,&nbsp;<a href=\"https:\/\/grandepremio.pt\/\" target=\"_blank\" rel=\"noreferrer noopener\">Portugal<\/a>, Angola e Mo\u00e7ambique:<\/strong><\/p>\n\n\n\n<figure class=\"wp-block-table\"><table class=\"has-fixed-layout\"><tbody><tr><td><strong>Sess\u00e3o<\/strong><\/td><td><strong>BRA*<\/strong><\/td><td><strong>CBV<\/strong><\/td><td><strong>POR<\/strong><br><strong>ANG<\/strong><\/td><td><strong>MOZ<\/strong><\/td><\/tr><tr><td>Treino livre 1<\/td><td>08:30<\/td><td>10:30<\/td><td>12:30<\/td><td>13:30<\/td><\/tr><tr><td>Treino livre 2<\/td><td>12:00<\/td><td>14:00<\/td><td>16:00<\/td><td>17:00<\/td><\/tr><tr><td>Treino livre 3<\/td><td>07:30<\/td><td>09:30<\/td><td>11:30<\/td><td>12:30<\/td><\/tr><tr><td>Classifica\u00e7\u00e3o<\/td><td>11:00<\/td><td>13:00<\/td><td>15:00<\/td><td>16:00<\/td><\/tr><tr><td>Corrida<\/td><td>11:00<\/td><td>13:00<\/td><td>15:00<\/td><td>16:00<\/td><\/tr><\/tbody><\/table><\/figure>\n\n\n\n<p class=\"wp-block-paragraph\"><em>*Hor\u00e1rio de Bras\u00edlia<\/em><\/p>\n\n\n\n<p class=\"wp-block-paragraph\"><strong>\u25b6\ufe0f<\/strong>&nbsp;<strong>Inscreva-se nos dois canais do GRANDE PR\u00caMIO no YouTube:&nbsp;<a href=\"https:\/\/www.youtube.com\/channel\/UC9OlHEgxoaY6QY6nWPoiqQg?sub_confirmation=1\" target=\"_blank\" rel=\"noreferrer noopener\">GP<\/a>&nbsp;|&nbsp;<a href=\"https:\/\/www.youtube.com\/channel\/UC9csiS6q_C3C0FYhyr1rnFA?sub_confirmation=1\" target=\"_blank\" rel=\"noreferrer noopener\">GP2<\/a><\/strong><\/p>\n\n\n\n<figure class=\"wp-block-embed is-type-video is-provider-youtube wp-block-embed-youtube wp-embed-aspect-16-9 wp-has-aspect-ratio\"><div class=\"wp-block-embed__wrapper\">\n<iframe loading=\"lazy\" title=\"NORRIS VENCE E SE APROXIMA DE PIASTRI, BORTOLETO PONTUA: a F1 na \u00c1USTRIA | BRIEFING\" width=\"500\" height=\"281\" src=\"https:\/\/www.youtube.com\/embed\/E1uueU8NJYk?feature=oembed\" frameborder=\"0\" allow=\"accelerometer; autoplay; clipboard-write; encrypted-media; gyroscope; picture-in-picture; web-share\" referrerpolicy=\"strict-origin-when-cross-origin\" allowfullscreen><\/iframe>\n<\/div><figcaption class=\"wp-element-caption\">NORRIS VENCE E SE APROXIMA DE PIASTRI, BORTOLETO PONTUA: a F1 na \u00c1USTRIA | BRIEFING<\/figcaption><\/figure>\n","protected":false},"excerpt":{"rendered":"<p>Christian Horner, chefe da Red Bull, est\u00e1 perplexo com a forma em que o carro da McLaren n\u00e3o desgasta os pneus e n\u00e3o v\u00ea ningu\u00e9m no grid ser capaz de fazer igual<\/p>\n","protected":false},"author":0,"featured_media":1000931780,"comment_status":"closed","ping_status":"closed","sticky":false,"template":"","format":"standard","meta":{"42wp_featured_image_caption":"","42wp_featured_image_credits":"","42wp_featured_video":"","42wp_featured_image_hidden":false,"42wp_authors_list":[],"footnotes":""},"categories":[2],"tags":[26271,655,5273,147,3630,180,3628,23783,40100,1491,28285,30840,547,203,90,35129,2916,41606,204,4613,43962,31955,42001],"42wp_author":[47163],"class_list":["post-20530","post","type-post","status-publish","format-standard","has-post-thumbnail","hentry","category-f1","tag-calendario-f1","tag-christian-horner","tag-classificacao-f1","tag-f1","tag-f1-2025","tag-formula-1","tag-formula-1-2025","tag-gp-da-austria","tag-gp-da-austria-f1","tag-grande-premio","tag-grandepremio","tag-horarios-f1","tag-lando-norris","tag-max-verstappen","tag-mclaren","tag-onde-assistir-f1","tag-oscar-piastri","tag-rb21","tag-red-bull","tag-spielberg","tag-spielberg-2025","tag-spielberg-f1","tag-temporada-2025-f1","42wp_author-caio-cavalcante"],"_links":{"self":[{"href":"https:\/\/grandepremio.com\/br\/wp-json\/wp\/v2\/posts\/20530","targetHints":{"allow":["GET"]}}],"collection":[{"href":"https:\/\/grandepremio.com\/br\/wp-json\/wp\/v2\/posts"}],"about":[{"href":"https:\/\/grandepremio.com\/br\/wp-json\/wp\/v2\/types\/post"}],"replies":[{"embeddable":true,"href":"https:\/\/grandepremio.com\/br\/wp-json\/wp\/v2\/comments?post=20530"}],"version-history":[{"count":0,"href":"https:\/\/grandepremio.com\/br\/wp-json\/wp\/v2\/posts\/20530\/revisions"}],"wp:featuredmedia":[{"embeddable":true,"href":"https:\/\/grandepremio.com\/br\/wp-json\/wp\/v2\/media\/1000931780"}],"wp:attachment":[{"href":"https:\/\/grandepremio.com\/br\/wp-json\/wp\/v2\/media?parent=20530"}],"wp:term":[{"taxonomy":"category","embeddable":true,"href":"https:\/\/grandepremio.com\/br\/wp-json\/wp\/v2\/categories?post=20530"},{"taxonomy":"post_tag","embeddable":true,"href":"https:\/\/grandepremio.com\/br\/wp-json\/wp\/v2\/tags?post=20530"},{"taxonomy":"42wp_author","embeddable":true,"href":"https:\/\/grandepremio.com\/br\/wp-json\/wp\/v2\/42wp_author?post=20530"}],"curies":[{"name":"wp","href":"https:\/\/api.w.org\/{rel}","templated":true}]}}