{"id":20537,"date":"2025-06-30T11:40:37","date_gmt":"2025-06-30T14:40:37","guid":{"rendered":"https:\/\/grandepremio.com\/br\/noticias\/mercedes-defende-permanencia-frederic-vasseur-ferrari-nao-encontrarao-melhor\/"},"modified":"2025-06-30T11:45:50","modified_gmt":"2025-06-30T14:45:50","slug":"mercedes-defende-permanencia-frederic-vasseur-ferrari-nao-encontrarao-melhor","status":"publish","type":"post","link":"https:\/\/grandepremio.com\/br\/f1\/mercedes-defende-permanencia-frederic-vasseur-ferrari-nao-encontrarao-melhor\/","title":{"rendered":"Mercedes defende perman\u00eancia de Vasseur na Ferrari: &#8220;N\u00e3o encontrar\u00e3o algu\u00e9m melhor&#8221;"},"content":{"rendered":"\n<p class=\"wp-block-paragraph\"><strong>Toto Wolff<\/strong> saiu em defesa de <strong>Fr\u00e9d\u00e9ric Vasseur<\/strong>, que tem o futuro como chefe de equipe da <strong>Ferrari<\/strong> em xeque. Em entrevista concedida durante o fim de semana do GP da \u00c1ustria, <strong>elogiou o trabalho<\/strong> do franc\u00eas, <strong>defendeu dos <a href=\"https:\/\/www.grandepremio.com\/br\/f1\/noticias\/ferrari-poe-proximos-3-gps-decisivos-futuro-frederic-vasseur-ja-mira-chefe-wec-antonello-coletta\/\">rumores de demiss\u00e3o<\/a><\/strong> e <strong>ironizou a expectativa por resultados imediatos<\/strong> em Maranello.<\/p>\n\n\n\n<p class=\"wp-block-paragraph\">Vasseur passou a enfrentar press\u00e3o nas \u00faltimas semanas, sobretudo ap\u00f3s a Ferrari n\u00e3o conseguir manter o ritmo de 2024 e deixar de disputar vit\u00f3rias em sequ\u00eancia. Inclusive, n\u00e3o esteve presente no circuito de Spielberg por motivos pessoais \u2014 <strong><a href=\"https:\/\/www.grandepremio.com\/br\/f1\/noticias\/frederic-vasseur-deixa-comando-ferrari-gp-austria-jerome-dambrosio-assume-chefia-interina\/\">o comando da equipe ficou a cargo de J\u00e9r\u00f4me D\u2019Ambrosio<\/a><\/strong>.<\/p>\n\n\n\n<p class=\"wp-block-paragraph\">\u201c<strong>Fred \u00e9 um dos melhores dirigentes de corrida que conhe\u00e7o<\/strong>. \u00c9 um cara direto, que n\u00e3o faz pol\u00edtica, n\u00e3o mente e sabe do que est\u00e1 falando. Se eu n\u00e3o estivesse aqui, <strong>o traria para a Mercedes<\/strong>&#8220;, defendeu.<\/p>\n\n\n\n<p class=\"wp-block-paragraph\">&#8220;<strong>Precisa de tempo para montar uma organiza\u00e7\u00e3o s\u00f3lida<\/strong>, que n\u00e3o desmorone no primeiro desafio. Lo\u00efc Serra est\u00e1 l\u00e1 h\u00e1 seis ou sete meses, ent\u00e3o \u00e9 um projeto em constru\u00e7\u00e3o\u201d, ponderou.<\/p>\n\n\n\n<figure class=\"wp-block-image size-large\"><img decoding=\"async\" src=\"https:\/\/www.grandepremio.com\/br\/wp-content\/uploads\/2025\/02\/afp-bahrain-2025-f1-teste-pre-temporada-ferrari-frederic-vasseur-1200x800.jpg\" alt=\"\" class=\"wp-image-931836\"\/><figcaption class=\"wp-element-caption\">Fr\u00e9d\u00e9ric Vasseur est\u00e1 sob press\u00e3o na Ferrari (Foto: AFP)<\/figcaption><\/figure>\n\n\n\n<p class=\"wp-block-paragraph\">Wolff tamb\u00e9m destacou <strong>o peso da cultura italiana na press\u00e3o interna da Ferrari<\/strong>. Explicou que os tratamentos extremos de acordo com os resultados na pista exigem algu\u00e9m com experi\u00eancia e garantiu n\u00e3o haver nome melhor para o cargo.<\/p>\n\n\n\n<p class=\"wp-block-paragraph\">\u201cGerenciar a Ferrari \u00e9 como comandar a sele\u00e7\u00e3o nacional de futebol. A imprensa est\u00e1 sempre em cima. <strong>Se vence, \u00e9 Jesus Cristo. Se perde, \u00e9 um fracassado<\/strong>. \u00c9 a paix\u00e3o italiana \u2014 linda, mas implac\u00e1vel&#8221;, comentou.<\/p>\n\n\n\n<p class=\"wp-block-paragraph\">&#8220;Talvez Fred <strong>ainda precise criar uma pele mais grossa<\/strong> para isso. Mas, no restante, tem total capacidade para fazer um grande trabalho. S\u00f3 precisam confiar nele. Porque, sinceramente, <strong>n\u00e3o v\u00e3o encontrar algu\u00e9m melhor<\/strong>\u201d, afirmou.<\/p>\n\n\n\n<p class=\"wp-block-paragraph\">Por fim, o austr\u00edaco questionou a falta de paci\u00eancia na F\u00f3rmula 1 atualmente. E buscou na hist\u00f3ria da pr\u00f3pria Ferrari um exemplo para criticar a rota\u00e7\u00e3o de profissionais.<\/p>\n\n\n\n<p class=\"wp-block-paragraph\">\u201c<strong>Parece que as equipes est\u00e3o se tornando portas girat\u00f3rias<\/strong>. Eu e Christian [Horner] somos os \u00faltimos dinossauros ainda no paddock. Precisamos lembrar que grandes ciclos levam tempo para se construir. <strong>Jean Todt<\/strong> entrou na Ferrari em 1993 e s\u00f3 venceu o primeiro t\u00edtulo em 2000. <strong>Foram oito anos<\/strong>, e ningu\u00e9m questionava se era competente ou n\u00e3o\u201d, concluiu.<\/p>\n\n\n\n<p class=\"wp-block-paragraph\">A&nbsp;<strong><a href=\"https:\/\/www.grandepremio.com\/br\/f1\/\" target=\"_blank\" rel=\"noreferrer noopener\"><\/a><a href=\"https:\/\/www.grandepremio.com\/br\/f1\/\" target=\"_blank\" rel=\"noreferrer noopener\">F\u00f3rmula 1<\/a><\/strong>&nbsp;retorna neste fim de semana, de 4 a 6 de julho,<strong>&nbsp;em Silverstone<\/strong>, 12\u00aa etapa da temporada 2025. O&nbsp;<strong>GRANDE PR\u00caMIO<\/strong>&nbsp;acompanha todas as atividades&nbsp;<strong><a href=\"https:\/\/www.grandepremio.com\/br\/f1\/ao-vivo\" target=\"_blank\" rel=\"noreferrer noopener\">AO VIVO E EM&nbsp;<\/a><a href=\"https:\/\/www.grandepremio.com\/br\/ao-vivo\/\" target=\"_blank\" rel=\"noreferrer noopener\">TEMPO REAL<\/a><\/strong>, al\u00e9m de classifica\u00e7\u00e3o e corrida em&nbsp;<strong><a href=\"https:\/\/www.youtube.com\/@GrandePremio1\/streams\" target=\"_blank\" rel=\"noreferrer noopener\">SEGUNDA TELA no YouTube<\/a><\/strong>, em parceria com a Voz do Esporte. O&nbsp;<strong>Briefing<\/strong>&nbsp;chega para analisar ap\u00f3s o fim de cada dia de atividades nas redes sociais e na GPTV.<\/p>\n\n\n\n<p class=\"wp-block-paragraph\">Al\u00e9m da cobertura tradicional, o&nbsp;<strong>GRANDE PR\u00caMIO<\/strong>&nbsp;estar\u00e1&nbsp;<strong>IN LOCO<\/strong>&nbsp;em&nbsp;<strong><a href=\"https:\/\/www.grandepremio.com\/br\/circuito\/silverstone\/\" target=\"_blank\" rel=\"noreferrer noopener\">Silverstone<\/a>&nbsp;<\/strong>para acompanhar todas as emo\u00e7\u00f5es da etapa com o rep\u00f3rter&nbsp;<strong>Leonid Kliuev<\/strong>.<\/p>\n\n\n\n<p class=\"wp-block-paragraph\"><strong>GP da Inglaterra de F1: veja os hor\u00e1rios em Brasil, Cabo Verde,&nbsp;<a href=\"https:\/\/grandepremio.pt\/\" target=\"_blank\" rel=\"noreferrer noopener\">Portugal<\/a>, Angola e Mo\u00e7ambique:<\/strong><\/p>\n\n\n\n<figure class=\"wp-block-table\"><table class=\"has-fixed-layout\"><tbody><tr><td><strong>Sess\u00e3o<\/strong><\/td><td><strong>BRA*<\/strong><\/td><td><strong>CBV<\/strong><\/td><td><strong>POR<\/strong><br><strong>ANG<\/strong><\/td><td><strong>MOZ<\/strong><\/td><\/tr><tr><td>Treino livre 1<\/td><td>08:30<\/td><td>10:30<\/td><td>12:30<\/td><td>13:30<\/td><\/tr><tr><td>Treino livre 2<\/td><td>12:00<\/td><td>14:00<\/td><td>16:00<\/td><td>17:00<\/td><\/tr><tr><td>Treino livre 3<\/td><td>07:30<\/td><td>09:30<\/td><td>11:30<\/td><td>12:30<\/td><\/tr><tr><td>Classifica\u00e7\u00e3o<\/td><td>11:00<\/td><td>13:00<\/td><td>15:00<\/td><td>16:00<\/td><\/tr><tr><td>Corrida<\/td><td>11:00<\/td><td>13:00<\/td><td>15:00<\/td><td>16:00<\/td><\/tr><\/tbody><\/table><\/figure>\n\n\n\n<p class=\"wp-block-paragraph\"><em>*Hor\u00e1rio de Bras\u00edlia<\/em><\/p>\n\n\n\n<p class=\"wp-block-paragraph\"><strong>\u25b6\ufe0f<\/strong>&nbsp;<strong>Inscreva-se nos dois canais do GRANDE PR\u00caMIO no YouTube:&nbsp;<a href=\"https:\/\/www.youtube.com\/channel\/UC9OlHEgxoaY6QY6nWPoiqQg?sub_confirmation=1\" target=\"_blank\" rel=\"noreferrer noopener\">GP<\/a>&nbsp;|&nbsp;<a href=\"https:\/\/www.youtube.com\/channel\/UC9csiS6q_C3C0FYhyr1rnFA?sub_confirmation=1\" target=\"_blank\" rel=\"noreferrer noopener\">GP2<\/a><\/strong><\/p>\n\n\n\n<figure class=\"wp-block-embed is-type-video is-provider-youtube wp-block-embed-youtube wp-embed-aspect-16-9 wp-has-aspect-ratio\"><div class=\"wp-block-embed__wrapper\">\n<iframe loading=\"lazy\" title=\"NORRIS VENCE E SE APROXIMA DE PIASTRI, BORTOLETO PONTUA: a F1 na \u00c1USTRIA | BRIEFING\" width=\"500\" height=\"281\" src=\"https:\/\/www.youtube.com\/embed\/E1uueU8NJYk?feature=oembed\" frameborder=\"0\" allow=\"accelerometer; autoplay; clipboard-write; encrypted-media; gyroscope; picture-in-picture; web-share\" referrerpolicy=\"strict-origin-when-cross-origin\" allowfullscreen><\/iframe>\n<\/div><\/figure>\n","protected":false},"excerpt":{"rendered":"<p>Toto Wolff criticou imediatismo na F\u00f3rmula 1, defendeu sequ\u00eancia de Fr\u00e9d\u00e9ric Vasseur a frente da Ferrari e disse que contrataria franc\u00eas caso n\u00e3o fosse chefe da Mercedes<\/p>\n","protected":false},"author":0,"featured_media":1000987150,"comment_status":"closed","ping_status":"closed","sticky":false,"template":"","format":"standard","meta":{"42wp_featured_image_caption":"","42wp_featured_image_credits":"","42wp_featured_video":"","42wp_featured_image_hidden":false,"42wp_authors_list":[],"footnotes":""},"categories":[2],"tags":[26271,655,5273,147,3630,207,180,3628,1322,1491,28285,30840,387,82,35129,42001,150],"42wp_author":[47164],"class_list":["post-20537","post","type-post","status-publish","format-standard","has-post-thumbnail","hentry","category-f1","tag-calendario-f1","tag-christian-horner","tag-classificacao-f1","tag-f1","tag-f1-2025","tag-ferrari","tag-formula-1","tag-formula-1-2025","tag-frederic-vasseur","tag-grande-premio","tag-grandepremio","tag-horarios-f1","tag-jean-todt","tag-mercedes","tag-onde-assistir-f1","tag-temporada-2025-f1","tag-toto-wolff","42wp_author-marcos-gil-ribeiro"],"_links":{"self":[{"href":"https:\/\/grandepremio.com\/br\/wp-json\/wp\/v2\/posts\/20537","targetHints":{"allow":["GET"]}}],"collection":[{"href":"https:\/\/grandepremio.com\/br\/wp-json\/wp\/v2\/posts"}],"about":[{"href":"https:\/\/grandepremio.com\/br\/wp-json\/wp\/v2\/types\/post"}],"replies":[{"embeddable":true,"href":"https:\/\/grandepremio.com\/br\/wp-json\/wp\/v2\/comments?post=20537"}],"version-history":[{"count":0,"href":"https:\/\/grandepremio.com\/br\/wp-json\/wp\/v2\/posts\/20537\/revisions"}],"wp:featuredmedia":[{"embeddable":true,"href":"https:\/\/grandepremio.com\/br\/wp-json\/wp\/v2\/media\/1000987150"}],"wp:attachment":[{"href":"https:\/\/grandepremio.com\/br\/wp-json\/wp\/v2\/media?parent=20537"}],"wp:term":[{"taxonomy":"category","embeddable":true,"href":"https:\/\/grandepremio.com\/br\/wp-json\/wp\/v2\/categories?post=20537"},{"taxonomy":"post_tag","embeddable":true,"href":"https:\/\/grandepremio.com\/br\/wp-json\/wp\/v2\/tags?post=20537"},{"taxonomy":"42wp_author","embeddable":true,"href":"https:\/\/grandepremio.com\/br\/wp-json\/wp\/v2\/42wp_author?post=20537"}],"curies":[{"name":"wp","href":"https:\/\/api.w.org\/{rel}","templated":true}]}}