{"id":20543,"date":"2025-06-30T10:43:19","date_gmt":"2025-06-30T13:43:19","guid":{"rendered":"https:\/\/grandepremio.com\/br\/noticias\/mercedes-indica-ferias-verao-limite-para-definir-dupla-temporada-2026-f1\/"},"modified":"2025-06-30T13:34:44","modified_gmt":"2025-06-30T16:34:44","slug":"mercedes-indica-ferias-verao-limite-para-definir-dupla-temporada-2026-f1","status":"publish","type":"post","link":"https:\/\/grandepremio.com\/br\/f1\/mercedes-indica-ferias-verao-limite-para-definir-dupla-temporada-2026-f1\/","title":{"rendered":"Mercedes indica f\u00e9rias de ver\u00e3o como limite para definir dupla da temporada 2026 da F1"},"content":{"rendered":"\n<p class=\"wp-block-paragraph\">Enquanto disputa a vice-lideran\u00e7a do <strong>Mundial de Construtores<\/strong> ponto a ponto com a <strong>Ferrari<\/strong>, a <strong>Mercedes<\/strong> ainda tem uma lacuna para preencher para a <strong>temporada 2026<\/strong> da <strong>F1<\/strong>: quem ser\u00e1 o companheiro de <strong>Andrea Kimi Antonelli<\/strong>? Chefe da esquadra, <strong>Toto Wolff<\/strong> indicou que essa decis\u00e3o deve ser tomada at\u00e9 as f\u00e9rias de ver\u00e3o da categoria.<\/p>\n\n\n\n<p class=\"wp-block-paragraph\">A Mercedes mant\u00e9m conversas com <strong>George Russell<\/strong> para renovar com o atual piloto do time, mas \u00e9 n\u00edtido e not\u00f3rio que <strong>Max Verstappen<\/strong> \u00e9 um alvo para a temporada 2026, embora o neerland\u00eas, apesar de alguns gatilhos contratuais, tenha um acordo com a <strong>Red Bull<\/strong> at\u00e9 2028. De acordo com o notici\u00e1rio internacional, a continuidade do tetracampe\u00e3o mundial ao time de <strong>Milton Keynes<\/strong> passa por quest\u00f5es referentes ao desempenho, que j\u00e1 estariam resolvidas para o pr\u00f3ximo ano.<\/p>\n\n\n\n<p class=\"wp-block-paragraph\">Verstappen, vale ressaltar, \u00e9 um desejo antigo de Wolff para a Mercedes. O dirigente chegou a conversar com o neerland\u00eas antes deste assumir um lugar de titular na <strong>Toro Rosso<\/strong>, em 2015. Depois, com a sa\u00edda de <strong>Lewis Hamilton<\/strong>, sondou o tetracampe\u00e3o mundial para ocupar o posto.<\/p>\n\n\n\n<p class=\"wp-block-paragraph\"><strong>\u25b6\ufe0f<\/strong>\u00a0<strong>Inscreva-se nos dois canais do GRANDE PR\u00caMIO no YouTube:\u00a0<a href=\"https:\/\/www.youtube.com\/channel\/UC9OlHEgxoaY6QY6nWPoiqQg?sub_confirmation=1\" target=\"_blank\" rel=\"noreferrer noopener\">GP<\/a>\u00a0|\u00a0<a href=\"https:\/\/www.youtube.com\/channel\/UC9csiS6q_C3C0FYhyr1rnFA?sub_confirmation=1\" target=\"_blank\" rel=\"noreferrer noopener\">GP2<\/a><\/strong><\/p>\n\n\n\n<figure class=\"wp-block-image size-large\"><img decoding=\"async\" src=\"https:\/\/www.grandepremio.com\/br\/wp-content\/uploads\/2024\/05\/20240405-0413-1-1200x801.jpg\" alt=\"\" class=\"wp-image-813050\"\/><figcaption class=\"wp-element-caption\">Toto Wolff nunca escondeu o sonho de contratar Max Verstappen (Foto: Marco Miltenburg\/Racepictures)<\/figcaption><\/figure>\n\n\n\n<p class=\"wp-block-paragraph\">\u201c\u00c9 preciso demonstrar respeito por todas as partes envolvidas nesse processo: Mercedes, os pilotos, todos. \u00c9 preciso entender como avan\u00e7ar. N\u00e3o quero ficar fazendo estat\u00edsticas ou deixando um piloto esperando, ou deixando de tomar decis\u00f5es que precisam ser tomadas. Ent\u00e3o, sinto que estamos em uma boa posi\u00e7\u00e3o neste m\u00eas de junho&#8221;, disse o chefe da Mercedes ap\u00f3s o GP da \u00c1ustria.<\/p>\n\n\n\n<p class=\"wp-block-paragraph\">\u201cObviamente, h\u00e1 muitas discuss\u00f5es acontecendo, mas fui aberto quanto a isso, transparente, e em determinado momento \u2014 nos pr\u00f3ximos meses\u2026 at\u00e9 a pausa de ver\u00e3o precisamos ter uma defini\u00e7\u00e3o. Em algum momento antes da pausa de ver\u00e3o acabar, preciso saber. Tudo ser\u00e1 resolvido. Talvez no meio [da pausa de ver\u00e3o]\u201d, finalizou o chefe da Mercedes.<\/p>\n\n\n\n<p class=\"wp-block-paragraph\">A\u00a0<strong><a href=\"https:\/\/www.grandepremio.com\/br\/f1\/\" target=\"_blank\" rel=\"noreferrer noopener\"><\/a><a href=\"https:\/\/www.grandepremio.com\/br\/f1\/\" target=\"_blank\" rel=\"noreferrer noopener\">F\u00f3rmula 1<\/a><\/strong>\u00a0retorna neste fim de semana, de 4 a 6 de julho,<strong>\u00a0em Silverstone<\/strong>, 12\u00aa etapa da temporada 2025. O\u00a0<strong>GRANDE PR\u00caMIO<\/strong>\u00a0acompanha todas as atividades\u00a0<strong><a href=\"https:\/\/www.grandepremio.com\/br\/f1\/ao-vivo\" target=\"_blank\" rel=\"noreferrer noopener\">AO VIVO E EM\u00a0<\/a><a href=\"https:\/\/www.grandepremio.com\/br\/ao-vivo\/\" target=\"_blank\" rel=\"noreferrer noopener\">TEMPO REAL<\/a><\/strong>, al\u00e9m de classifica\u00e7\u00e3o e corrida em\u00a0<strong><a href=\"https:\/\/www.youtube.com\/@GrandePremio1\/streams\" target=\"_blank\" rel=\"noreferrer noopener\">SEGUNDA TELA no YouTube<\/a><\/strong>, em parceria com a Voz do Esporte. O\u00a0<strong>Briefing<\/strong>\u00a0chega para analisar ap\u00f3s o fim de cada dia de atividades nas redes sociais e na GPTV.<\/p>\n\n\n\n<p class=\"wp-block-paragraph\">Al\u00e9m da cobertura tradicional, o\u00a0<strong>GRANDE PR\u00caMIO<\/strong>\u00a0estar\u00e1\u00a0<strong>IN LOCO<\/strong>\u00a0em\u00a0<strong><a href=\"https:\/\/www.grandepremio.com\/br\/circuito\/silverstone\/\" target=\"_blank\" rel=\"noreferrer noopener\">Silverstone<\/a>\u00a0<\/strong>para acompanhar todas as emo\u00e7\u00f5es da etapa com o rep\u00f3rter\u00a0<strong>Leonid Kliuev<\/strong>.<\/p>\n\n\n\n<p class=\"wp-block-paragraph\"><strong>GP da Inglaterra de F1: veja os hor\u00e1rios em Brasil, Cabo Verde,\u00a0<a href=\"https:\/\/grandepremio.pt\/\" target=\"_blank\" rel=\"noreferrer noopener\">Portugal<\/a>, Angola e Mo\u00e7ambique:<\/strong><\/p>\n\n\n\n<figure class=\"wp-block-table\"><table class=\"has-fixed-layout\"><tbody><tr><td><strong>Sess\u00e3o<\/strong><\/td><td><strong>BRA*<\/strong><\/td><td><strong>CBV<\/strong><\/td><td><strong>POR<\/strong><br><strong>ANG<\/strong><\/td><td><strong>MOZ<\/strong><\/td><\/tr><tr><td>Treino livre 1<\/td><td>08:30<\/td><td>10:30<\/td><td>12:30<\/td><td>13:30<\/td><\/tr><tr><td>Treino livre 2<\/td><td>12:00<\/td><td>14:00<\/td><td>16:00<\/td><td>17:00<\/td><\/tr><tr><td>Treino livre 3<\/td><td>07:30<\/td><td>09:30<\/td><td>11:30<\/td><td>12:30<\/td><\/tr><tr><td>Classifica\u00e7\u00e3o<\/td><td>11:00<\/td><td>13:00<\/td><td>15:00<\/td><td>16:00<\/td><\/tr><tr><td>Corrida<\/td><td>11:00<\/td><td>13:00<\/td><td>15:00<\/td><td>16:00<\/td><\/tr><\/tbody><\/table><\/figure>\n\n\n\n<p class=\"wp-block-paragraph\"><em>*Hor\u00e1rio de Bras\u00edlia<\/em><\/p>\n\n\n\n<figure class=\"wp-block-embed is-type-video is-provider-youtube wp-block-embed-youtube wp-embed-aspect-16-9 wp-has-aspect-ratio\"><div class=\"wp-block-embed__wrapper\">\n<iframe loading=\"lazy\" title=\"NORRIS VENCE E SE APROXIMA DE PIASTRI, BORTOLETO PONTUA: a F1 na \u00c1USTRIA | BRIEFING\" width=\"500\" height=\"281\" src=\"https:\/\/www.youtube.com\/embed\/E1uueU8NJYk?feature=oembed\" frameborder=\"0\" allow=\"accelerometer; autoplay; clipboard-write; encrypted-media; gyroscope; picture-in-picture; web-share\" referrerpolicy=\"strict-origin-when-cross-origin\" allowfullscreen><\/iframe>\n<\/div><\/figure>\n\n\n\n<p class=\"wp-block-paragraph\"><\/p>\n","protected":false},"excerpt":{"rendered":"<p>Chefe da Mercedes, Toto Wolff promete tomar decis\u00e3o sobre dupla de pilotos durante f\u00e9rias de ver\u00e3o. D\u00favida estaria entre George Russell e Max Verstappen<\/p>\n","protected":false},"author":0,"featured_media":1000980292,"comment_status":"closed","ping_status":"closed","sticky":false,"template":"","format":"standard","meta":{"42wp_featured_image_caption":"","42wp_featured_image_credits":"","42wp_featured_video":"","42wp_featured_image_hidden":false,"42wp_authors_list":[],"footnotes":""},"categories":[2],"tags":[27861,26271,5273,147,3630,29516,207,180,3628,31425,800,23783,40100,1491,28285,30840,203,82,35129,25333,1763,43993,31956,4613,43962,31955,42001,150],"42wp_author":[47155],"class_list":["post-20543","post","type-post","status-publish","format-standard","has-post-thumbnail","hentry","category-f1","tag-andrea-kimi-antonelli","tag-calendario-f1","tag-classificacao-f1","tag-f1","tag-f1-2025","tag-f1-2026","tag-ferrari","tag-formula-1","tag-formula-1-2025","tag-formula-1-2026","tag-george-russell","tag-gp-da-austria","tag-gp-da-austria-f1","tag-grande-premio","tag-grandepremio","tag-horarios-f1","tag-max-verstappen","tag-mercedes","tag-onde-assistir-f1","tag-previsao-do-tempo","tag-red-bull-ring","tag-red-bull-ring-2025","tag-red-bull-ring-f1","tag-spielberg","tag-spielberg-2025","tag-spielberg-f1","tag-temporada-2025-f1","tag-toto-wolff","42wp_author-daniel-balsa"],"_links":{"self":[{"href":"https:\/\/grandepremio.com\/br\/wp-json\/wp\/v2\/posts\/20543","targetHints":{"allow":["GET"]}}],"collection":[{"href":"https:\/\/grandepremio.com\/br\/wp-json\/wp\/v2\/posts"}],"about":[{"href":"https:\/\/grandepremio.com\/br\/wp-json\/wp\/v2\/types\/post"}],"replies":[{"embeddable":true,"href":"https:\/\/grandepremio.com\/br\/wp-json\/wp\/v2\/comments?post=20543"}],"version-history":[{"count":0,"href":"https:\/\/grandepremio.com\/br\/wp-json\/wp\/v2\/posts\/20543\/revisions"}],"wp:featuredmedia":[{"embeddable":true,"href":"https:\/\/grandepremio.com\/br\/wp-json\/wp\/v2\/media\/1000980292"}],"wp:attachment":[{"href":"https:\/\/grandepremio.com\/br\/wp-json\/wp\/v2\/media?parent=20543"}],"wp:term":[{"taxonomy":"category","embeddable":true,"href":"https:\/\/grandepremio.com\/br\/wp-json\/wp\/v2\/categories?post=20543"},{"taxonomy":"post_tag","embeddable":true,"href":"https:\/\/grandepremio.com\/br\/wp-json\/wp\/v2\/tags?post=20543"},{"taxonomy":"42wp_author","embeddable":true,"href":"https:\/\/grandepremio.com\/br\/wp-json\/wp\/v2\/42wp_author?post=20543"}],"curies":[{"name":"wp","href":"https:\/\/api.w.org\/{rel}","templated":true}]}}