{"id":20587,"date":"2025-06-29T13:08:42","date_gmt":"2025-06-29T16:08:42","guid":{"rendered":"https:\/\/grandepremio.com\/br\/noticias\/max-verstappen-nega-culpa-andrea-kimi-antonelli-batida-austria-elogia-gabriel-bortoleto-guiou-bem\/"},"modified":"2025-06-29T16:41:13","modified_gmt":"2025-06-29T19:41:13","slug":"max-verstappen-nega-culpa-andrea-kimi-antonelli-batida-austria-elogia-gabriel-bortoleto-guiou-bem","status":"publish","type":"post","link":"https:\/\/grandepremio.com\/br\/f1\/max-verstappen-nega-culpa-andrea-kimi-antonelli-batida-austria-elogia-gabriel-bortoleto-guiou-bem\/","title":{"rendered":"Verstappen nega culpa de Antonelli em batida na \u00c1ustria e elogia Bortoleto: \u201cGuiou bem\u201d"},"content":{"rendered":"\n<p class=\"wp-block-paragraph\"><strong>Max Verstappen<\/strong> teve um <strong>GP da \u00c1ustria<\/strong> para esquecer. Na classifica\u00e7\u00e3o, foi atrapalhado por uma bandeira amarela e largou apenas em s\u00e9timo lugar. <a href=\"https:\/\/www.grandepremio.com\/br\/f1\/noticias\/lando-norris-resiste-oscar-piastri-vence-gp-da-austria-gabriel-bortoleto-pontua-1-vez-formula-1\/\">Na corrida deste domingo (29)<\/a>, <strong>Andrea Kimi Antonelli<\/strong> <a href=\"https:\/\/www.grandepremio.com\/br\/f1\/noticias\/andrea-kimi-antonelli-perde-freada-atropela-max-verstappen-causa-safety-car-volta-1-gp-austria\/\">errou a freada e o acertou logo na primeira volta<\/a>. O tetracampe\u00e3o n\u00e3o culpou o italiano e comentou que foi apenas falta de sorte durante o fim de semana. Ele tamb\u00e9m declarou que <strong>Gabriel Bortoleto<\/strong> pilotou muito bem em <strong>Spielberg<\/strong>.<\/p>\n\n\n\n<p class=\"wp-block-paragraph\">\u201cTive azar ontem na classifica\u00e7\u00e3o e hoje tamb\u00e9m na corrida\u201d, iniciou o neerland\u00eas em entrevista acompanhada pelo <strong>GRANDE PR\u00caMIO<\/strong>. \u201cSe voc\u00ea olhar o fim de semana como um todo, n\u00e3o est\u00e1vamos onde gostar\u00edamos em termos de ritmo, ent\u00e3o temos de analisar. Espero me sair melhor na semana que vem\u201d, seguiu.<\/p>\n\n\n\n<p class=\"wp-block-paragraph\">\u201cO carro de Antonelli era o \u00fanico do meu lado, ent\u00e3o tive a certeza de que ele me acertou. Essas coisas acontecem, todo piloto comete erros como este. Kimi \u00e9 um grande talento e vai levar como aprendizado. Ningu\u00e9m faz isso de prop\u00f3sito e, para mim, j\u00e1 \u00e9 um caso encerrado\u201d, salientou. O piloto da Mercedes acabou sendo punido pela dire\u00e7\u00e3o de prova e <a href=\"https:\/\/www.grandepremio.com\/br\/f1\/noticias\/andrea-kimi-antonelli-perde-3-posicoes-grid-gp-inglaterra-acertar-max-verstappen-austria\/\">vai perder tr\u00eas posi\u00e7\u00f5es no grid do GP da Inglaterra<\/a>.<\/p>\n\n\n\n<p class=\"wp-block-paragraph\">Questionado sobre a situa\u00e7\u00e3o no campeonato, Verstappen manteve o mesmo discurso de antes. \u201cNunca pensei nisso. Tento levar corrida a corrida e entender melhor o desempenho do carro em cada pista. Tamb\u00e9m n\u00e3o penso sobre a vantagem atual da <strong>McLaren<\/strong>\u201d, destacou.<\/p>\n\n\n\n<figure class=\"wp-block-image size-large\"><img decoding=\"async\" src=\"https:\/\/www.grandepremio.com\/br\/wp-content\/uploads\/2025\/06\/austria-2025-f1-treinos-livres-red-bull-max-verstappen-afp-02-1-1200x773.jpg\" alt=\"\" class=\"wp-image-986144\"\/><figcaption class=\"wp-element-caption\">Max Verstappen n\u00e3o pontuou no GP da \u00c1ustria (Foto: AFP) <\/figcaption><\/figure>\n\n\n\n<p class=\"wp-block-paragraph\">\u25b6\ufe0f\u00a0<strong>Inscreva-se nos dois canais do GRANDE PR\u00caMIO no YouTube:\u00a0<a href=\"https:\/\/www.youtube.com\/channel\/UC9OlHEgxoaY6QY6nWPoiqQg?sub_confirmation=1\" target=\"_blank\" rel=\"noreferrer noopener\">GP<\/a>\u00a0|\u00a0<a href=\"https:\/\/www.youtube.com\/channel\/UC9csiS6q_C3C0FYhyr1rnFA?sub_confirmation=1\" target=\"_blank\" rel=\"noreferrer noopener\">GP2<\/a><\/strong><br>\u25b6\ufe0f\u00a0<strong>OU\u00c7A AGORA:\u00a0<a href=\"https:\/\/www.grandepremio.com\/br\/f1\/noticias\/f1-e-uma-revolucao-e-o-que-vale-a-pena-ver-sobre-esporte-na-telona-paddockast-196\/\">\u2018F1\u2019 \u00e9 uma revolu\u00e7\u00e3o? E o que vale a pena ver sobre esporte na telona | Paddockast #196<\/a><\/strong><\/p>\n\n\n\n<p class=\"wp-block-paragraph\">\u201cTentamos fazer o nosso melhor, sempre. Minha mentalidade n\u00e3o muda. J\u00e1 ganhamos muito no passado. \u00c0s vezes, voc\u00ea tem que aceitar que n\u00e3o est\u00e1 vencendo, e tentamos fazer o melhor que podemos&#8221;, apontou.<\/p>\n\n\n\n<p class=\"wp-block-paragraph\">Sobre <strong>Bortoleto<\/strong>, Max celebrou o bom fim de semana dele. \u201cEle teve um pouco de azar no final com as bandeiras azuis. Acho que tinha uma chance [de ultrapassar <strong>Fernando Alonso<\/strong>]. Ele teve um \u00f3timo fim de semana e pilotou muito bem\u201d, enalteceu.<\/p>\n\n\n\n<p class=\"wp-block-paragraph\">Questionado pelo <strong>GRANDE PR\u00caMIO<\/strong> se o desempenho da Ferrari surpreendeu, o neerland\u00eas deu uma resposta inusitada. \u201cN\u00e3o acompanhei muito a corrida, estava assistindo \u00e0s <strong><a href=\"https:\/\/www.youtube.com\/live\/zfg-kLja1Pw\">24 Horas de Spa-Francorchamps<\/a><\/strong>\u201d, encerrou.<\/p>\n\n\n\n<p class=\"wp-block-paragraph\">A&nbsp;<strong><a href=\"https:\/\/www.grandepremio.com\/br\/f1\/\" target=\"_blank\" rel=\"noreferrer noopener\"><\/a><a href=\"https:\/\/www.grandepremio.com\/br\/f1\/\" target=\"_blank\" rel=\"noreferrer noopener\">F\u00f3rmula 1<\/a><\/strong>&nbsp;retorna no fim de semana que vem, de 4 a 6 de julho,<strong>&nbsp;em Silverstone<\/strong>, 12\u00aa etapa da temporada 2025. O&nbsp;<strong>GRANDE PR\u00caMIO<\/strong>&nbsp;acompanha todas as atividades&nbsp;<strong><a href=\"https:\/\/www.grandepremio.com\/br\/f1\/ao-vivo\" target=\"_blank\" rel=\"noreferrer noopener\">AO VIVO E EM&nbsp;<\/a><a href=\"https:\/\/www.grandepremio.com\/br\/ao-vivo\/\" target=\"_blank\" rel=\"noreferrer noopener\">TEMPO REAL<\/a><\/strong>, al\u00e9m de classifica\u00e7\u00e3o e corrida em&nbsp;<strong><a href=\"https:\/\/www.youtube.com\/@GrandePremio1\/streams\" target=\"_blank\" rel=\"noreferrer noopener\">SEGUNDA TELA no YouTube<\/a><\/strong>, em parceria com a Voz do Esporte. O&nbsp;<strong>Briefing<\/strong>&nbsp;chega para analisar ap\u00f3s o fim de cada dia de atividades nas redes sociais e na GPTV.<\/p>\n\n\n\n<p class=\"wp-block-paragraph\">Al\u00e9m da cobertura tradicional, o&nbsp;<strong>GRANDE PR\u00caMIO<\/strong>&nbsp;estar\u00e1&nbsp;<strong>IN LOCO<\/strong>&nbsp;em&nbsp;<strong><a href=\"https:\/\/www.grandepremio.com\/br\/circuito\/silverstone\/\" target=\"_blank\" rel=\"noreferrer noopener\">Silverstone<\/a>&nbsp;<\/strong>para acompanhar todas as emo\u00e7\u00f5es da etapa com o rep\u00f3rter&nbsp;<strong>Leonid Kliuev<\/strong>.<\/p>\n\n\n\n<figure class=\"wp-block-embed is-type-video is-provider-youtube wp-block-embed-youtube wp-embed-aspect-16-9 wp-has-aspect-ratio\"><div class=\"wp-block-embed__wrapper\">\n<iframe loading=\"lazy\" title=\"NORRIS VENCE E SE APROXIMA DE PIASTRI, BORTOLETO PONTUA: a F1 na \u00c1USTRIA | BRIEFING\" width=\"500\" height=\"281\" src=\"https:\/\/www.youtube.com\/embed\/E1uueU8NJYk?feature=oembed\" frameborder=\"0\" allow=\"accelerometer; autoplay; clipboard-write; encrypted-media; gyroscope; picture-in-picture; web-share\" referrerpolicy=\"strict-origin-when-cross-origin\" allowfullscreen><\/iframe>\n<\/div><figcaption class=\"wp-element-caption\">NORRIS VENCE E SE APROXIMA DE PIASTRI, BORTOLETO PONTUA: a F1 na \u00c1USTRIA | BRIEFING<\/figcaption><\/figure>\n","protected":false},"excerpt":{"rendered":"<p>Max Verstappen n\u00e3o terminou o GP da \u00c1ustria deste domingo (29) por conta de uma batida com Andrea Kimi Antonelli. O tetracampe\u00e3o n\u00e3o culpou o italiano e manteve o discurso de que n\u00e3o pensa no campeonato. Ele tamb\u00e9m enalteceu o fim de semana de Gabriel Bortoleto<\/p>\n","protected":false},"author":0,"featured_media":1000986749,"comment_status":"closed","ping_status":"closed","sticky":false,"template":"","format":"standard","meta":{"42wp_featured_image_caption":"","42wp_featured_image_credits":"","42wp_featured_video":"","42wp_featured_image_hidden":false,"42wp_authors_list":[],"footnotes":""},"categories":[2],"tags":[27861,26271,5273,147,3630,180,3628,350,23783,40100,1491,28285,30840,203,82,35129,204,1197,4613,43962,31955,42001],"42wp_author":[47163,47165],"class_list":["post-20587","post","type-post","status-publish","format-standard","has-post-thumbnail","hentry","category-f1","tag-andrea-kimi-antonelli","tag-calendario-f1","tag-classificacao-f1","tag-f1","tag-f1-2025","tag-formula-1","tag-formula-1-2025","tag-gabriel-bortoleto","tag-gp-da-austria","tag-gp-da-austria-f1","tag-grande-premio","tag-grandepremio","tag-horarios-f1","tag-max-verstappen","tag-mercedes","tag-onde-assistir-f1","tag-red-bull","tag-sauber","tag-spielberg","tag-spielberg-2025","tag-spielberg-f1","tag-temporada-2025-f1","42wp_author-caio-cavalcante","42wp_author-leonid-kluiev"],"_links":{"self":[{"href":"https:\/\/grandepremio.com\/br\/wp-json\/wp\/v2\/posts\/20587","targetHints":{"allow":["GET"]}}],"collection":[{"href":"https:\/\/grandepremio.com\/br\/wp-json\/wp\/v2\/posts"}],"about":[{"href":"https:\/\/grandepremio.com\/br\/wp-json\/wp\/v2\/types\/post"}],"replies":[{"embeddable":true,"href":"https:\/\/grandepremio.com\/br\/wp-json\/wp\/v2\/comments?post=20587"}],"version-history":[{"count":0,"href":"https:\/\/grandepremio.com\/br\/wp-json\/wp\/v2\/posts\/20587\/revisions"}],"wp:featuredmedia":[{"embeddable":true,"href":"https:\/\/grandepremio.com\/br\/wp-json\/wp\/v2\/media\/1000986749"}],"wp:attachment":[{"href":"https:\/\/grandepremio.com\/br\/wp-json\/wp\/v2\/media?parent=20587"}],"wp:term":[{"taxonomy":"category","embeddable":true,"href":"https:\/\/grandepremio.com\/br\/wp-json\/wp\/v2\/categories?post=20587"},{"taxonomy":"post_tag","embeddable":true,"href":"https:\/\/grandepremio.com\/br\/wp-json\/wp\/v2\/tags?post=20587"},{"taxonomy":"42wp_author","embeddable":true,"href":"https:\/\/grandepremio.com\/br\/wp-json\/wp\/v2\/42wp_author?post=20587"}],"curies":[{"name":"wp","href":"https:\/\/api.w.org\/{rel}","templated":true}]}}