{"id":20621,"date":"2025-06-28T19:09:29","date_gmt":"2025-06-28T22:09:29","guid":{"rendered":"https:\/\/grandepremio.com\/br\/noticias\/speed-trap-confira-velocidades-maximas-classificacao-gp-austria-2025\/"},"modified":"2025-06-28T19:13:52","modified_gmt":"2025-06-28T22:13:52","slug":"speed-trap-confira-velocidades-maximas-classificacao-gp-austria-2025","status":"publish","type":"post","link":"https:\/\/grandepremio.com\/br\/f1\/speed-trap-confira-velocidades-maximas-classificacao-gp-austria-2025\/","title":{"rendered":"Speed Trap: confira velocidades m\u00e1ximas da classifica\u00e7\u00e3o do GP da \u00c1ustria"},"content":{"rendered":"\n<p class=\"wp-block-paragraph\"><strong>Oscar Piastri<\/strong> n\u00e3o conseguiu acompanhar o ritmo do companheiro de equipe durante <a href=\"https:\/\/www.grandepremio.com\/br\/f1\/noticias\/lando-norris-poe-rivais-chinelo-conquista-pole-gp-da-austria-formula-1-gabriel-bortoleto-8\/\">a classifica\u00e7\u00e3o do <strong>GP da \u00c1ustria<\/strong><\/a>, 11\u00aa etapa da temporada 2025 da <strong>F\u00f3rmula 1<\/strong>, e teve de se contentar com o terceiro lugar no grid de largada. O australiano, por\u00e9m, alcan\u00e7ou 322,7 km\/h no veloc\u00edmetro do <strong>MCL39 #81<\/strong> e liderou a tabela do <strong>Speed Trap<\/strong> deste s\u00e1bado (28).<\/p>\n\n\n\n<p class=\"wp-block-paragraph\"><strong>Lando Norris<\/strong> apareceu na segunda posi\u00e7\u00e3o, com 322,5 km\/h, enquanto <strong>Max Verstappen<\/strong> \u2014 que <a href=\"https:\/\/www.grandepremio.com\/br\/f1\/noticias\/max-verstappen-admite-estaria-a-quilometros-da-pole-sem-bandeira-amarela-austria\/\">amargou um s\u00e9timo lugar na atividade que definiu a ordem inicial<\/a> em <strong>Spielberg<\/strong> \u2014 completou o top-3 ao bater 321,9 km\/h. <strong>Andrea Kimi Antonelli<\/strong> (321,4 km\/h) e <strong>Yuki Tsunoda<\/strong> (321,3 km\/h) fecharam a lista dos cinco primeiros colocados.<\/p>\n\n\n\n<p class=\"wp-block-paragraph\"><strong>Lewis Hamilton<\/strong> (321,3 km\/h), <strong>Charles Leclerc<\/strong> (321,1 km\/h), <strong>Fernando Alonso<\/strong> (320,6 km\/h), <strong>George Russell<\/strong> (320,3 km\/h) e <strong>Isack Hadjar<\/strong> (320,1 km\/h) figuraram na primeira p\u00e1gina da classifica\u00e7\u00e3o. Na sequ\u00eancia, <strong>Gabriel Bortoleto<\/strong>, que colocou a <strong>Sauber<\/strong> <a href=\"https:\/\/www.grandepremio.com\/br\/f1\/noticias\/gabriel-bortoleto-faz-temporal-sauber-austria-avanca-q3-primeira-vez-f1\/\">pela primeira vez no Q3 em 2025<\/a>, apareceu em 11\u00ba, com 319,9 km\/h.<\/p>\n\n\n\n<p class=\"wp-block-paragraph\"><strong>Liam Lawson<\/strong> <a href=\"https:\/\/www.grandepremio.com\/br\/f1\/noticias\/liam-lawson-vibra-6-lugar-grid-austria-diz-estar-amarradao-racing-bulls\/\">tamb\u00e9m surpreendeu<\/a> com a <strong>Racing Bulls<\/strong> e foi o dono do sexto melhor tempo deste s\u00e1bado, mas apareceu somente na lanterninha do Speed Trap, com 317,5 km\/h. <strong>Franco Colapinto<\/strong> (318 km\/h) e <strong>Carlos Sainz<\/strong> (317,8 km\/h), em 18\u00ba e 19\u00ba, respectivamente, foram os outros dois que marcaram presen\u00e7a no fundo da tabela.<\/p>\n\n\n\n<figure class=\"wp-block-image size-large\"><img decoding=\"async\" src=\"https:\/\/www.grandepremio.com\/br\/wp-content\/uploads\/2025\/06\/austria-2025-f1-classificacao-sauber-gabriel-bortoleto-05-1200x800.jpg\" alt=\"\" class=\"wp-image-986295\"\/><figcaption class=\"wp-element-caption\">Um dos destaques do dia, Gabriel Bortoleto fechou o Speed Trap em 11\u00ba (Foto: Sauber)<\/figcaption><\/figure>\n\n\n\n<p class=\"wp-block-paragraph\">\u25b6\ufe0f <strong>Inscreva-se nos dois canais do GRANDE PR\u00caMIO no YouTube:\u00a0<a href=\"https:\/\/www.youtube.com\/channel\/UC9OlHEgxoaY6QY6nWPoiqQg?sub_confirmation=1\" target=\"_blank\" rel=\"noreferrer noopener\">GP<\/a>\u00a0|\u00a0<a href=\"https:\/\/www.youtube.com\/channel\/UC9csiS6q_C3C0FYhyr1rnFA?sub_confirmation=1\" target=\"_blank\" rel=\"noreferrer noopener\">GP2<\/a><\/strong><br>\u25b6\ufe0f <strong>OU\u00c7A AGORA:\u00a0<a href=\"https:\/\/www.grandepremio.com\/br\/f1\/noticias\/f1-e-uma-revolucao-e-o-que-vale-a-pena-ver-sobre-esporte-na-telona-paddockast-196\/\">\u2018F1\u2019 \u00e9 uma revolu\u00e7\u00e3o? E o que vale a pena ver sobre esporte na telona | Paddockast #196<\/a><\/strong><\/p>\n\n\n\n<p class=\"wp-block-paragraph\" style=\"font-size:30px\"><strong><a href=\"https:\/\/www.grandepremio.com\/br\/f1\/\" target=\"_blank\" rel=\"noreferrer noopener\">F1\u00a0<\/a>2025, GP da\u00a0\u00c1ustria, Classifica\u00e7\u00e3o, Speed Trap:<\/strong><\/p>\n\n\n\n<figure class=\"wp-block-table\"><table class=\"has-fixed-layout\"><tbody><tr><td><strong>1<\/strong><\/td><td>O PIASTRI<\/td><td>322.7<\/td><\/tr><tr><td><strong>2<\/strong><\/td><td>L NORRIS<\/td><td>322.5<\/td><\/tr><tr><td><strong>3<\/strong><\/td><td>M VERSTAPPEN<\/td><td>321.9<\/td><\/tr><tr><td><strong>4<\/strong><\/td><td>A K ANTONELLI<\/td><td>321.4<\/td><\/tr><tr><td><strong>5<\/strong><\/td><td>Y TSUNODA<\/td><td>321.3<\/td><\/tr><tr><td><strong>6<\/strong><\/td><td>L HAMILTON<\/td><td>321.3<\/td><\/tr><tr><td><strong>7<\/strong><\/td><td>C LECLERC<\/td><td>321.1<\/td><\/tr><tr><td><strong>8<\/strong><\/td><td>F ALONSO<\/td><td>320.6<\/td><\/tr><tr><td><strong>9<\/strong><\/td><td>G RUSSELL<\/td><td>320.3<\/td><\/tr><tr><td><strong>10<\/strong><\/td><td>I HADJAR<\/td><td>320.1<\/td><\/tr><tr><td><strong>11<\/strong><\/td><td>G BORTOLETO<\/td><td>319.9<\/td><\/tr><tr><td><strong>12<\/strong><\/td><td>E OCON<\/td><td>319.7<\/td><\/tr><tr><td><strong>13<\/strong><\/td><td>N H\u00dcLKENBERG<\/td><td>319.7<\/td><\/tr><tr><td><strong>14<\/strong><\/td><td>L STROLL<\/td><td>319.5<\/td><\/tr><tr><td><strong>15<\/strong><\/td><td>P GASLY<\/td><td>319.3<\/td><\/tr><tr><td><strong>16<\/strong><\/td><td>A ALBON<\/td><td>319.0<\/td><\/tr><tr><td><strong>17<\/strong><\/td><td>O BEARMAN<\/td><td>318.3<\/td><\/tr><tr><td><strong>18<\/strong><\/td><td>F COLAPINTO<\/td><td>318.0<\/td><\/tr><tr><td><strong>19<\/strong><\/td><td>C SAINZ<\/td><td>317.8<\/td><\/tr><tr><td><strong>20<\/strong><\/td><td>L LAWSON<\/td><td>317.5<\/td><\/tr><\/tbody><\/table><\/figure>\n\n\n\n<p class=\"wp-block-paragraph\">A\u00a0<strong><a href=\"https:\/\/www.grandepremio.com\/br\/f1\/\" target=\"_blank\" rel=\"noreferrer noopener\"><\/a><a href=\"https:\/\/www.grandepremio.com\/br\/f1\/\" target=\"_blank\" rel=\"noreferrer noopener\">F\u00f3rmula 1<\/a><\/strong>\u00a0realiza o GP da \u00c1ustria neste fim de semana, de 27 a 29 de junho,\u00a0<strong>no Red Bull Ring<\/strong>, 11\u00aa etapa da temporada 2025. O\u00a0<strong>GRANDE PR\u00caMIO<\/strong>\u00a0acompanha todas as atividades\u00a0<strong><a href=\"https:\/\/www.grandepremio.com\/br\/f1\/ao-vivo\" target=\"_blank\" rel=\"noreferrer noopener\">AO VIVO E EM\u00a0<\/a><a href=\"https:\/\/www.grandepremio.com\/br\/ao-vivo\/\" target=\"_blank\" rel=\"noreferrer noopener\">TEMPO REAL<\/a><\/strong>, al\u00e9m de classifica\u00e7\u00e3o e corrida em\u00a0<strong><a href=\"https:\/\/www.youtube.com\/@GrandePremio1\/streams\" target=\"_blank\" rel=\"noreferrer noopener\">SEGUNDA TELA no YouTube<\/a><\/strong>, em parceria com a Voz do Esporte. O\u00a0<strong>Briefing<\/strong>\u00a0chega para analisar ap\u00f3s o fim de cada dia de atividades nas redes sociais e na GPTV.<\/p>\n\n\n\n<p class=\"wp-block-paragraph\">Al\u00e9m da cobertura tradicional, o\u00a0<strong>GRANDE PR\u00caMIO<\/strong>\u00a0estar\u00e1\u00a0<strong>IN LOCO<\/strong>\u00a0em\u00a0<strong>Spielberg\u00a0<\/strong>para acompanhar todas as emo\u00e7\u00f5es da etapa com o rep\u00f3rter\u00a0<strong>Leonid Kliuev<\/strong>.<\/p>\n\n\n\n<p class=\"wp-block-paragraph\"><strong>GP da \u00c1ustria\u00a0de F1: veja os hor\u00e1rios em Brasil, Cabo Verde,\u00a0<a href=\"https:\/\/grandepremio.pt\/\" target=\"_blank\" rel=\"noreferrer noopener\">Portugal<\/a>, Angola e Mo\u00e7ambique<\/strong><\/p>\n\n\n\n<figure class=\"wp-block-table\"><table class=\"has-fixed-layout\"><tbody><tr><td><strong>Sess\u00e3o<\/strong><\/td><td><strong>BRA*<\/strong><\/td><td><strong>CBV<\/strong><\/td><td><strong>POR<\/strong><br><strong>ANG<\/strong><\/td><td><strong>MOZ<\/strong><\/td><\/tr><tr><td>Corrida<\/td><td>10:00<\/td><td>12:00<\/td><td>14:00<\/td><td>15:00<\/td><\/tr><\/tbody><\/table><\/figure>\n\n\n\n<p class=\"wp-block-paragraph\"><em>*Hor\u00e1rio de Bras\u00edlia<\/em><\/p>\n\n\n\n<figure class=\"wp-block-embed is-type-video is-provider-youtube wp-block-embed-youtube wp-embed-aspect-16-9 wp-has-aspect-ratio\"><div class=\"wp-block-embed__wrapper\">\n<iframe loading=\"lazy\" title=\"NORRIS DOMINA e \u00e9 POLE, BORTOLETO BRILHA e \u00e9 8\u00ba: a CLASSIFICA\u00c7\u00c3O DA F1 na \u00c1USTRIA | BRIEFING\" width=\"500\" height=\"281\" src=\"https:\/\/www.youtube.com\/embed\/rCekqw-cSW4?feature=oembed\" frameborder=\"0\" allow=\"accelerometer; autoplay; clipboard-write; encrypted-media; gyroscope; picture-in-picture; web-share\" referrerpolicy=\"strict-origin-when-cross-origin\" allowfullscreen><\/iframe>\n<\/div><\/figure>\n","protected":false},"excerpt":{"rendered":"<p>A McLaren tamb\u00e9m marcou presen\u00e7a no topo da tabela do Speed Trap, mas desta vez com Oscar Piastri. Lando Norris e Max Verstappen completaram o top-3<\/p>\n","protected":false},"author":0,"featured_media":1000986245,"comment_status":"closed","ping_status":"closed","sticky":false,"template":"","format":"standard","meta":{"42wp_featured_image_caption":"","42wp_featured_image_credits":"","42wp_featured_video":"","42wp_featured_image_hidden":false,"42wp_authors_list":[],"footnotes":""},"categories":[2],"tags":[27861,43961,25362,26271,546,209,5273,302,147,3630,176,180,3628,350,800,23783,40100,1491,28285,30840,28104,485,547,87,595,203,1521,29923,35129,2916,4613,43962,31955,42001,597],"42wp_author":[47160],"class_list":["post-20621","post","type-post","status-publish","format-standard","has-post-thumbnail","hentry","category-f1","tag-andrea-kimi-antonelli","tag-austria-2025","tag-austria-f1","tag-calendario-f1","tag-carlos-sainz","tag-charles-leclerc","tag-classificacao-f1","tag-esteban-ocon","tag-f1","tag-f1-2025","tag-fernando-alonso","tag-formula-1","tag-formula-1-2025","tag-gabriel-bortoleto","tag-george-russell","tag-gp-da-austria","tag-gp-da-austria-f1","tag-grande-premio","tag-grandepremio","tag-horarios-f1","tag-isack-hadjar","tag-lance-stroll","tag-lando-norris","tag-lewis-hamilton","tag-liam-lawson","tag-max-verstappen","tag-nico-hulkenberg","tag-oliver-bearman","tag-onde-assistir-f1","tag-oscar-piastri","tag-spielberg","tag-spielberg-2025","tag-spielberg-f1","tag-temporada-2025-f1","tag-yuki-tsunoda","42wp_author-vicente-soella"],"_links":{"self":[{"href":"https:\/\/grandepremio.com\/br\/wp-json\/wp\/v2\/posts\/20621","targetHints":{"allow":["GET"]}}],"collection":[{"href":"https:\/\/grandepremio.com\/br\/wp-json\/wp\/v2\/posts"}],"about":[{"href":"https:\/\/grandepremio.com\/br\/wp-json\/wp\/v2\/types\/post"}],"replies":[{"embeddable":true,"href":"https:\/\/grandepremio.com\/br\/wp-json\/wp\/v2\/comments?post=20621"}],"version-history":[{"count":0,"href":"https:\/\/grandepremio.com\/br\/wp-json\/wp\/v2\/posts\/20621\/revisions"}],"wp:featuredmedia":[{"embeddable":true,"href":"https:\/\/grandepremio.com\/br\/wp-json\/wp\/v2\/media\/1000986245"}],"wp:attachment":[{"href":"https:\/\/grandepremio.com\/br\/wp-json\/wp\/v2\/media?parent=20621"}],"wp:term":[{"taxonomy":"category","embeddable":true,"href":"https:\/\/grandepremio.com\/br\/wp-json\/wp\/v2\/categories?post=20621"},{"taxonomy":"post_tag","embeddable":true,"href":"https:\/\/grandepremio.com\/br\/wp-json\/wp\/v2\/tags?post=20621"},{"taxonomy":"42wp_author","embeddable":true,"href":"https:\/\/grandepremio.com\/br\/wp-json\/wp\/v2\/42wp_author?post=20621"}],"curies":[{"name":"wp","href":"https:\/\/api.w.org\/{rel}","templated":true}]}}