{"id":20639,"date":"2025-06-28T14:31:42","date_gmt":"2025-06-28T17:31:42","guid":{"rendered":"https:\/\/grandepremio.com\/br\/noticias\/liam-lawson-vibra-6-lugar-grid-austria-diz-estar-amarradao-racing-bulls\/"},"modified":"2025-06-28T15:47:54","modified_gmt":"2025-06-28T18:47:54","slug":"liam-lawson-vibra-6-lugar-grid-austria-diz-estar-amarradao-racing-bulls","status":"publish","type":"post","link":"https:\/\/grandepremio.com\/br\/f1\/liam-lawson-vibra-6-lugar-grid-austria-diz-estar-amarradao-racing-bulls\/","title":{"rendered":"Lawson vibra com 6\u00ba lugar no grid da \u00c1ustria e diz estar &#8220;amarrad\u00e3o&#8221; pela Racing Bulls"},"content":{"rendered":"\n<p class=\"wp-block-paragraph\">Uma das grandes surpresas da <strong><a href=\"https:\/\/www.grandepremio.com\/br\/f1\/noticias\/lando-norris-poe-rivais-chinelo-conquista-pole-gp-da-austria-formula-1-gabriel-bortoleto-8\/\">classifica\u00e7\u00e3o do GP da \u00c1ustria<\/a><\/strong>, neste s\u00e1bado (28), foi o crescimento de \u00faltima hora da <strong>Racing Bulls<\/strong>. <strong>Liam Lawson<\/strong> n\u00e3o apenas foi ao Q3, mas alcan\u00e7ou o sexto lugar na tomada de tempos em <strong>Spielberg<\/strong>. O suficiente para sair feliz da vida e reconhecendo todo esfor\u00e7o do time nos \u00faltimos tempos.<\/p>\n\n\n\n<p class=\"wp-block-paragraph\">Na avalia\u00e7\u00e3o do resultado que alcan\u00e7ou, limitou-se a destacar que a equipe foi capaz de melhorar o carro entre o treino da manh\u00e3 e a classifica\u00e7\u00e3o. No fim das contas, p\u00f4de dar um presente para a equipe que o recebeu a partir do <strong><a href=\"https:\/\/www.grandepremio.com\/br\/f1\/noticias\/max-verstappen-domina-lando-norris-vence-parado-gp-japao-formula-1-gabriel-bortoleto-19o\/\">GP do Jap\u00e3o<\/a><\/strong>.<\/p>\n\n\n\n<p class=\"wp-block-paragraph\">&#8220;Consegui aumentar a velocidade. \u00c9 uma pista de alta velocidade, mas s\u00e3o detalhes t\u00e3o pequenos que fazem a diferen\u00e7a [que \u00e9 dif\u00edcil precisar]. Temos trabalhado muito duro, a equipe faz \u00f3timo trabalho para crescermos. N\u00e3o podemos perder chance alguma, porque todo mundo tem evolu\u00eddo&#8221;, afirmou.<\/p>\n\n\n\n<p class=\"wp-block-paragraph\">&#8220;Conseguir avan\u00e7ar depois do TL3 e juntar tudo que precis\u00e1vamos de maneira consistente na classifica\u00e7\u00e3o d\u00e1 um gosto muito bom. Estou amarrad\u00e3o pelo time, para falar a verdade. Nas \u00faltimas corridas tivemos desempenho promissor nos treinos e um bom ritmo de corrida, mas as coisas n\u00e3o davam certo na classifica\u00e7\u00e3o&#8221;, apontou.<\/p>\n\n\n\n<figure class=\"wp-block-image size-large\"><img decoding=\"async\" src=\"https:\/\/www.grandepremio.com\/br\/wp-content\/uploads\/2025\/06\/austria-2025-f1-classificacao-racing-bulls-liam-lawson-04-1200x800.jpg\" alt=\"\" class=\"wp-image-986281\"\/><figcaption class=\"wp-element-caption\">Liam Lawson tem melhor posi\u00e7\u00e3o de largada desde retorno \u00e0 Racing Bulls (Foto: Red Bull Content Pool)<\/figcaption><\/figure>\n\n\n\n<p class=\"wp-block-paragraph\">&#8220;\u00c9 um bom sentimento. Tenho orgulho do nosso time, de todo trabalho duro recente e do esfor\u00e7o que fizeram para que eu me sentisse mais confort\u00e1vel.<\/p>\n\n\n\n<p class=\"wp-block-paragraph\">&#8220;\u00c9 um resultado importante, mas sabemos que \u00e9 um ano com muitas atividades de pista. Mesmo aqui na \u00c1ustria, o dia importante \u00e9 amanh\u00e3. Estou confiante, mas \u00e9 uma corrida dif\u00edcil. A estrat\u00e9gia ainda n\u00e3o est\u00e1 totalmente clara, mas andamos bem nas simula\u00e7\u00f5es de corrida durante os treinos. Mas \u00e9 um dia diferente e teremos uma corrida complicada.<\/p>\n\n\n\n<p class=\"wp-block-paragraph\">Questionado sobre se o resultado deixa gosto de vergonha contra a <strong>Red Bull<\/strong>, equipe que defendeu nas duas primeiras provas do ano antes de ser rebaixado, negou. Lawson est\u00e1 na frente tanto de <strong>Yuki Tsunoda<\/strong>, eliminado no Q1, quanto de <strong>Max Verstappen<\/strong>, na s\u00e9tima coloca\u00e7\u00e3o.<\/p>\n\n\n\n<p class=\"wp-block-paragraph\">&#8220;N\u00e3o tem nada de vingan\u00e7a, n\u00e3o disputei nada contra eles. \u00c9 uma boa posi\u00e7\u00e3o, otimizamos o que t\u00ednhamos, mas claro que eu n\u00e3o espero competir muito tempo contra alguns desses caras que est\u00e3o a nosso redor. Vamos tentar segur\u00e1-los&#8221;, continuou.<\/p>\n\n\n\n<p class=\"wp-block-paragraph\">A&nbsp;<strong><a href=\"https:\/\/www.grandepremio.com\/br\/f1\/\" target=\"_blank\" rel=\"noreferrer noopener\"><\/a><a href=\"https:\/\/www.grandepremio.com\/br\/f1\/\" target=\"_blank\" rel=\"noreferrer noopener\">F\u00f3rmula 1<\/a><\/strong>&nbsp;realiza o GP da \u00c1ustria neste fim de semana, de 27 a 29 de junho,&nbsp;<strong>no Red Bull Ring<\/strong>, 11\u00aa etapa da temporada 2025. O&nbsp;<strong>GRANDE PR\u00caMIO<\/strong>&nbsp;acompanha todas as atividades&nbsp;<strong><a href=\"https:\/\/www.grandepremio.com\/br\/f1\/ao-vivo\" target=\"_blank\" rel=\"noreferrer noopener\">AO VIVO E EM&nbsp;<\/a><a href=\"https:\/\/www.grandepremio.com\/br\/ao-vivo\/\" target=\"_blank\" rel=\"noreferrer noopener\">TEMPO REAL<\/a><\/strong>, al\u00e9m de classifica\u00e7\u00e3o e corrida em&nbsp;<strong><a href=\"https:\/\/www.youtube.com\/@GrandePremio1\/streams\" target=\"_blank\" rel=\"noreferrer noopener\">SEGUNDA TELA no YouTube<\/a><\/strong>, em parceria com a Voz do Esporte. O&nbsp;<strong>Briefing<\/strong>&nbsp;chega para analisar ap\u00f3s o fim de cada dia de atividades nas redes sociais e na GPTV.<\/p>\n\n\n\n<p class=\"wp-block-paragraph\">Al\u00e9m da cobertura tradicional, o&nbsp;<strong>GRANDE PR\u00caMIO<\/strong>&nbsp;estar\u00e1&nbsp;<strong>IN LOCO<\/strong>&nbsp;em&nbsp;<strong>Spielberg&nbsp;<\/strong>para acompanhar todas as emo\u00e7\u00f5es da etapa com o rep\u00f3rter&nbsp;<strong>Leonid Kliuev<\/strong>.<\/p>\n\n\n\n<p class=\"wp-block-paragraph\"><strong>GP da \u00c1ustria&nbsp;de F1: veja os hor\u00e1rios em Brasil, Cabo Verde,&nbsp;<a href=\"https:\/\/grandepremio.pt\/\" target=\"_blank\" rel=\"noreferrer noopener\">Portugal<\/a>, Angola e Mo\u00e7ambique<\/strong><\/p>\n\n\n\n<figure class=\"wp-block-table\"><table class=\"has-fixed-layout\"><tbody><tr><td><strong>Sess\u00e3o<\/strong><\/td><td><strong>BRA*<\/strong><\/td><td><strong>CBV<\/strong><\/td><td><strong>POR<\/strong><br><strong>ANG<\/strong><\/td><td><strong>MOZ<\/strong><\/td><\/tr><tr><td>Corrida<\/td><td>10:00<\/td><td>12:00<\/td><td>14:00<\/td><td>15:00<\/td><\/tr><\/tbody><\/table><\/figure>\n\n\n\n<p class=\"wp-block-paragraph\"><em>*Hor\u00e1rio de Bras\u00edlia<\/em><\/p>\n\n\n\n<p class=\"wp-block-paragraph\">\u25b6\ufe0f&nbsp;<strong>Inscreva-se nos dois canais do GRANDE PR\u00caMIO no YouTube:&nbsp;<a href=\"https:\/\/www.youtube.com\/channel\/UC9OlHEgxoaY6QY6nWPoiqQg?sub_confirmation=1\" target=\"_blank\" rel=\"noreferrer noopener\">GP<\/a>&nbsp;|&nbsp;<a href=\"https:\/\/www.youtube.com\/channel\/UC9csiS6q_C3C0FYhyr1rnFA?sub_confirmation=1\" target=\"_blank\" rel=\"noreferrer noopener\">GP2<\/a><\/strong><br>\u25b6\ufe0f&nbsp;<strong>OU\u00c7A AGORA:&nbsp;<a href=\"https:\/\/www.grandepremio.com\/br\/f1\/noticias\/f1-e-uma-revolucao-e-o-que-vale-a-pena-ver-sobre-esporte-na-telona-paddockast-196\/\">\u2018F1\u2019 \u00e9 uma revolu\u00e7\u00e3o? E o que vale a pena ver sobre esporte na telona | Paddockast #196<\/a><\/strong><\/p>\n\n\n\n<figure class=\"wp-block-embed is-type-video is-provider-youtube wp-block-embed-youtube wp-embed-aspect-16-9 wp-has-aspect-ratio\"><div class=\"wp-block-embed__wrapper\">\n<iframe loading=\"lazy\" title=\"NORRIS DOMINA e \u00e9 POLE, BORTOLETO BRILHA e \u00e9 8\u00ba: a CLASSIFICA\u00c7\u00c3O DA F1 na \u00c1USTRIA | BRIEFING\" width=\"500\" height=\"281\" src=\"https:\/\/www.youtube.com\/embed\/rCekqw-cSW4?feature=oembed\" frameborder=\"0\" allow=\"accelerometer; autoplay; clipboard-write; encrypted-media; gyroscope; picture-in-picture; web-share\" referrerpolicy=\"strict-origin-when-cross-origin\" allowfullscreen><\/iframe>\n<\/div><figcaption class=\"wp-element-caption\">GP DA \u00c1USTRIA F1 2025 AO VIVO: TUDO SOBRE A CLASSIFICA\u00c7\u00c3O | BRIEFING<\/figcaption><\/figure>\n","protected":false},"excerpt":{"rendered":"<p>Liam Lawson levou a Racing Bulls at\u00e9 o sexto posto no grid de largada do GP da \u00c1ustria e terminou feliz\u00e3o. Ainda negou qualquer sentimento de vingan\u00e7a contra a Red Bull j\u00e1 que est\u00e1 na frente dos dois pilotos<\/p>\n","protected":false},"author":0,"featured_media":1000986282,"comment_status":"closed","ping_status":"closed","sticky":false,"template":"","format":"standard","meta":{"42wp_featured_image_caption":"","42wp_featured_image_credits":"","42wp_featured_video":"","42wp_featured_image_hidden":false,"42wp_authors_list":[],"footnotes":""},"categories":[2],"tags":[26000,5660,3630,642,40053,23783,42739,36655,40783,595,38179,42749,41954,41953,1763],"42wp_author":[47165,47120],"class_list":["post-20639","post","type-post","status-publish","format-standard","has-post-thumbnail","hentry","category-f1","tag-audiencia-da-tv","tag-classificacao","tag-f1-2025","tag-f1-ao-vivo","tag-fim-de-semana-austria","tag-gp-da-austria","tag-lawson-2025","tag-lawson-f1","tag-lawson-formula-1","tag-liam-lawson","tag-racing-bulls","tag-racing-bulls-2025","tag-racing-bulls-f1","tag-racing-bulls-formula-1","tag-red-bull-ring","42wp_author-leonid-kluiev","42wp_author-pedro-henrique-marum"],"_links":{"self":[{"href":"https:\/\/grandepremio.com\/br\/wp-json\/wp\/v2\/posts\/20639","targetHints":{"allow":["GET"]}}],"collection":[{"href":"https:\/\/grandepremio.com\/br\/wp-json\/wp\/v2\/posts"}],"about":[{"href":"https:\/\/grandepremio.com\/br\/wp-json\/wp\/v2\/types\/post"}],"replies":[{"embeddable":true,"href":"https:\/\/grandepremio.com\/br\/wp-json\/wp\/v2\/comments?post=20639"}],"version-history":[{"count":0,"href":"https:\/\/grandepremio.com\/br\/wp-json\/wp\/v2\/posts\/20639\/revisions"}],"wp:featuredmedia":[{"embeddable":true,"href":"https:\/\/grandepremio.com\/br\/wp-json\/wp\/v2\/media\/1000986282"}],"wp:attachment":[{"href":"https:\/\/grandepremio.com\/br\/wp-json\/wp\/v2\/media?parent=20639"}],"wp:term":[{"taxonomy":"category","embeddable":true,"href":"https:\/\/grandepremio.com\/br\/wp-json\/wp\/v2\/categories?post=20639"},{"taxonomy":"post_tag","embeddable":true,"href":"https:\/\/grandepremio.com\/br\/wp-json\/wp\/v2\/tags?post=20639"},{"taxonomy":"42wp_author","embeddable":true,"href":"https:\/\/grandepremio.com\/br\/wp-json\/wp\/v2\/42wp_author?post=20639"}],"curies":[{"name":"wp","href":"https:\/\/api.w.org\/{rel}","templated":true}]}}