{"id":20684,"date":"2025-06-27T16:53:36","date_gmt":"2025-06-27T19:53:36","guid":{"rendered":"https:\/\/grandepremio.com\/br\/noticias\/yuki-tsunoda-ve-boa-abordagem-red-bull-austria-e-admite-estou-ganhando-confianca\/"},"modified":"2025-06-27T16:55:41","modified_gmt":"2025-06-27T19:55:41","slug":"yuki-tsunoda-ve-boa-abordagem-red-bull-austria-e-admite-estou-ganhando-confianca","status":"publish","type":"post","link":"https:\/\/grandepremio.com\/br\/f1\/yuki-tsunoda-ve-boa-abordagem-red-bull-austria-e-admite-estou-ganhando-confianca\/","title":{"rendered":"Tsunoda v\u00ea \u201cboa abordagem\u201d da Red Bull na \u00c1ustria e admite: \u201cEstou ganhando confian\u00e7a\u201d"},"content":{"rendered":"\n<p class=\"wp-block-paragraph\"><strong>Yuki Tsunoda<\/strong> fez o s\u00e9timo melhor tempo no TL2 do <strong>GP da \u00c1ustria<\/strong>,<a href=\"https:\/\/www.grandepremio.com\/br\/f1\/noticias\/lando-norris-lidera-tl2-indica-controle-mclaren-gp-da-austria-gabriel-bortoleto-8\/\"> realizado nesta sexta-feira (27)<\/a>, uma melhora consider\u00e1vel depois de ser apenas o 17\u00b0 no TL1. O japon\u00eas destacou que ainda est\u00e1 aprendendo como lidar com o carro da <strong>Red Bull<\/strong>, mas que est\u00e1 ganhando confian\u00e7a aos poucos e elogiou a abordagem da equipe no primeiro dia de atividades em <strong>Spielberg<\/strong>.\u00a0<\/p>\n\n\n\n<p class=\"wp-block-paragraph\">\u201cTudo correu na dire\u00e7\u00e3o certa do TL1 para o TL2\u201d, iniciou o piloto do <strong>#22<\/strong>. \u201cAinda faltam alguns detalhes, mas consigo encontrar pontos positivos e vamos trabalhar mais nisso durante a noite para manter o ritmo&#8221;, seguiu.<\/p>\n\n\n\n<p class=\"wp-block-paragraph\">\u201cEstou sentindo uma boa confian\u00e7a no carro, gosto deste tipo de pista e, em curvas de alta velocidade, \u00e9 necess\u00e1rio confiar no b\u00f3lido. Com isso, a sensa\u00e7\u00e3o no TL2 com o <strong>RB21<\/strong> foi muito melhor e \u00e9 disso que preciso\u201d, enfatizou.<\/p>\n\n\n\n<p class=\"wp-block-paragraph\">\u201cAinda estou aprendendo sobre este carro e tenho de me preparar bem para as sess\u00f5es importantes deste fim de semana. Tivemos uma boa abordagem at\u00e9 agora e s\u00f3 preciso acertar tudo amanh\u00e3\u201d, encerrou <strong>Yuki<\/strong>.<\/p>\n\n\n\n<figure class=\"wp-block-image size-large\"><img decoding=\"async\" src=\"https:\/\/www.grandepremio.com\/br\/wp-content\/uploads\/2025\/06\/austria-2025-f1-treinos-livres-red-bull-yuki-tsunoda-05-1200x800.jpg\" alt=\"\" class=\"wp-image-985746\"\/><figcaption class=\"wp-element-caption\">Yuki Tsunoda (Foto: Red Bull Content Pool)<\/figcaption><\/figure>\n\n\n\n<p class=\"wp-block-paragraph\">\u25b6\ufe0f\u00a0<strong>Inscreva-se nos dois canais do GRANDE PR\u00caMIO no YouTube:\u00a0<a href=\"https:\/\/www.youtube.com\/channel\/UC9OlHEgxoaY6QY6nWPoiqQg?sub_confirmation=1\" target=\"_blank\" rel=\"noreferrer noopener\">GP<\/a>\u00a0|\u00a0<a href=\"https:\/\/www.youtube.com\/channel\/UC9csiS6q_C3C0FYhyr1rnFA?sub_confirmation=1\" target=\"_blank\" rel=\"noreferrer noopener\">GP2<\/a><\/strong><br>\u25b6\ufe0f\u00a0<strong>OU\u00c7A AGORA:\u00a0<a href=\"https:\/\/www.grandepremio.com\/br\/f1\/noticias\/f1-e-uma-revolucao-e-o-que-vale-a-pena-ver-sobre-esporte-na-telona-paddockast-196\/\">\u2018F1\u2019 \u00e9 uma revolu\u00e7\u00e3o? E o que vale a pena ver sobre esporte na telona | Paddockast #196<\/a><\/strong><\/p>\n\n\n\n<p class=\"wp-block-paragraph\">Tsunoda \u00e9 o 15\u00b0 no <strong>Mundial de Pilotos<\/strong>, com 10 pontos marcados. Entre os <strong>Construtores<\/strong>, a <strong>Red Bull<\/strong> \u00e9 a quarta colocada, com 162.<\/p>\n\n\n\n<p class=\"wp-block-paragraph\">A\u00a0<strong><a href=\"https:\/\/www.grandepremio.com\/br\/f1\/\" target=\"_blank\" rel=\"noreferrer noopener\"><\/a><a href=\"https:\/\/www.grandepremio.com\/br\/f1\/\" target=\"_blank\" rel=\"noreferrer noopener\">F\u00f3rmula 1<\/a><\/strong>\u00a0realiza o GP da \u00c1ustria neste fim de semana, de 27 a 29 de junho,\u00a0<strong>no Red Bull Ring<\/strong>, 11\u00aa etapa da temporada 2025. O\u00a0<strong>GRANDE PR\u00caMIO<\/strong>\u00a0acompanha todas as atividades\u00a0<strong><a href=\"https:\/\/www.grandepremio.com\/br\/f1\/ao-vivo\" target=\"_blank\" rel=\"noreferrer noopener\">AO VIVO E EM\u00a0<\/a><a href=\"https:\/\/www.grandepremio.com\/br\/ao-vivo\/\" target=\"_blank\" rel=\"noreferrer noopener\">TEMPO REAL<\/a><\/strong>, al\u00e9m de classifica\u00e7\u00e3o e corrida em\u00a0<strong><a href=\"https:\/\/www.youtube.com\/@GrandePremio1\/streams\" target=\"_blank\" rel=\"noreferrer noopener\">SEGUNDA TELA no YouTube<\/a><\/strong>, em parceria com a Voz do Esporte. O\u00a0<strong>Briefing<\/strong>\u00a0chega para analisar ap\u00f3s o fim de cada dia de atividades nas redes sociais e na GPTV.<\/p>\n\n\n\n<p class=\"wp-block-paragraph\">Al\u00e9m da cobertura tradicional, o&nbsp;<strong>GRANDE PR\u00caMIO<\/strong>&nbsp;estar\u00e1&nbsp;<strong>IN LOCO<\/strong>&nbsp;em&nbsp;<strong>Spielberg&nbsp;<\/strong>para acompanhar todas as emo\u00e7\u00f5es da etapa com o rep\u00f3rter&nbsp;<strong>Leonid Kliuev<\/strong>.<\/p>\n\n\n\n<p class=\"wp-block-paragraph\"><strong>GP da \u00c1ustria&nbsp;de F1: veja os hor\u00e1rios em Brasil, Cabo Verde,&nbsp;<a href=\"https:\/\/grandepremio.pt\/\" target=\"_blank\" rel=\"noreferrer noopener\">Portugal<\/a>, Angola e Mo\u00e7ambique:<\/strong><\/p>\n\n\n\n<figure class=\"wp-block-table\"><table class=\"has-fixed-layout\"><tbody><tr><td><strong>Sess\u00e3o<\/strong><\/td><td><strong>BRA*<\/strong><\/td><td><strong>CBV<\/strong><\/td><td><strong>POR<\/strong><br><strong>ANG<\/strong><\/td><td><strong>MOZ<\/strong><\/td><\/tr><tr><td>Treino livre 3<\/td><td>07:30<\/td><td>09:30<\/td><td>11:30<\/td><td>12:30<\/td><\/tr><tr><td>Classifica\u00e7\u00e3o<\/td><td>11:00<\/td><td>13:00<\/td><td>15:00<\/td><td>16:00<\/td><\/tr><tr><td>Corrida<\/td><td>10:00<\/td><td>12:00<\/td><td>14:00<\/td><td>15:00<\/td><\/tr><\/tbody><\/table><\/figure>\n\n\n\n<p class=\"wp-block-paragraph\"><em>*Hor\u00e1rio de Bras\u00edlia<\/em><\/p>\n\n\n\n<figure class=\"wp-block-embed is-type-video is-provider-youtube wp-block-embed-youtube wp-embed-aspect-16-9 wp-has-aspect-ratio\"><div class=\"wp-block-embed__wrapper\">\n<iframe loading=\"lazy\" title=\"GP DA \u00c1USTRIA F1 2025: TUDO SOBRE OS TREINOS LIVRES | BRIEFING\" width=\"500\" height=\"281\" src=\"https:\/\/www.youtube.com\/embed\/gPOB9SJSVqA?feature=oembed\" frameborder=\"0\" allow=\"accelerometer; autoplay; clipboard-write; encrypted-media; gyroscope; picture-in-picture; web-share\" referrerpolicy=\"strict-origin-when-cross-origin\" allowfullscreen><\/iframe>\n<\/div><figcaption class=\"wp-element-caption\">GP DA \u00c1USTRIA F1 2025: TUDO SOBRE OS TREINOS LIVRES | BRIEFING<\/figcaption><\/figure>\n","protected":false},"excerpt":{"rendered":"<p>Yuki Tsunoda foi o s\u00e9timo colocado no TL2 do GP da \u00c1ustria nesta sexta-feira (27) e admitiu que est\u00e1 ganhando confian\u00e7a aos poucos com o carro da Red Bull <\/p>\n","protected":false},"author":0,"featured_media":1000985744,"comment_status":"closed","ping_status":"closed","sticky":false,"template":"","format":"standard","meta":{"42wp_featured_image_caption":"","42wp_featured_image_credits":"","42wp_featured_video":"","42wp_featured_image_hidden":false,"42wp_authors_list":[],"footnotes":""},"categories":[2],"tags":[26271,5273,147,3630,180,3628,23783,40100,1491,28285,30840,35129,41606,204,4613,43962,31955,42001,597],"42wp_author":[47163],"class_list":["post-20684","post","type-post","status-publish","format-standard","has-post-thumbnail","hentry","category-f1","tag-calendario-f1","tag-classificacao-f1","tag-f1","tag-f1-2025","tag-formula-1","tag-formula-1-2025","tag-gp-da-austria","tag-gp-da-austria-f1","tag-grande-premio","tag-grandepremio","tag-horarios-f1","tag-onde-assistir-f1","tag-rb21","tag-red-bull","tag-spielberg","tag-spielberg-2025","tag-spielberg-f1","tag-temporada-2025-f1","tag-yuki-tsunoda","42wp_author-caio-cavalcante"],"_links":{"self":[{"href":"https:\/\/grandepremio.com\/br\/wp-json\/wp\/v2\/posts\/20684","targetHints":{"allow":["GET"]}}],"collection":[{"href":"https:\/\/grandepremio.com\/br\/wp-json\/wp\/v2\/posts"}],"about":[{"href":"https:\/\/grandepremio.com\/br\/wp-json\/wp\/v2\/types\/post"}],"replies":[{"embeddable":true,"href":"https:\/\/grandepremio.com\/br\/wp-json\/wp\/v2\/comments?post=20684"}],"version-history":[{"count":0,"href":"https:\/\/grandepremio.com\/br\/wp-json\/wp\/v2\/posts\/20684\/revisions"}],"wp:featuredmedia":[{"embeddable":true,"href":"https:\/\/grandepremio.com\/br\/wp-json\/wp\/v2\/media\/1000985744"}],"wp:attachment":[{"href":"https:\/\/grandepremio.com\/br\/wp-json\/wp\/v2\/media?parent=20684"}],"wp:term":[{"taxonomy":"category","embeddable":true,"href":"https:\/\/grandepremio.com\/br\/wp-json\/wp\/v2\/categories?post=20684"},{"taxonomy":"post_tag","embeddable":true,"href":"https:\/\/grandepremio.com\/br\/wp-json\/wp\/v2\/tags?post=20684"},{"taxonomy":"42wp_author","embeddable":true,"href":"https:\/\/grandepremio.com\/br\/wp-json\/wp\/v2\/42wp_author?post=20684"}],"curies":[{"name":"wp","href":"https:\/\/api.w.org\/{rel}","templated":true}]}}