{"id":20686,"date":"2025-06-27T16:20:21","date_gmt":"2025-06-27T19:20:21","guid":{"rendered":"https:\/\/grandepremio.com\/br\/noticias\/mercedes-aponta-queda-entre-tl1-tl2-ve-mclaren-como-time-ser-batido-austria\/"},"modified":"2025-06-27T16:34:27","modified_gmt":"2025-06-27T19:34:27","slug":"mercedes-aponta-queda-entre-tl1-tl2-ve-mclaren-como-time-ser-batido-austria","status":"publish","type":"post","link":"https:\/\/grandepremio.com\/br\/f1\/mercedes-aponta-queda-entre-tl1-tl2-ve-mclaren-como-time-ser-batido-austria\/","title":{"rendered":"Mercedes aponta queda entre TL1 e TL2 e v\u00ea McLaren como &#8220;time a ser batido&#8221; na \u00c1ustria"},"content":{"rendered":"\n<p class=\"wp-block-paragraph\">Apesar do desempenho inferior ao que era esperado durante a segunda atividade desta sexta-feira (27), a <strong>Mercedes<\/strong> saiu satisfeita com o ritmo apresentado pelo <strong>W16<\/strong> nos treinos do <strong>GP da \u00c1ustria<\/strong>, 11\u00aa etapa da temporada 2025 da <strong>F\u00f3rmula 1<\/strong>. De qualquer maneira, <strong>Andrew Shovlin<\/strong>, diretor de engenharia da equipe alem\u00e3, afirmou que a <strong>McLaren<\/strong> segue sendo &#8220;o time a ser batido&#8221; neste fim de semana.<\/p>\n\n\n\n<p class=\"wp-block-paragraph\">No TL1, <strong>George Russell<\/strong> cravou 1min05s542 no rel\u00f3gio e <a href=\"https:\/\/www.grandepremio.com\/br\/f1\/noticias\/george-russell-mantem-mercedes-alta-lidera-tl1-gp-da-austria-formula-1-gabriel-bortoleto-6\/\">ocupou o topo da tabela de tempos<\/a>, enquanto <strong>Andrea Kimi Antonelli<\/strong> teve de se contentar com a 11\u00aa coloca\u00e7\u00e3o \u2014 mais de 0s5 atr\u00e1s do colega de garagem. Momentos mais tarde, <a href=\"https:\/\/www.grandepremio.com\/br\/f1\/noticias\/lando-norris-lidera-tl2-indica-controle-mclaren-gp-da-austria-gabriel-bortoleto-8\/\">no TL2<\/a>, o italiano terminou exatamente na mesma posi\u00e7\u00e3o, e o brit\u00e2nico despencou para o sexto lugar, com mais de 0s6 de atraso em rela\u00e7\u00e3o ao l\u00edder <strong>Lando Norris<\/strong>. <\/p>\n\n\n\n<p class=\"wp-block-paragraph\">&#8220;Tivemos um come\u00e7o s\u00f3lido de fim de semana no TL1. O equil\u00edbrio geral do carro estava bom, e parecemos fortes na volta r\u00e1pida. Focamos mais nos stints longos e conseguimos obter dados decentes. Tudo pareceu estar em uma posi\u00e7\u00e3o razo\u00e1vel em termos de ritmo e desgaste [dos pneus]&#8221;, disse Shovlin ap\u00f3s as atividades.<\/p>\n\n\n\n<p class=\"wp-block-paragraph\">&#8220;No entanto, parecemos menos competitivos durante as voltas r\u00e1pidas na segunda sess\u00e3o. A dire\u00e7\u00e3o do vento mudou um pouco, e isso n\u00e3o nos favoreceu. Tamb\u00e9m fizemos algumas altera\u00e7\u00f5es que podem ter prejudicado o equil\u00edbrio do carro, mas vamos analis\u00e1-las no simulador durante a noite&#8221;, continuou.<\/p>\n\n\n\n<figure class=\"wp-block-image size-large\"><img decoding=\"async\" src=\"https:\/\/www.grandepremio.com\/br\/wp-content\/uploads\/2025\/06\/austria-2025-f1-treinos-livres-mercedes-george-russell-01-1200x800.jpg\" alt=\"\" class=\"wp-image-985612\"\/><figcaption class=\"wp-element-caption\">George Russell colocou a Mercedes na lideran\u00e7a do TL1 (Foto: Mercedes)<\/figcaption><\/figure>\n\n\n\n<p class=\"wp-block-paragraph\">\u25b6\ufe0f <strong>Inscreva-se nos dois canais do GRANDE PR\u00caMIO no YouTube:\u00a0<a href=\"https:\/\/www.youtube.com\/channel\/UC9OlHEgxoaY6QY6nWPoiqQg?sub_confirmation=1\" target=\"_blank\" rel=\"noreferrer noopener\">GP<\/a>\u00a0|\u00a0<a href=\"https:\/\/www.youtube.com\/channel\/UC9csiS6q_C3C0FYhyr1rnFA?sub_confirmation=1\" target=\"_blank\" rel=\"noreferrer noopener\">GP2<\/a><\/strong><br>\u25b6\ufe0f <strong>OU\u00c7A AGORA:\u00a0<a href=\"https:\/\/www.grandepremio.com\/br\/f1\/noticias\/f1-e-uma-revolucao-e-o-que-vale-a-pena-ver-sobre-esporte-na-telona-paddockast-196\/\">\u2018F1\u2019 \u00e9 uma revolu\u00e7\u00e3o? E o que vale a pena ver sobre esporte na telona | Paddockast #196<\/a><\/strong><\/p>\n\n\n\n<p class=\"wp-block-paragraph\">&#8220;Felizmente, o ritmo nas simula\u00e7\u00f5es de corrida continuou bom, e como come\u00e7amos esse programa mais cedo do que os outros, conseguimos completar mais voltas&#8221;, comemorou o diretor da Mercedes, embora tenha admitido que a rival de Woking desponta como favorita novamente.<\/p>\n\n\n\n<p class=\"wp-block-paragraph\">&#8220;A McLaren ainda parece ser o time a ser batido, o que n\u00e3o \u00e9 surpresa numa pista como esta, mas estamos razoavelmente satisfeitos com o dia de hoje como ponto de partida para o nosso fim de semana&#8221;, concluiu.<\/p>\n\n\n\n<p class=\"wp-block-paragraph\">A\u00a0<strong><a href=\"https:\/\/www.grandepremio.com\/br\/f1\/\" target=\"_blank\" rel=\"noreferrer noopener\"><\/a><a href=\"https:\/\/www.grandepremio.com\/br\/f1\/\" target=\"_blank\" rel=\"noreferrer noopener\">F\u00f3rmula 1<\/a><\/strong>\u00a0realiza o GP da \u00c1ustria neste fim de semana, de 27 a 29 de junho,\u00a0<strong>no Red Bull Ring<\/strong>, 11\u00aa etapa da temporada 2025. O\u00a0<strong>GRANDE PR\u00caMIO<\/strong>\u00a0acompanha todas as atividades\u00a0<strong><a href=\"https:\/\/www.grandepremio.com\/br\/f1\/ao-vivo\" target=\"_blank\" rel=\"noreferrer noopener\">AO VIVO E EM\u00a0<\/a><a href=\"https:\/\/www.grandepremio.com\/br\/ao-vivo\/\" target=\"_blank\" rel=\"noreferrer noopener\">TEMPO REAL<\/a><\/strong>, al\u00e9m de classifica\u00e7\u00e3o e corrida em\u00a0<strong><a href=\"https:\/\/www.youtube.com\/@GrandePremio1\/streams\" target=\"_blank\" rel=\"noreferrer noopener\">SEGUNDA TELA no YouTube<\/a><\/strong>, em parceria com a Voz do Esporte. O\u00a0<strong>Briefing<\/strong>\u00a0chega para analisar ap\u00f3s o fim de cada dia de atividades nas redes sociais e na GPTV.<\/p>\n\n\n\n<p class=\"wp-block-paragraph\">Al\u00e9m da cobertura tradicional, o\u00a0<strong>GRANDE PR\u00caMIO<\/strong>\u00a0estar\u00e1\u00a0<strong>IN LOCO<\/strong>\u00a0em\u00a0<strong>Spielberg\u00a0<\/strong>para acompanhar todas as emo\u00e7\u00f5es da etapa com o rep\u00f3rter\u00a0<strong>Leonid Kliuev<\/strong>.<\/p>\n\n\n\n<p class=\"wp-block-paragraph\"><strong>GP da \u00c1ustria\u00a0de F1: veja os hor\u00e1rios em Brasil, Cabo Verde,\u00a0<a href=\"https:\/\/grandepremio.pt\/\" target=\"_blank\" rel=\"noreferrer noopener\">Portugal<\/a>, Angola e Mo\u00e7ambique:<\/strong><\/p>\n\n\n\n<figure class=\"wp-block-table\"><table class=\"has-fixed-layout\"><tbody><tr><td><strong>Sess\u00e3o<\/strong><\/td><td><strong>BRA*<\/strong><\/td><td><strong>CBV<\/strong><\/td><td><strong>POR<\/strong><br><strong>ANG<\/strong><\/td><td><strong>MOZ<\/strong><\/td><\/tr><tr><td>Treino livre 3<\/td><td>07:30<\/td><td>09:30<\/td><td>11:30<\/td><td>12:30<\/td><\/tr><tr><td>Classifica\u00e7\u00e3o<\/td><td>11:00<\/td><td>13:00<\/td><td>15:00<\/td><td>16:00<\/td><\/tr><tr><td>Corrida<\/td><td>10:00<\/td><td>12:00<\/td><td>14:00<\/td><td>15:00<\/td><\/tr><\/tbody><\/table><\/figure>\n\n\n\n<p class=\"wp-block-paragraph\"><em>*Hor\u00e1rio de Bras\u00edlia<\/em><\/p>\n\n\n\n<figure class=\"wp-block-embed is-type-video is-provider-youtube wp-block-embed-youtube wp-embed-aspect-16-9 wp-has-aspect-ratio\"><div class=\"wp-block-embed__wrapper\">\n<iframe loading=\"lazy\" title=\"GP DA \u00c1USTRIA F1 2025: TUDO SOBRE OS TREINOS LIVRES | BRIEFING\" width=\"500\" height=\"281\" src=\"https:\/\/www.youtube.com\/embed\/gPOB9SJSVqA?feature=oembed\" frameborder=\"0\" allow=\"accelerometer; autoplay; clipboard-write; encrypted-media; gyroscope; picture-in-picture; web-share\" referrerpolicy=\"strict-origin-when-cross-origin\" allowfullscreen><\/iframe>\n<\/div><\/figure>\n","protected":false},"excerpt":{"rendered":"<p>Diretor de engenharia da Mercedes, Andrew Shovlin, no entanto, saiu satisfeito com o ritmo de corrida apresentado pelo W16 durante os treinos em Spielberg<\/p>\n","protected":false},"author":0,"featured_media":1000985789,"comment_status":"closed","ping_status":"closed","sticky":false,"template":"","format":"standard","meta":{"42wp_featured_image_caption":"","42wp_featured_image_credits":"","42wp_featured_video":"","42wp_featured_image_hidden":false,"42wp_authors_list":[],"footnotes":""},"categories":[2],"tags":[27861,5157,26271,5273,147,3630,180,3628,800,23783,40100,1491,28285,30840,82,35129,4613,43962,31955,42001],"42wp_author":[47160],"class_list":["post-20686","post","type-post","status-publish","format-standard","has-post-thumbnail","hentry","category-f1","tag-andrea-kimi-antonelli","tag-andrew-shovlin","tag-calendario-f1","tag-classificacao-f1","tag-f1","tag-f1-2025","tag-formula-1","tag-formula-1-2025","tag-george-russell","tag-gp-da-austria","tag-gp-da-austria-f1","tag-grande-premio","tag-grandepremio","tag-horarios-f1","tag-mercedes","tag-onde-assistir-f1","tag-spielberg","tag-spielberg-2025","tag-spielberg-f1","tag-temporada-2025-f1","42wp_author-vicente-soella"],"_links":{"self":[{"href":"https:\/\/grandepremio.com\/br\/wp-json\/wp\/v2\/posts\/20686","targetHints":{"allow":["GET"]}}],"collection":[{"href":"https:\/\/grandepremio.com\/br\/wp-json\/wp\/v2\/posts"}],"about":[{"href":"https:\/\/grandepremio.com\/br\/wp-json\/wp\/v2\/types\/post"}],"replies":[{"embeddable":true,"href":"https:\/\/grandepremio.com\/br\/wp-json\/wp\/v2\/comments?post=20686"}],"version-history":[{"count":0,"href":"https:\/\/grandepremio.com\/br\/wp-json\/wp\/v2\/posts\/20686\/revisions"}],"wp:featuredmedia":[{"embeddable":true,"href":"https:\/\/grandepremio.com\/br\/wp-json\/wp\/v2\/media\/1000985789"}],"wp:attachment":[{"href":"https:\/\/grandepremio.com\/br\/wp-json\/wp\/v2\/media?parent=20686"}],"wp:term":[{"taxonomy":"category","embeddable":true,"href":"https:\/\/grandepremio.com\/br\/wp-json\/wp\/v2\/categories?post=20686"},{"taxonomy":"post_tag","embeddable":true,"href":"https:\/\/grandepremio.com\/br\/wp-json\/wp\/v2\/tags?post=20686"},{"taxonomy":"42wp_author","embeddable":true,"href":"https:\/\/grandepremio.com\/br\/wp-json\/wp\/v2\/42wp_author?post=20686"}],"curies":[{"name":"wp","href":"https:\/\/api.w.org\/{rel}","templated":true}]}}