{"id":20736,"date":"2025-06-26T17:18:57","date_gmt":"2025-06-26T20:18:57","guid":{"rendered":"https:\/\/grandepremio.com\/br\/noticias\/chefao-formula-1-organiza-jantar-pilotos-presidente-gp-da-austria\/"},"modified":"2025-06-26T17:41:47","modified_gmt":"2025-06-26T20:41:47","slug":"chefao-formula-1-organiza-jantar-pilotos-presidente-gp-da-austria","status":"publish","type":"post","link":"https:\/\/grandepremio.com\/br\/f1\/chefao-formula-1-organiza-jantar-pilotos-presidente-gp-da-austria\/","title":{"rendered":"Chef\u00e3o da F\u00f3rmula 1 organiza jantar com pilotos e presidente da GPDA na \u00c1ustria"},"content":{"rendered":"\n<p class=\"wp-block-paragraph\">Todo mundo sabe que os pilotos da <strong>F\u00f3rmula 1<\/strong> ganham, em geral, sal\u00e1rios muito representativos enquanto membros do grid. Mesmo assim, todo mundo jantou de gra\u00e7a na noite desta quinta-feira (26). Ainda no <strong>Red Bull Ring<\/strong>, ap\u00f3s o dia de obriga\u00e7\u00f5es de m\u00eddia pr\u00e9-<strong>GP da \u00c1ustria<\/strong>, a categoria tratou de reunir os pilotos para uma refei\u00e7\u00e3o conjunta.<\/p>\n\n\n\n<p class=\"wp-block-paragraph\">A imagem veio direto da F1 e foi replicada em sequ\u00eancia pelos pilotos, com <strong>George Russell<\/strong> liderando a fila e a legenda &#8220;obrigado, Stefano&#8221;. Refer\u00eancia, claro, a <strong>Stefano Domenicali<\/strong>, CEO da F1 e que aparece na cabeceira da mesa ao centro da imagem. Partiu dele o jantar, oferecido dentro da sala reservada ao \u00f3rg\u00e3o dentro da pista localizada na pista de <strong>Spielberg<\/strong>.<\/p>\n\n\n\n<p class=\"wp-block-paragraph\">A imagem d\u00e1 conta de uma mesa com presen\u00e7a de 19 dos 20 pilotos titulares. O \u00fanico ausente \u00e9 <strong>Lance Stroll<\/strong>, mas n\u00e3o h\u00e1 confirma\u00e7\u00e3o sobre se o canadense de fato pulou o jantar ou somente n\u00e3o apareceu na frente das c\u00e2meras. A fei\u00e7\u00e3o dos pilotos \u00e9 de descontra\u00e7\u00e3o, com direito a <strong>Fernando Alonso<\/strong> e <strong>Andrea Kimi Antonelli<\/strong>, respectivamente piloto mais velho e mais jovem do grid, abra\u00e7ados em Domenicali.<\/p>\n\n\n\n<p class=\"wp-block-paragraph\">Al\u00e9m de 19 dos 20 titulares, h\u00e1 algumas pessoas a mais na mesa. O maior destaque vai para <strong>Alexander Wurz<\/strong>, ex-piloto da F\u00f3rmula 1 j\u00e1 h\u00e1 muito tempo presidente da <strong>GPDA (Associa\u00e7\u00e3o dos Pilotos da F1)<\/strong>. Wurz, claro, \u00e9 austr\u00edaco.<\/p>\n\n\n\n<blockquote class=\"instagram-media\" data-instgrm-captioned data-instgrm-permalink=\"https:\/\/www.instagram.com\/p\/DLYExretHuX\/?utm_source=ig_embed&amp;utm_campaign=loading\" data-instgrm-version=\"14\" style=\" background:#FFF; border:0; border-radius:3px; box-shadow:0 0 1px 0 rgba(0,0,0,0.5),0 1px 10px 0 rgba(0,0,0,0.15); margin: 1px; max-width:540px; min-width:326px; padding:0; width:99.375%; width:-webkit-calc(100% - 2px); width:calc(100% - 2px);\"><div style=\"padding:16px;\"> <a href=\"https:\/\/www.instagram.com\/p\/DLYExretHuX\/?utm_source=ig_embed&amp;utm_campaign=loading\" style=\" background:#FFFFFF; line-height:0; padding:0 0; text-align:center; text-decoration:none; width:100%;\" target=\"_blank\"> <div style=\" display: flex; flex-direction: row; align-items: center;\"> <div style=\"background-color: #F4F4F4; border-radius: 50%; flex-grow: 0; height: 40px; margin-right: 14px; width: 40px;\"><\/div> <div style=\"display: flex; flex-direction: column; flex-grow: 1; justify-content: center;\"> <div style=\" background-color: #F4F4F4; border-radius: 4px; flex-grow: 0; height: 14px; margin-bottom: 6px; width: 100px;\"><\/div> <div style=\" background-color: #F4F4F4; border-radius: 4px; flex-grow: 0; height: 14px; width: 60px;\"><\/div><\/div><\/div><div style=\"padding: 19% 0;\"><\/div> <div style=\"display:block; height:50px; margin:0 auto 12px; width:50px;\"><svg width=\"50px\" height=\"50px\" viewBox=\"0 0 60 60\" version=\"1.1\" xmlns=\"https:\/\/www.w3.org\/2000\/svg\" xmlns:xlink=\"https:\/\/www.w3.org\/1999\/xlink\"><g stroke=\"none\" stroke-width=\"1\" fill=\"none\" fill-rule=\"evenodd\"><g transform=\"translate(-511.000000, -20.000000)\" fill=\"#000000\"><g><path d=\"M556.869,30.41 C554.814,30.41 553.148,32.076 553.148,34.131 C553.148,36.186 554.814,37.852 556.869,37.852 C558.924,37.852 560.59,36.186 560.59,34.131 C560.59,32.076 558.924,30.41 556.869,30.41 M541,60.657 C535.114,60.657 530.342,55.887 530.342,50 C530.342,44.114 535.114,39.342 541,39.342 C546.887,39.342 551.658,44.114 551.658,50 C551.658,55.887 546.887,60.657 541,60.657 M541,33.886 C532.1,33.886 524.886,41.1 524.886,50 C524.886,58.899 532.1,66.113 541,66.113 C549.9,66.113 557.115,58.899 557.115,50 C557.115,41.1 549.9,33.886 541,33.886 M565.378,62.101 C565.244,65.022 564.756,66.606 564.346,67.663 C563.803,69.06 563.154,70.057 562.106,71.106 C561.058,72.155 560.06,72.803 558.662,73.347 C557.607,73.757 556.021,74.244 553.102,74.378 C549.944,74.521 548.997,74.552 541,74.552 C533.003,74.552 532.056,74.521 528.898,74.378 C525.979,74.244 524.393,73.757 523.338,73.347 C521.94,72.803 520.942,72.155 519.894,71.106 C518.846,70.057 518.197,69.06 517.654,67.663 C517.244,66.606 516.755,65.022 516.623,62.101 C516.479,58.943 516.448,57.996 516.448,50 C516.448,42.003 516.479,41.056 516.623,37.899 C516.755,34.978 517.244,33.391 517.654,32.338 C518.197,30.938 518.846,29.942 519.894,28.894 C520.942,27.846 521.94,27.196 523.338,26.654 C524.393,26.244 525.979,25.756 528.898,25.623 C532.057,25.479 533.004,25.448 541,25.448 C548.997,25.448 549.943,25.479 553.102,25.623 C556.021,25.756 557.607,26.244 558.662,26.654 C560.06,27.196 561.058,27.846 562.106,28.894 C563.154,29.942 563.803,30.938 564.346,32.338 C564.756,33.391 565.244,34.978 565.378,37.899 C565.522,41.056 565.552,42.003 565.552,50 C565.552,57.996 565.522,58.943 565.378,62.101 M570.82,37.631 C570.674,34.438 570.167,32.258 569.425,30.349 C568.659,28.377 567.633,26.702 565.965,25.035 C564.297,23.368 562.623,22.342 560.652,21.575 C558.743,20.834 556.562,20.326 553.369,20.18 C550.169,20.033 549.148,20 541,20 C532.853,20 531.831,20.033 528.631,20.18 C525.438,20.326 523.257,20.834 521.349,21.575 C519.376,22.342 517.703,23.368 516.035,25.035 C514.368,26.702 513.342,28.377 512.574,30.349 C511.834,32.258 511.326,34.438 511.181,37.631 C511.035,40.831 511,41.851 511,50 C511,58.147 511.035,59.17 511.181,62.369 C511.326,65.562 511.834,67.743 512.574,69.651 C513.342,71.625 514.368,73.296 516.035,74.965 C517.703,76.634 519.376,77.658 521.349,78.425 C523.257,79.167 525.438,79.673 528.631,79.82 C531.831,79.965 532.853,80.001 541,80.001 C549.148,80.001 550.169,79.965 553.369,79.82 C556.562,79.673 558.743,79.167 560.652,78.425 C562.623,77.658 564.297,76.634 565.965,74.965 C567.633,73.296 568.659,71.625 569.425,69.651 C570.167,67.743 570.674,65.562 570.82,62.369 C570.966,59.17 571,58.147 571,50 C571,41.851 570.966,40.831 570.82,37.631\"><\/path><\/g><\/g><\/g><\/svg><\/div><div style=\"padding-top: 8px;\"> <div style=\" color:#3897f0; font-family:Arial,sans-serif; font-size:14px; font-style:normal; font-weight:550; line-height:18px;\">Ver essa foto no Instagram<\/div><\/div><div style=\"padding: 12.5% 0;\"><\/div> <div style=\"display: flex; flex-direction: row; margin-bottom: 14px; align-items: center;\"><div> <div style=\"background-color: #F4F4F4; border-radius: 50%; height: 12.5px; width: 12.5px; transform: translateX(0px) translateY(7px);\"><\/div> <div style=\"background-color: #F4F4F4; height: 12.5px; transform: rotate(-45deg) translateX(3px) translateY(1px); width: 12.5px; flex-grow: 0; margin-right: 14px; margin-left: 2px;\"><\/div> <div style=\"background-color: #F4F4F4; border-radius: 50%; height: 12.5px; width: 12.5px; transform: translateX(9px) translateY(-18px);\"><\/div><\/div><div style=\"margin-left: 8px;\"> <div style=\" background-color: #F4F4F4; border-radius: 50%; flex-grow: 0; height: 20px; width: 20px;\"><\/div> <div style=\" width: 0; height: 0; border-top: 2px solid transparent; border-left: 6px solid #f4f4f4; border-bottom: 2px solid transparent; transform: translateX(16px) translateY(-4px) rotate(30deg)\"><\/div><\/div><div style=\"margin-left: auto;\"> <div style=\" width: 0px; border-top: 8px solid #F4F4F4; border-right: 8px solid transparent; transform: translateY(16px);\"><\/div> <div style=\" background-color: #F4F4F4; flex-grow: 0; height: 12px; width: 16px; transform: translateY(-4px);\"><\/div> <div style=\" width: 0; height: 0; border-top: 8px solid #F4F4F4; border-left: 8px solid transparent; transform: translateY(-4px) translateX(8px);\"><\/div><\/div><\/div> <div style=\"display: flex; flex-direction: column; flex-grow: 1; justify-content: center; margin-bottom: 24px;\"> <div style=\" background-color: #F4F4F4; border-radius: 4px; flex-grow: 0; height: 14px; margin-bottom: 6px; width: 224px;\"><\/div> <div style=\" background-color: #F4F4F4; border-radius: 4px; flex-grow: 0; height: 14px; width: 144px;\"><\/div><\/div><\/a><p style=\" color:#c9c8cd; font-family:Arial,sans-serif; font-size:14px; line-height:17px; margin-bottom:0; margin-top:8px; overflow:hidden; padding:8px 0 7px; text-align:center; text-overflow:ellipsis; white-space:nowrap;\"><a href=\"https:\/\/www.instagram.com\/p\/DLYExretHuX\/?utm_source=ig_embed&amp;utm_campaign=loading\" style=\" color:#c9c8cd; font-family:Arial,sans-serif; font-size:14px; font-style:normal; font-weight:normal; line-height:17px; text-decoration:none;\" target=\"_blank\">Uma publica\u00e7\u00e3o compartilhada por FORMULA 1\u00ae (@f1)<\/a><\/p><\/div><\/blockquote>\n<script async src=\"\/\/www.instagram.com\/embed.js\"><\/script>\n\n\n\n<p class=\"wp-block-paragraph\">Em jantares desta magnitude, com tamanha anu\u00eancia, sempre h\u00e1 ao menos a discuss\u00e3o de algum assunto importante, mas ainda n\u00e3o est\u00e1 claro sobre o que se tratava. O dia, por\u00e9m, contou com muitas conversas dos pilotos com a imprensa <strong><a href=\"https:\/\/www.grandepremio.com\/br\/f1\/noticias\/fia-publica-diretrizes-disputa-formula-1-endurece-criterios-para-ultrapassagens\/\">acerca da nova diretriz<\/a><\/strong> da <strong>FIA (Federa\u00e7\u00e3o Internacional de Automobilismo)<\/strong> quanto a disputas de pista. Al\u00e9m disso, a desist\u00eancia de <strong>Carlos Sainz Pai <a href=\"https:\/\/www.grandepremio.com\/br\/f1\/noticias\/carlos-sainz-desiste-candidatura-presidencia-fia-e-abre-caminho-para-mohammed-ben-sulayem\/\">de concorrer \u00e0 presid\u00eancia da FIA<\/a><\/strong> praticamente garante a reelei\u00e7\u00e3o de<strong> Mohammed ben Sulayem<\/strong> \u00e0 presid\u00eancia do \u00f3rg\u00e3o. \u00c9 sabido que a rela\u00e7\u00e3o entre FIA e F1\/pilotos \u00e9, para dizer o m\u00ednimo, conturbada.<\/p>\n\n\n\n<p class=\"wp-block-paragraph\">A&nbsp;<strong><a href=\"https:\/\/www.grandepremio.com\/br\/f1\/\" target=\"_blank\" rel=\"noreferrer noopener\"><\/a><a href=\"https:\/\/www.grandepremio.com\/br\/f1\/\" target=\"_blank\" rel=\"noreferrer noopener\">F\u00f3rmula 1<\/a><\/strong>&nbsp;realiza o GP da \u00c1ustria neste fim de semana, de 27 a 29 de junho,&nbsp;<strong>no Red Bull Ring<\/strong>, 11\u00aa etapa da temporada 2025. O&nbsp;<strong>GRANDE PR\u00caMIO<\/strong>&nbsp;acompanha todas as atividades&nbsp;<strong><a href=\"https:\/\/www.grandepremio.com\/br\/f1\/ao-vivo\" target=\"_blank\" rel=\"noreferrer noopener\">AO VIVO E EM&nbsp;<\/a><a href=\"https:\/\/www.grandepremio.com\/br\/ao-vivo\/\" target=\"_blank\" rel=\"noreferrer noopener\">TEMPO REAL<\/a><\/strong>, al\u00e9m de classifica\u00e7\u00e3o e corrida em&nbsp;<strong><a href=\"https:\/\/www.youtube.com\/@GrandePremio1\/streams\" target=\"_blank\" rel=\"noreferrer noopener\">SEGUNDA TELA no YouTube<\/a><\/strong>, em parceria com a Voz do Esporte. O&nbsp;<strong>Briefing<\/strong>&nbsp;chega para analisar ap\u00f3s o fim de cada dia de atividades nas redes sociais e na GPTV.<\/p>\n\n\n\n<p class=\"wp-block-paragraph\">Al\u00e9m da cobertura tradicional, o&nbsp;<strong>GRANDE PR\u00caMIO<\/strong>&nbsp;estar\u00e1&nbsp;<strong>IN LOCO<\/strong>&nbsp;em&nbsp;<strong>Spielberg&nbsp;<\/strong>para acompanhar todas as emo\u00e7\u00f5es da etapa com o rep\u00f3rter&nbsp;<strong>Leonid Kliuev<\/strong>.<\/p>\n\n\n\n<h2 class=\"wp-block-heading\" id=\"h-gp-da-austria-nbsp-de-f1-veja-os-horarios-em-brasil-cabo-verde-nbsp-portugal-angola-e-mocambique\"><strong>GP da \u00c1ustria&nbsp;de F1: veja os hor\u00e1rios em Brasil, Cabo Verde,&nbsp;<a href=\"https:\/\/grandepremio.pt\/\" target=\"_blank\" rel=\"noreferrer noopener\">Portugal<\/a>, Angola e Mo\u00e7ambique:<\/strong><\/h2>\n\n\n\n<figure class=\"wp-block-table\"><table class=\"has-fixed-layout\"><tbody><tr><td><strong>Sess\u00e3o<\/strong><\/td><td><strong>BRA*<\/strong><\/td><td><strong>CBV<\/strong><\/td><td><strong>POR<\/strong><br><strong>ANG<\/strong><\/td><td><strong>MOZ<\/strong><\/td><\/tr><tr><td>Treino livre 1<\/td><td>08:30<\/td><td>10:30<\/td><td>12:30<\/td><td>13:30<\/td><\/tr><tr><td>Treino livre 2<\/td><td>12:00<\/td><td>14:00<\/td><td>16:00<\/td><td>17:00<\/td><\/tr><tr><td>Treino livre 3<\/td><td>07:30<\/td><td>09:30<\/td><td>11:30<\/td><td>12:30<\/td><\/tr><tr><td>Classifica\u00e7\u00e3o<\/td><td>11:00<\/td><td>13:00<\/td><td>15:00<\/td><td>16:00<\/td><\/tr><tr><td>Corrida<\/td><td>10:00<\/td><td>12:00<\/td><td>14:00<\/td><td>15:00<\/td><\/tr><\/tbody><\/table><\/figure>\n\n\n\n<p class=\"wp-block-paragraph\"><em>*Hor\u00e1rio de Bras\u00edlia<\/em><\/p>\n\n\n\n<p class=\"wp-block-paragraph\"><strong>\u25b6\ufe0f<\/strong>&nbsp;<strong>Inscreva-se nos dois canais do GRANDE PR\u00caMIO no YouTube:&nbsp;<a href=\"https:\/\/www.youtube.com\/channel\/UC9OlHEgxoaY6QY6nWPoiqQg?sub_confirmation=1\" target=\"_blank\" rel=\"noreferrer noopener\">GP<\/a>&nbsp;|&nbsp;<a href=\"https:\/\/www.youtube.com\/channel\/UC9csiS6q_C3C0FYhyr1rnFA?sub_confirmation=1\" target=\"_blank\" rel=\"noreferrer noopener\">GP2<\/a><\/strong><\/p>\n\n\n\n<figure class=\"wp-block-embed is-type-rich is-provider-spotify wp-block-embed-spotify wp-embed-aspect-21-9 wp-has-aspect-ratio\"><div class=\"wp-block-embed__wrapper\">\n<iframe title=\"Spotify Embed: &amp;apos;F1&amp;apos; \u00e9 uma revolu\u00e7\u00e3o? E o que vale a pena ver sobre esporte na telona | Paddockast #196\" style=\"border-radius: 12px\" width=\"100%\" height=\"152\" frameborder=\"0\" allowfullscreen allow=\"autoplay; clipboard-write; encrypted-media; fullscreen; picture-in-picture\" loading=\"lazy\" src=\"https:\/\/open.spotify.com\/embed\/episode\/01qN4ux7n0p1vWxH8Ji3CR?utm_source=oembed\"><\/iframe>\n<\/div><\/figure>\n","protected":false},"excerpt":{"rendered":"<p>Stefano Domenicali colocou os pilotos para jantar juntos no primeiro dia de presen\u00e7a no Red Bull Ring, casa do GP da \u00c1ustria<\/p>\n","protected":false},"author":0,"featured_media":1000985482,"comment_status":"closed","ping_status":"closed","sticky":false,"template":"","format":"standard","meta":{"42wp_featured_image_caption":"","42wp_featured_image_credits":"","42wp_featured_video":"","42wp_featured_image_hidden":false,"42wp_authors_list":[],"footnotes":""},"categories":[2],"tags":[654,7517,20491,27861,309,26000,546,209,5660,302,3630,642,176,207,38466,578,33334,40053,180,25440,350,42809,38313,40108,800,23783,119,40439,14495,37485,31949,42813,41987,41986,42374,30039,33934,1713,41429,42737,40088,40904,28104,596,485,547,42739,36655,40783,37187,39670,87,595,203,90,4928,37605,39069,535,37633,1521,43426,30806,37737,40440,39129,40982,29923,42697,2916,43371,36778,40367,676,38179,42749,41954,41953,204,42188,27332,27716,1763,42740,36315,40123,40483,38501,39987,1197,42293,16330,37695,907,42808,36313,42605,43429,38321,39049,42692,27383,37936,215,42814,25011,33777,597],"42wp_author":[47120],"class_list":["post-20736","post","type-post","status-publish","format-standard","has-post-thumbnail","hentry","category-f1","tag-alexander-albon","tag-alexander-wurz","tag-alpine","tag-andrea-kimi-antonelli","tag-aston-martin","tag-audiencia-da-tv","tag-carlos-sainz","tag-charles-leclerc","tag-classificacao","tag-esteban-ocon","tag-f1-2025","tag-f1-ao-vivo","tag-fernando-alonso","tag-ferrari","tag-ferrari-2025","tag-ferrari-f1","tag-ferrari-formula-1","tag-fim-de-semana-austria","tag-formula-1","tag-franco-colapinto","tag-gabriel-bortoleto","tag-gasly-2025","tag-gasly-f1","tag-gasly-formula-1","tag-george-russell","tag-gp-da-austria","tag-haas","tag-haas-2025","tag-haas-f1","tag-haas-formula-1","tag-hadjar","tag-hadjar-2025","tag-hadjar-f1","tag-hadjar-formula-1","tag-hamilton-2025","tag-hamilton-f1","tag-hamilton-formula-1","tag-hamilton-na-ferrari","tag-hulk-f1","tag-hulkenberg-2025","tag-hulkenberg-f1","tag-hulkenberg-formula-1","tag-isack-hadjar","tag-jack-doohan","tag-lance-stroll","tag-lando-norris","tag-lawson-2025","tag-lawson-f1","tag-lawson-formula-1","tag-leclerc-f1","tag-leclerc-formula-1","tag-lewis-hamilton","tag-liam-lawson","tag-max-verstappen","tag-mclaren","tag-mclaren-f1","tag-mclaren-formula-1","tag-mercedes-2025","tag-mercedes-f1","tag-mercedes-formula-1","tag-nico-hulkenberg","tag-norris-2025","tag-norris-f1","tag-norris-formula-1","tag-ocon-2025","tag-ocon-f1","tag-ocon-formula-1","tag-oliver-bearman","tag-oliver-bearman-formula-1","tag-oscar-piastri","tag-piastri-2025","tag-piastri-f1","tag-piastri-formula-1","tag-pierre-gasly","tag-racing-bulls","tag-racing-bulls-2025","tag-racing-bulls-f1","tag-racing-bulls-formula-1","tag-red-bull","tag-red-bull-2025","tag-red-bull-f1","tag-red-bull-formula-1","tag-red-bull-ring","tag-russell-2025","tag-russell-f1","tag-russell-formula-1","tag-sainz-2025","tag-sainz-f1","tag-sainz-formula-1","tag-sauber","tag-sauber-2025","tag-sauber-f1","tag-sauber-formula-1","tag-stefano-domenicali","tag-stroll-2025","tag-stroll-f1","tag-stroll-formula-1","tag-tsunoda-2025-mercedes","tag-tsunoda-f1","tag-tsunoda-formula-1","tag-verstappen-2025","tag-verstappen-f1","tag-verstappen-formula-1","tag-williams","tag-williams-2025","tag-williams-f1","tag-williams-formula-1","tag-yuki-tsunoda","42wp_author-pedro-henrique-marum"],"_links":{"self":[{"href":"https:\/\/grandepremio.com\/br\/wp-json\/wp\/v2\/posts\/20736","targetHints":{"allow":["GET"]}}],"collection":[{"href":"https:\/\/grandepremio.com\/br\/wp-json\/wp\/v2\/posts"}],"about":[{"href":"https:\/\/grandepremio.com\/br\/wp-json\/wp\/v2\/types\/post"}],"replies":[{"embeddable":true,"href":"https:\/\/grandepremio.com\/br\/wp-json\/wp\/v2\/comments?post=20736"}],"version-history":[{"count":0,"href":"https:\/\/grandepremio.com\/br\/wp-json\/wp\/v2\/posts\/20736\/revisions"}],"wp:featuredmedia":[{"embeddable":true,"href":"https:\/\/grandepremio.com\/br\/wp-json\/wp\/v2\/media\/1000985482"}],"wp:attachment":[{"href":"https:\/\/grandepremio.com\/br\/wp-json\/wp\/v2\/media?parent=20736"}],"wp:term":[{"taxonomy":"category","embeddable":true,"href":"https:\/\/grandepremio.com\/br\/wp-json\/wp\/v2\/categories?post=20736"},{"taxonomy":"post_tag","embeddable":true,"href":"https:\/\/grandepremio.com\/br\/wp-json\/wp\/v2\/tags?post=20736"},{"taxonomy":"42wp_author","embeddable":true,"href":"https:\/\/grandepremio.com\/br\/wp-json\/wp\/v2\/42wp_author?post=20736"}],"curies":[{"name":"wp","href":"https:\/\/api.w.org\/{rel}","templated":true}]}}