{"id":20770,"date":"2025-06-26T09:29:53","date_gmt":"2025-06-26T12:29:53","guid":{"rendered":"https:\/\/grandepremio.com\/br\/noticias\/carlos-sainz-admite-frustracao-pai-desistir-eleicao-fia-muitos-queriam-ve-lo-tentar\/"},"modified":"2025-06-27T07:38:37","modified_gmt":"2025-06-27T10:38:37","slug":"carlos-sainz-admite-frustracao-pai-desistir-eleicao-fia-muitos-queriam-ve-lo-tentar","status":"publish","type":"post","link":"https:\/\/grandepremio.com\/br\/f1\/carlos-sainz-admite-frustracao-pai-desistir-eleicao-fia-muitos-queriam-ve-lo-tentar\/","title":{"rendered":"Sainz admite frustra\u00e7\u00e3o por ver pai desistir de elei\u00e7\u00e3o da FIA: &#8220;Muitos queriam v\u00ea-lo tentar&#8221;"},"content":{"rendered":"\n<p class=\"wp-block-paragraph\"><strong>Carlos Sainz <\/strong>admitiu que ficou um tanto frustrado com a decis\u00e3o do pai, <strong>Carlos Sainz Sr.<\/strong>, de n\u00e3o concorrer \u00e0 presid\u00eancia da <strong>Federa\u00e7\u00e3o Internacional de Automobilismo<\/strong> (<strong>FIA<\/strong>) nas elei\u00e7\u00f5es que acontecer\u00e3o em dezembro deste ano. O tetracampe\u00e3o do<strong> Rali Dakar<\/strong> e bicampe\u00e3o do <strong>WRC <\/strong>afirmou em nota oficial que &#8220;<a href=\"https:\/\/www.grandepremio.com\/br\/f1\/noticias\/carlos-sainz-desiste-candidatura-presidencia-fia-e-abre-caminho-para-mohammed-ben-sulayem\/\">as circunst\u00e2ncias atuais n\u00e3o s\u00e3o ideais para estabelecer as bases da candidatura<\/a>&#8220;.<\/p>\n\n\n\n<p class=\"wp-block-paragraph\">O nome de Sainz Sr. surgiu num momento em que o atual presidente, <strong>Mohammed Ben Sulayem<\/strong>, parecia caminhar para uma reelei\u00e7\u00e3o sem advers\u00e1rios. O espanhol chegou a confirmar o interesse em brigar pelo cargo contra o emiradense, mas explicou que concorrer \u00e0 presid\u00eancia tamb\u00e9m prejudicaria a prepara\u00e7\u00e3o para a pr\u00f3xima edi\u00e7\u00e3o do Dakar.<\/p>\n\n\n\n<p class=\"wp-block-paragraph\">Em coletiva de imprensa realizada nesta quinta-feira (26) e acompanhada pelo<strong> GRANDE PR\u00caMIO<\/strong>, na <strong>\u00c1ustria<\/strong>, o piloto da <strong>Williams <\/strong>foi questionado se a decis\u00e3o do pai o deixou frustrado. &#8220;Como filho, n\u00e3o. Como f\u00e3 de automobilismo, sim&#8221;, confessou.<\/p>\n\n\n\n<p class=\"wp-block-paragraph\">\u201cAcho que muitas pessoas do meio gostariam de v\u00ea-lo se arriscando e vendo o que poderia ter feito pelo esporte. Mas, como filho dele, e depois de avaliar com ele todas as coisas com as quais teve de se envolver e cuidar para ter alguma possibilidade de concorrer \u00e0 presid\u00eancia, entendo por que est\u00e1 deixando para l\u00e1&#8221;, salientou.<\/p>\n\n\n\n<figure class=\"wp-block-image size-large\"><img decoding=\"async\" src=\"https:\/\/www.grandepremio.com\/br\/wp-content\/uploads\/2025\/04\/bahrein-2025-f1-quinta-feira-williams-carlos-sainz-afp-03-1200x800.jpg\" alt=\"\" class=\"wp-image-952095\"\/><figcaption class=\"wp-element-caption\">Carlos Sainz admitiu que ficou triste com a decis\u00e3o do pai (Foto: AFP) <\/figcaption><\/figure>\n\n\n\n<p class=\"wp-block-paragraph\">Em seguida, a imprensa perguntou a Sainz se o pai poderia considerar uma disputa futura. &#8220;Nunca diga nunca&#8221;, come\u00e7ou o piloto, embora duvide da possibilidade. <\/p>\n\n\n\n<p class=\"wp-block-paragraph\">&#8220;Acho que o momento ideal era agora, dado o estado da situa\u00e7\u00e3o em que tudo est\u00e1 \u00e0 vista. Era o momento certo para ele entrar e tentar causar um impacto positivo. N\u00e3o sei se ser\u00e1 assim daqui a quatro ou oito anos. Nunca vi acontecer, mas agora, com certeza, ele n\u00e3o est\u00e1 mais interessado&#8221;, assegurou.<\/p>\n\n\n\n<p class=\"wp-block-paragraph\">Por fim, Carlos n\u00e3o escondeu a opini\u00e3o a respeito da atual gest\u00e3o de Ben Sulayem. &#8220;N\u00e3o h\u00e1 segredo. <br>Sentimos nos \u00faltimos anos que houve um pouco de falta de transpar\u00eancia de entendimento com a principal governan\u00e7a da FIA, embora as inten\u00e7\u00f5es possam ter sido boas, \u00e0s vezes.&#8221;<\/p>\n\n\n\n<p class=\"wp-block-paragraph\">Sempre fomos um pouco deixados de lado, e por vezes nossas opini\u00f5es n\u00e3o foram ouvidas o suficiente. Houve algumas corre\u00e7\u00f5es, e sentimos que houve uma boa rea\u00e7\u00e3o a elas, mas claramente todas as vezes n\u00e3o nos sentimos assim e deixamos isso muito claro em nossas declara\u00e7\u00f5es, mas s\u00f3 consigo ver um caminho a seguir e estou nele, porque, sim, este ano certamente foi frustrante para a maioria das pessoas. Vamos ver se melhora&#8221;, encerrou.<\/p>\n\n\n\n<p class=\"wp-block-paragraph\">A&nbsp;<strong><a href=\"https:\/\/www.grandepremio.com\/br\/f1\/\" target=\"_blank\" rel=\"noreferrer noopener\"><\/a><a href=\"https:\/\/www.grandepremio.com\/br\/f1\/\" target=\"_blank\" rel=\"noreferrer noopener\">F\u00f3rmula 1<\/a><\/strong>&nbsp;realiza o GP da \u00c1ustria neste fim de semana, de 27 a 29 de junho,&nbsp;<strong>no Red Bull Ring<\/strong>, 11\u00aa etapa da temporada 2025. O&nbsp;<strong>GRANDE PR\u00caMIO<\/strong>&nbsp;acompanha todas as atividades&nbsp;<strong><a href=\"https:\/\/www.grandepremio.com\/br\/f1\/ao-vivo\" target=\"_blank\" rel=\"noreferrer noopener\">AO VIVO E EM&nbsp;<\/a><a href=\"https:\/\/www.grandepremio.com\/br\/ao-vivo\/\" target=\"_blank\" rel=\"noreferrer noopener\">TEMPO REAL<\/a><\/strong>, al\u00e9m de classifica\u00e7\u00e3o e corrida em&nbsp;<strong><a href=\"https:\/\/www.youtube.com\/@GrandePremio1\/streams\" target=\"_blank\" rel=\"noreferrer noopener\">SEGUNDA TELA no YouTube<\/a><\/strong>, em parceria com a Voz do Esporte. O&nbsp;<strong>Briefing<\/strong>&nbsp;chega para analisar ap\u00f3s o fim de cada dia de atividades nas redes sociais e na GPTV.<\/p>\n\n\n\n<p class=\"wp-block-paragraph\">Al\u00e9m da cobertura tradicional, o&nbsp;<strong>GRANDE PR\u00caMIO<\/strong>&nbsp;estar\u00e1&nbsp;<strong>IN LOCO<\/strong>&nbsp;em&nbsp;<strong>Spielberg&nbsp;<\/strong>para acompanhar todas as emo\u00e7\u00f5es da etapa com o rep\u00f3rter&nbsp;<strong>Leonid Kliuev<\/strong>.<\/p>\n\n\n\n<h4 class=\"wp-block-heading\" id=\"h-gp-da-austria-nbsp-de-f1-veja-os-horarios-em-brasil-cabo-verde-nbsp-portugal-angola-e-mocambique\"><strong>GP da \u00c1ustria&nbsp;de F1: veja os hor\u00e1rios em Brasil, Cabo Verde,&nbsp;<a href=\"https:\/\/grandepremio.pt\/\" target=\"_blank\" rel=\"noreferrer noopener\">Portugal<\/a>, Angola e Mo\u00e7ambique:<\/strong><\/h4>\n\n\n\n<figure class=\"wp-block-table\"><table class=\"has-fixed-layout\"><tbody><tr><td><strong>Sess\u00e3o<\/strong><\/td><td><strong>BRA*<\/strong><\/td><td><strong>CBV<\/strong><\/td><td><strong>POR<\/strong><br><strong>ANG<\/strong><\/td><td><strong>MOZ<\/strong><\/td><\/tr><tr><td>Treino livre 1<\/td><td>08:30<\/td><td>10:30<\/td><td>12:30<\/td><td>13:30<\/td><\/tr><tr><td>Treino livre 2<\/td><td>12:00<\/td><td>14:00<\/td><td>16:00<\/td><td>17:00<\/td><\/tr><tr><td>Treino livre 3<\/td><td>07:30<\/td><td>09:30<\/td><td>11:30<\/td><td>12:30<\/td><\/tr><tr><td>Classifica\u00e7\u00e3o<\/td><td>11:00<\/td><td>13:00<\/td><td>15:00<\/td><td>16:00<\/td><\/tr><tr><td>Corrida<\/td><td>10:00<\/td><td>12:00<\/td><td>14:00<\/td><td>15:00<\/td><\/tr><\/tbody><\/table><\/figure>\n\n\n\n<p class=\"wp-block-paragraph\"><em>*Hor\u00e1rio de Bras\u00edlia<\/em><\/p>\n\n\n\n<p class=\"wp-block-paragraph\">\u25b6\ufe0f <strong>Inscreva-se nos dois canais do GRANDE PR\u00caMIO no YouTube:&nbsp;<a href=\"https:\/\/www.youtube.com\/channel\/UC9OlHEgxoaY6QY6nWPoiqQg?sub_confirmation=1\" target=\"_blank\" rel=\"noreferrer noopener\">GP<\/a>&nbsp;|&nbsp;<a href=\"https:\/\/www.youtube.com\/channel\/UC9csiS6q_C3C0FYhyr1rnFA?sub_confirmation=1\" target=\"_blank\" rel=\"noreferrer noopener\">GP2<\/a><\/strong><br>\u25b6\ufe0f <strong>OU\u00c7A TAMB\u00c9M:&nbsp;<a href=\"https:\/\/www.grandepremio.com\/br\/f1\/noticias\/f1-e-uma-revolucao-e-o-que-vale-a-pena-ver-sobre-esporte-na-telona-paddockast-196\/\">\u2018F1\u2019 \u00e9 uma revolu\u00e7\u00e3o? E o que vale a pena ver sobre esporte na telona | Paddockast #196<\/a><\/strong><\/p>\n\n\n\n<figure class=\"wp-block-embed is-type-video is-provider-youtube wp-block-embed-youtube wp-embed-aspect-16-9 wp-has-aspect-ratio\"><div class=\"wp-block-embed__wrapper\">\n<iframe loading=\"lazy\" title=\"NORRIS ACHOU SEGREDO PARA VIRAR JOGO NA F1? E RED BULL TEM SAUDADES DE P\u00c9REZ | TTGP #185\" width=\"500\" height=\"281\" src=\"https:\/\/www.youtube.com\/embed\/EmyJzLLqduw?feature=oembed\" frameborder=\"0\" allow=\"accelerometer; autoplay; clipboard-write; encrypted-media; gyroscope; picture-in-picture; web-share\" referrerpolicy=\"strict-origin-when-cross-origin\" allowfullscreen><\/iframe>\n<\/div><\/figure>\n","protected":false},"excerpt":{"rendered":"<p>Carlos Sainz ainda contou que tem d\u00favidas se o pai, Carlos Sainz Sr., tentar\u00e1 a presid\u00eancia da FIA daqui a alguns anos. &#8220;O momento ideal era agora&#8221;, afirmou<\/p>\n","protected":false},"author":0,"featured_media":1000770887,"comment_status":"closed","ping_status":"closed","sticky":false,"template":"","format":"standard","meta":{"42wp_featured_image_caption":"","42wp_featured_image_credits":"","42wp_featured_video":"","42wp_featured_image_hidden":false,"42wp_authors_list":[],"footnotes":""},"categories":[2],"tags":[9393,43961,25362,26271,546,5273,147,3630,103,180,3628,23783,40100,1491,28285,30840,35129,1763,43993,31956,4613,43962,31955,42001],"42wp_author":[47165,47147],"class_list":["post-20770","post","type-post","status-publish","format-standard","has-post-thumbnail","hentry","category-f1","tag-austria","tag-austria-2025","tag-austria-f1","tag-calendario-f1","tag-carlos-sainz","tag-classificacao-f1","tag-f1","tag-f1-2025","tag-fia","tag-formula-1","tag-formula-1-2025","tag-gp-da-austria","tag-gp-da-austria-f1","tag-grande-premio","tag-grandepremio","tag-horarios-f1","tag-onde-assistir-f1","tag-red-bull-ring","tag-red-bull-ring-2025","tag-red-bull-ring-f1","tag-spielberg","tag-spielberg-2025","tag-spielberg-f1","tag-temporada-2025-f1","42wp_author-leonid-kluiev","42wp_author-luana-marino"],"_links":{"self":[{"href":"https:\/\/grandepremio.com\/br\/wp-json\/wp\/v2\/posts\/20770","targetHints":{"allow":["GET"]}}],"collection":[{"href":"https:\/\/grandepremio.com\/br\/wp-json\/wp\/v2\/posts"}],"about":[{"href":"https:\/\/grandepremio.com\/br\/wp-json\/wp\/v2\/types\/post"}],"replies":[{"embeddable":true,"href":"https:\/\/grandepremio.com\/br\/wp-json\/wp\/v2\/comments?post=20770"}],"version-history":[{"count":0,"href":"https:\/\/grandepremio.com\/br\/wp-json\/wp\/v2\/posts\/20770\/revisions"}],"wp:featuredmedia":[{"embeddable":true,"href":"https:\/\/grandepremio.com\/br\/wp-json\/wp\/v2\/media\/1000770887"}],"wp:attachment":[{"href":"https:\/\/grandepremio.com\/br\/wp-json\/wp\/v2\/media?parent=20770"}],"wp:term":[{"taxonomy":"category","embeddable":true,"href":"https:\/\/grandepremio.com\/br\/wp-json\/wp\/v2\/categories?post=20770"},{"taxonomy":"post_tag","embeddable":true,"href":"https:\/\/grandepremio.com\/br\/wp-json\/wp\/v2\/tags?post=20770"},{"taxonomy":"42wp_author","embeddable":true,"href":"https:\/\/grandepremio.com\/br\/wp-json\/wp\/v2\/42wp_author?post=20770"}],"curies":[{"name":"wp","href":"https:\/\/api.w.org\/{rel}","templated":true}]}}