{"id":20804,"date":"2025-06-25T09:12:33","date_gmt":"2025-06-25T12:12:33","guid":{"rendered":"https:\/\/grandepremio.com\/br\/noticias\/andrea-kimi-antonelli-conclui-formatura-ensino-medio-admite-alivio\/"},"modified":"2025-06-25T11:53:05","modified_gmt":"2025-06-25T14:53:05","slug":"andrea-kimi-antonelli-conclui-formatura-ensino-medio-admite-alivio","status":"publish","type":"post","link":"https:\/\/grandepremio.com\/br\/f1\/andrea-kimi-antonelli-conclui-formatura-ensino-medio-admite-alivio\/","title":{"rendered":"Antonelli conclui formatura no ensino m\u00e9dio e admite al\u00edvio: \u201cN\u00e3o tive tempo para estudar&#8221;"},"content":{"rendered":"\n<p class=\"wp-block-paragraph\"><strong>Andrea Kimi Antonelli<\/strong> teve mais um motivo para comemorar nesta semana. Dias ap\u00f3s conquistar o <strong>primeiro p\u00f3dio da carreira na F\u00f3rmula 1<\/strong>, com o terceiro lugar no <strong>GP do Canad\u00e1<\/strong>, concluiu oficialmente os estudos e se formou no ensino m\u00e9dio na It\u00e1lia.<\/p>\n\n\n\n<p class=\"wp-block-paragraph\">Antonelli voltou a Casalecchio di Reno, cidade natal, para fazer as provas finais. Na noite de segunda-feira (23), compartilhou um story no <em>Instagram<\/em> com uma coroa de louros e a legenda \u201cpromosso\u201d \u2014 que, em italiano, significa \u201caprovado\u201d.<\/p>\n\n\n\n<p class=\"wp-block-paragraph\">\u201c<strong>Estava bastante estressado<\/strong>, porque n\u00e3o tive muito tempo para estudar. Mas fiz meu melhor\u201d, contou aos jornalistas ap\u00f3s os exames.<\/p>\n\n\n\n<p class=\"wp-block-paragraph\">Desde o in\u00edcio do ano, Antonelli viveu uma rotina intensa: conciliou a temporada de estreia na F\u00f3rmula 1 com a reta final da escola, <strong><a href=\"https:\/\/www.grandepremio.com\/br\/f1\/noticias\/minha-mae-importa-muito-andrea-kimi-antonelli-revela-pressao-ensino-medio\/\">o que exigiu organiza\u00e7\u00e3o e sacrif\u00edcios<\/a><\/strong>. O jovem da Mercedes precisou abrir m\u00e3o de eventos da categoria, como a pr\u00e9-estreia do filme &#8216;F1&#8217; em Nova York, para comparecer \u00e0s avalia\u00e7\u00f5es \u2014 que inclu\u00edram etapas escritas e orais.<\/p>\n\n\n\n<figure class=\"wp-block-image size-large\"><img decoding=\"async\" src=\"https:\/\/www.grandepremio.com\/br\/wp-content\/uploads\/2025\/06\/canada-2025-f1-corrida-mercedes-kimi-antonelli-03-1200x800.jpg\" alt=\"\" class=\"wp-image-981922\"\/><figcaption class=\"wp-element-caption\">Andrea Kimi Antonelli estreou no p\u00f3dio da F1 no Canad\u00e1 (Foto: Mercedes)<\/figcaption><\/figure>\n\n\n\n<p class=\"wp-block-paragraph\">Apesar da prioridade ser evidente \u2014 com foco total no desempenho na pista \u2014, Kimi se dedicou para seguir com os estudos. Tamb\u00e9m manteve uma boa rela\u00e7\u00e3o com colegas e professores, e inclusive convidou cerca de 25 amigos da escola para acompanhar o fim de semana do GP da Em\u00edlia-Romanha, em Imola. A homenagem, por\u00e9m, n\u00e3o rendeu muito em pista: o pr\u00f3prio admitiu que <strong><a href=\"https:\/\/www.grandepremio.com\/br\/f1\/noticias\/andrea-kimi-antonelli-admite-distracoes-atrapalharam-imola-gastei-energia-forma-errada\/\">as distra\u00e7\u00f5es o atrapalharam e &#8220;gastou muita energia&#8221; com os amigos<\/a><\/strong>, focando pouco na pilotagem.<\/p>\n\n\n\n<p class=\"wp-block-paragraph\">Com o cap\u00edtulo escolar encerrado, Antonelli agora pode direcionar 100% da aten\u00e7\u00e3o para as 14 etapas restantes da temporada 2025. O italiano \u00e9 o s\u00e9timo colocado no <strong>Mundial de Pilotos<\/strong>, com 63 pontos \u2014 16 atr\u00e1s de <strong>Lewis Hamilton<\/strong>, justamente o piloto que substituiu na <strong>Mercedes<\/strong>.<\/p>\n\n\n\n<p class=\"wp-block-paragraph\">A&nbsp;<strong><a href=\"https:\/\/www.grandepremio.com\/br\/f1\/\" target=\"_blank\" rel=\"noreferrer noopener\"><\/a><a href=\"https:\/\/www.grandepremio.com\/br\/f1\/\" target=\"_blank\" rel=\"noreferrer noopener\">F\u00f3rmula 1<\/a><\/strong>&nbsp;realiza o GP da \u00c1ustria neste fim de semana, de 27 a 29 de junho,&nbsp;<strong>no Red Bull Ring<\/strong>, 11\u00aa etapa da temporada 2025. O&nbsp;<strong>GRANDE PR\u00caMIO<\/strong>&nbsp;acompanha todas as atividades&nbsp;<strong><a href=\"https:\/\/www.grandepremio.com\/br\/f1\/ao-vivo\" target=\"_blank\" rel=\"noreferrer noopener\">AO VIVO E EM&nbsp;<\/a><a href=\"https:\/\/www.grandepremio.com\/br\/ao-vivo\/\" target=\"_blank\" rel=\"noreferrer noopener\">TEMPO REAL<\/a><\/strong>, al\u00e9m de classifica\u00e7\u00e3o e corrida em&nbsp;<strong><a href=\"https:\/\/www.youtube.com\/@GrandePremio1\/streams\" target=\"_blank\" rel=\"noreferrer noopener\">SEGUNDA TELA no YouTube<\/a><\/strong>, em parceria com a Voz do Esporte. O&nbsp;<strong>Briefing<\/strong>&nbsp;chega para analisar ap\u00f3s o fim de cada dia de atividades nas redes sociais e na GPTV.<\/p>\n\n\n\n<p class=\"wp-block-paragraph\">Al\u00e9m da cobertura tradicional, o&nbsp;<strong>GRANDE PR\u00caMIO<\/strong>&nbsp;estar\u00e1&nbsp;<strong>IN LOCO<\/strong>&nbsp;em&nbsp;<strong>Spielberg&nbsp;<\/strong>para acompanhar todas as emo\u00e7\u00f5es da etapa com o rep\u00f3rter&nbsp;<strong>Leonid Kliuev<\/strong>.<\/p>\n\n\n\n<p class=\"wp-block-paragraph\"><strong>GP da \u00c1ustria&nbsp;de F1: veja os hor\u00e1rios em Brasil, Cabo Verde,&nbsp;<a href=\"https:\/\/grandepremio.pt\/\" target=\"_blank\" rel=\"noreferrer noopener\">Portugal<\/a>, Angola e Mo\u00e7ambique:<\/strong><\/p>\n\n\n\n<figure class=\"wp-block-table\"><table class=\"has-fixed-layout\"><tbody><tr><td><strong>Sess\u00e3o<\/strong><\/td><td><strong>BRA*<\/strong><\/td><td><strong>CBV<\/strong><\/td><td><strong>POR<\/strong><br><strong>ANG<\/strong><\/td><td><strong>MOZ<\/strong><\/td><\/tr><tr><td>Treino livre 1<\/td><td>08:30<\/td><td>10:30<\/td><td>12:30<\/td><td>13:30<\/td><\/tr><tr><td>Treino livre 2<\/td><td>12:00<\/td><td>14:00<\/td><td>16:00<\/td><td>17:00<\/td><\/tr><tr><td>Treino livre 3<\/td><td>07:30<\/td><td>09:30<\/td><td>11:30<\/td><td>12:30<\/td><\/tr><tr><td>Classifica\u00e7\u00e3o<\/td><td>11:00<\/td><td>13:00<\/td><td>15:00<\/td><td>16:00<\/td><\/tr><tr><td>Corrida<\/td><td>10:00<\/td><td>12:00<\/td><td>14:00<\/td><td>15:00<\/td><\/tr><\/tbody><\/table><\/figure>\n\n\n\n<p class=\"wp-block-paragraph\"><em>*Hor\u00e1rio de Bras\u00edlia<\/em><\/p>\n\n\n\n<figure class=\"wp-block-embed is-type-video is-provider-youtube wp-block-embed-youtube wp-embed-aspect-16-9 wp-has-aspect-ratio\"><div class=\"wp-block-embed__wrapper\">\n<iframe loading=\"lazy\" title=\"BOTTAS X P\u00c9REZ E NOVA CHANCE PARA DRUGOVICH: OS PLANOS DA CADILLAC NA F1 | Paddock Sprint\" width=\"500\" height=\"281\" src=\"https:\/\/www.youtube.com\/embed\/LnSELXaoX78?feature=oembed\" frameborder=\"0\" allow=\"accelerometer; autoplay; clipboard-write; encrypted-media; gyroscope; picture-in-picture; web-share\" referrerpolicy=\"strict-origin-when-cross-origin\" allowfullscreen><\/iframe>\n<\/div><\/figure>\n","protected":false},"excerpt":{"rendered":"<p>Andrea Kimi Antonelli conciliou o \u00faltimo ano de ensino m\u00e9dio com estreia na F\u00f3rmula 1. Com aprova\u00e7\u00e3o nas provas finais, piloto da Mercedes foca integralmente na sequ\u00eancia da temporada<\/p>\n","protected":false},"author":0,"featured_media":1000980173,"comment_status":"closed","ping_status":"closed","sticky":false,"template":"","format":"standard","meta":{"42wp_featured_image_caption":"","42wp_featured_image_credits":"","42wp_featured_video":"","42wp_featured_image_hidden":false,"42wp_authors_list":[],"footnotes":""},"categories":[2],"tags":[27861,26271,25053,5273,147,3630,180,3628,14357,39820,1491,28285,30840,82,4486,43846,31785,35129,42001],"42wp_author":[47164],"class_list":["post-20804","post","type-post","status-publish","format-standard","has-post-thumbnail","hentry","category-f1","tag-andrea-kimi-antonelli","tag-calendario-f1","tag-canada","tag-classificacao-f1","tag-f1","tag-f1-2025","tag-formula-1","tag-formula-1-2025","tag-gp-do-canada","tag-gp-do-canada-f1","tag-grande-premio","tag-grandepremio","tag-horarios-f1","tag-mercedes","tag-montreal","tag-montreal-2025","tag-montreal-f1","tag-onde-assistir-f1","tag-temporada-2025-f1","42wp_author-marcos-gil-ribeiro"],"_links":{"self":[{"href":"https:\/\/grandepremio.com\/br\/wp-json\/wp\/v2\/posts\/20804","targetHints":{"allow":["GET"]}}],"collection":[{"href":"https:\/\/grandepremio.com\/br\/wp-json\/wp\/v2\/posts"}],"about":[{"href":"https:\/\/grandepremio.com\/br\/wp-json\/wp\/v2\/types\/post"}],"replies":[{"embeddable":true,"href":"https:\/\/grandepremio.com\/br\/wp-json\/wp\/v2\/comments?post=20804"}],"version-history":[{"count":0,"href":"https:\/\/grandepremio.com\/br\/wp-json\/wp\/v2\/posts\/20804\/revisions"}],"wp:featuredmedia":[{"embeddable":true,"href":"https:\/\/grandepremio.com\/br\/wp-json\/wp\/v2\/media\/1000980173"}],"wp:attachment":[{"href":"https:\/\/grandepremio.com\/br\/wp-json\/wp\/v2\/media?parent=20804"}],"wp:term":[{"taxonomy":"category","embeddable":true,"href":"https:\/\/grandepremio.com\/br\/wp-json\/wp\/v2\/categories?post=20804"},{"taxonomy":"post_tag","embeddable":true,"href":"https:\/\/grandepremio.com\/br\/wp-json\/wp\/v2\/tags?post=20804"},{"taxonomy":"42wp_author","embeddable":true,"href":"https:\/\/grandepremio.com\/br\/wp-json\/wp\/v2\/42wp_author?post=20804"}],"curies":[{"name":"wp","href":"https:\/\/api.w.org\/{rel}","templated":true}]}}