{"id":20807,"date":"2025-06-25T08:32:44","date_gmt":"2025-06-25T11:32:44","guid":{"rendered":"https:\/\/grandepremio.com\/br\/noticias\/fernando-alonso-cita-fantasia-poder-clube-futebol-admite-nao-estou-pronto\/"},"modified":"2025-07-02T11:30:18","modified_gmt":"2025-07-02T14:30:18","slug":"fernando-alonso-cita-fantasia-poder-clube-futebol-admite-nao-estou-pronto","status":"publish","type":"post","link":"https:\/\/grandepremio.com\/br\/f1\/fernando-alonso-cita-fantasia-poder-clube-futebol-admite-nao-estou-pronto\/","title":{"rendered":"Alonso cita &#8220;fantasia de ter poder&#8221; em clube de futebol, mas admite: &#8220;N\u00e3o estou pronto&#8221;"},"content":{"rendered":"\n<p class=\"wp-block-paragraph\">Apaixonado por futebol e torcedor do <strong>Real Madrid<\/strong>, <strong>Fernando Alonso<\/strong> admitiu que sonha em ter poder de decis\u00e3o em um grande clube. Em uma conversa sobre as pretens\u00f5es do espanhol fora do automobilismo, o piloto da <strong>Aston Martin<\/strong> destacou que \u00e9 normal no futebol torcedores acharem que tomariam as melhores decis\u00f5es na presid\u00eancia. Questionado se teria inten\u00e7\u00e3o de concorrer com <strong>Rafael Nadal<\/strong> para o cargo mais alto do time da capital, por\u00e9m, o asturiano admitiu que ainda falta preparo.<\/p>\n\n\n\n<p class=\"wp-block-paragraph\">&#8220;N\u00e3o tenho tanta certeza quanto ele, mas se voc\u00ea gosta de futebol e de uma equipe em especial, sempre fantasia com a ideia de ter um pouco de poder de decis\u00e3o&#8221;, disse Alonso ao servi\u00e7o de streaming <em>DAZN<\/em>. &#8220;Em casa, somos todos treinadores, jogadores de futebol e presidentes, contratar\u00edamos esse ou aquele. N\u00e3o me sinto pronto, nem acho que estou. Ent\u00e3o, voc\u00ea nem precisa pensar sobre isso&#8221;, brincou.<\/p>\n\n\n\n<p class=\"wp-block-paragraph\">Em uma revela\u00e7\u00e3o que j\u00e1 havia feito anteriormente, Alonso confirmou que gostava mais de futebol do que de automobilismo na inf\u00e2ncia. O espanhol ainda citou os primeiros \u00eddolos que teve no esporte e ressaltou como as coisas foram mudando ao longo do tempo.<\/p>\n\n\n\n<p class=\"wp-block-paragraph\">&#8220;Quando crian\u00e7a, gostava mais de futebol que de automobilismo. Minhas refer\u00eancias eram Buyo, por tamb\u00e9m ser goleiro, M\u00edchel, Butrague\u00f1o\u2026 Lembro de ir ao est\u00e1dio e curtir jogadores como Onopko e Carlos. Ent\u00e3o, vieram os &#8216;Gal\u00e1ticos&#8217;, e passamos a viver os jogos de forma diferente, compartilhando com amigos&#8221;, afirmou.<\/p>\n\n\n\n<figure class=\"wp-block-image size-large\"><img decoding=\"async\" src=\"https:\/\/www.grandepremio.com\/br\/wp-content\/uploads\/2025\/06\/canada-2025-f1-quinta-feira-aston-martin-fernando-alonso-afp-01-1200x890.jpg\" alt=\"\" class=\"wp-image-980161\"\/><figcaption class=\"wp-element-caption\">F\u00e3 de futebol, Alonso comentou possibilidade de comandar clube um dia (Foto: AFP)<\/figcaption><\/figure>\n\n\n\n<p class=\"wp-block-paragraph\">Convidado a citar um jogador do qual \u00e9 f\u00e3, Alonso escolheu justamente um do Real Madrid: o franc\u00eas <strong>Kylian Mbapp\u00e9<\/strong>, um dos atletas mais badalados do mundo. Al\u00e9m disso, fez quest\u00e3o de avaliar a contrata\u00e7\u00e3o do espanhol <strong>Xabi Alonso<\/strong> para o cargo de treinador do clube espanhol.<\/p>\n\n\n\n<p class=\"wp-block-paragraph\">&#8220;Mbapp\u00e9 sempre me trouxe algo especial, desde que estava no M\u00f4naco. Quando est\u00e1 com a bola, sinto que sempre pode sair alguma coisa. \u00c9 o jogador que mais me chama aten\u00e7\u00e3o&#8221;, destacou, antes de falar sobre Xabi Alonso: &#8220;Acho que pode ser um grande treinador. Como jogador, j\u00e1 tinha conhecimentos t\u00e1ticos e os transmitia muito&#8221;, explicou.<\/p>\n\n\n\n<p class=\"wp-block-paragraph\">&#8220;Agora, como treinador, al\u00e9m disso, tem essa tranquilidade e capacidade de comunica\u00e7\u00e3o que fazem falta em um clube como o Real Madrid, onde a cada tr\u00eas dias voc\u00ea precisa dar uma coletiva de imprensa&#8221;, finalizou Alonso.<\/p>\n\n\n\n<p class=\"wp-block-paragraph\">A&nbsp;<strong><a href=\"https:\/\/www.grandepremio.com\/br\/f1\/\" target=\"_blank\" rel=\"noreferrer noopener\"><\/a><a href=\"https:\/\/www.grandepremio.com\/br\/f1\/\" target=\"_blank\" rel=\"noreferrer noopener\">F\u00f3rmula 1<\/a><\/strong>&nbsp;realiza o GP da \u00c1ustria neste fim de semana, de 27 a 29 de junho,&nbsp;<strong>no Red Bull Ring<\/strong>, 11\u00aa etapa da temporada 2025. O&nbsp;<strong>GRANDE PR\u00caMIO<\/strong>&nbsp;acompanha todas as atividades&nbsp;<strong><a href=\"https:\/\/www.grandepremio.com\/br\/f1\/ao-vivo\" target=\"_blank\" rel=\"noreferrer noopener\">AO VIVO E EM&nbsp;<\/a><a href=\"https:\/\/www.grandepremio.com\/br\/ao-vivo\/\" target=\"_blank\" rel=\"noreferrer noopener\">TEMPO REAL<\/a><\/strong>, al\u00e9m de classifica\u00e7\u00e3o e corrida em&nbsp;<strong><a href=\"https:\/\/www.youtube.com\/@GrandePremio1\/streams\" target=\"_blank\" rel=\"noreferrer noopener\">SEGUNDA TELA no YouTube<\/a><\/strong>, em parceria com a Voz do Esporte. O&nbsp;<strong>Briefing<\/strong>&nbsp;chega para analisar ap\u00f3s o fim de cada dia de atividades nas redes sociais e na GPTV.<\/p>\n\n\n\n<p class=\"wp-block-paragraph\">Al\u00e9m da cobertura tradicional, o&nbsp;<strong>GRANDE PR\u00caMIO<\/strong>&nbsp;estar\u00e1&nbsp;<strong>IN LOCO<\/strong>&nbsp;em&nbsp;<strong>Spielberg&nbsp;<\/strong>para acompanhar todas as emo\u00e7\u00f5es da etapa com o rep\u00f3rter&nbsp;<strong>Leonid Kliuev<\/strong>.<\/p>\n\n\n\n<p class=\"wp-block-paragraph\"><strong>GP da \u00c1ustria&nbsp;de F1: veja os hor\u00e1rios em Brasil, Cabo Verde,&nbsp;<a href=\"https:\/\/grandepremio.pt\/\" target=\"_blank\" rel=\"noreferrer noopener\">Portugal<\/a>, Angola e Mo\u00e7ambique:<\/strong><\/p>\n\n\n\n<figure class=\"wp-block-table\"><table class=\"has-fixed-layout\"><tbody><tr><td><strong>Sess\u00e3o<\/strong><\/td><td><strong>BRA*<\/strong><\/td><td><strong>CBV<\/strong><\/td><td><strong>POR<\/strong><br><strong>ANG<\/strong><\/td><td><strong>MOZ<\/strong><\/td><\/tr><tr><td>Treino livre 1<\/td><td>08:30<\/td><td>10:30<\/td><td>12:30<\/td><td>13:30<\/td><\/tr><tr><td>Treino livre 2<\/td><td>12:00<\/td><td>14:00<\/td><td>16:00<\/td><td>17:00<\/td><\/tr><tr><td>Treino livre 3<\/td><td>07:30<\/td><td>09:30<\/td><td>11:30<\/td><td>12:30<\/td><\/tr><tr><td>Classifica\u00e7\u00e3o<\/td><td>11:00<\/td><td>13:00<\/td><td>15:00<\/td><td>16:00<\/td><\/tr><tr><td>Corrida<\/td><td>10:00<\/td><td>12:00<\/td><td>14:00<\/td><td>15:00<\/td><\/tr><\/tbody><\/table><\/figure>\n\n\n\n<p class=\"wp-block-paragraph\"><em>*Hor\u00e1rio de Bras\u00edlia<\/em><\/p>\n\n\n\n<p class=\"wp-block-paragraph\"><strong>\u25b6\ufe0f<\/strong> <strong>Inscreva-se nos dois canais do GRANDE PR\u00caMIO no YouTube:&nbsp;<a href=\"https:\/\/www.youtube.com\/channel\/UC9OlHEgxoaY6QY6nWPoiqQg?sub_confirmation=1\" target=\"_blank\" rel=\"noreferrer noopener\">GP<\/a>&nbsp;|&nbsp;<a href=\"https:\/\/www.youtube.com\/channel\/UC9csiS6q_C3C0FYhyr1rnFA?sub_confirmation=1\" target=\"_blank\" rel=\"noreferrer noopener\">GP2<\/a><\/strong><br>\u25b6\ufe0f&nbsp;<strong>LEIA TAMB\u00c9M:&nbsp;<a href=\"https:\/\/www.grandepremio.com\/br\/f1\/noticias\/mercedes-defende-lewis-hamilton-pede-paciencia-a-ferrari-todos-precisam-se-adaptar\/\">Mercedes defende Hamilton e pede paci\u00eancia \u00e0 Ferrari: \u201cTodos precisam se adaptar\u201d<\/a><\/strong><\/p>\n\n\n\n<figure class=\"wp-block-embed is-type-video is-provider-youtube wp-block-embed-youtube wp-embed-aspect-16-9 wp-has-aspect-ratio\"><div class=\"wp-block-embed__wrapper\">\n<iframe loading=\"lazy\" title=\"HAMILTON N\u00c3O PRECISA SER SCHUMACHER EM PRIMEIRO ANO COM FERRARI NA F1\" width=\"500\" height=\"281\" src=\"https:\/\/www.youtube.com\/embed\/98XokKa7dYI?feature=oembed\" frameborder=\"0\" allow=\"accelerometer; autoplay; clipboard-write; encrypted-media; gyroscope; picture-in-picture; web-share\" referrerpolicy=\"strict-origin-when-cross-origin\" allowfullscreen><\/iframe>\n<\/div><\/figure>\n","protected":false},"excerpt":{"rendered":"<p>Fernando Alonso ressaltou sentimento pelo futebol e admitiu que j\u00e1 pensou em comandar um clube do tamanho do Real Madrid, mas reconheceu que n\u00e3o se sente preparado<\/p>\n","protected":false},"author":0,"featured_media":1000980192,"comment_status":"closed","ping_status":"closed","sticky":false,"template":"","format":"standard","meta":{"42wp_featured_image_caption":"","42wp_featured_image_credits":"","42wp_featured_video":"","42wp_featured_image_hidden":false,"42wp_authors_list":[],"footnotes":""},"categories":[2],"tags":[27776,34186,27487,309,28494,39086,41965,8235,41950,3630,642,11958,41966,176,23783,1491,32667],"42wp_author":[47142],"class_list":["post-20807","post","type-post","status-publish","format-standard","has-post-thumbnail","hentry","category-f1","tag-assistir-f1-ao-vivo","tag-assistir-f1-gratis","tag-assistir-f1-online","tag-aston-martin","tag-austrian-gp","tag-calendario-f1-2025","tag-calendario-f1-2025-horarios","tag-classificacao-da-f1","tag-classificacao-f1-2025","tag-f1-2025","tag-f1-ao-vivo","tag-f1-live","tag-f1-tv-2025","tag-fernando-alonso","tag-gp-da-austria","tag-grande-premio","tag-grandepremio-f1","42wp_author-jp-nascimento"],"_links":{"self":[{"href":"https:\/\/grandepremio.com\/br\/wp-json\/wp\/v2\/posts\/20807","targetHints":{"allow":["GET"]}}],"collection":[{"href":"https:\/\/grandepremio.com\/br\/wp-json\/wp\/v2\/posts"}],"about":[{"href":"https:\/\/grandepremio.com\/br\/wp-json\/wp\/v2\/types\/post"}],"replies":[{"embeddable":true,"href":"https:\/\/grandepremio.com\/br\/wp-json\/wp\/v2\/comments?post=20807"}],"version-history":[{"count":0,"href":"https:\/\/grandepremio.com\/br\/wp-json\/wp\/v2\/posts\/20807\/revisions"}],"wp:featuredmedia":[{"embeddable":true,"href":"https:\/\/grandepremio.com\/br\/wp-json\/wp\/v2\/media\/1000980192"}],"wp:attachment":[{"href":"https:\/\/grandepremio.com\/br\/wp-json\/wp\/v2\/media?parent=20807"}],"wp:term":[{"taxonomy":"category","embeddable":true,"href":"https:\/\/grandepremio.com\/br\/wp-json\/wp\/v2\/categories?post=20807"},{"taxonomy":"post_tag","embeddable":true,"href":"https:\/\/grandepremio.com\/br\/wp-json\/wp\/v2\/tags?post=20807"},{"taxonomy":"42wp_author","embeddable":true,"href":"https:\/\/grandepremio.com\/br\/wp-json\/wp\/v2\/42wp_author?post=20807"}],"curies":[{"name":"wp","href":"https:\/\/api.w.org\/{rel}","templated":true}]}}