{"id":20811,"date":"2025-06-25T07:20:34","date_gmt":"2025-06-25T10:20:34","guid":{"rendered":"https:\/\/grandepremio.com\/br\/noticias\/lewis-hamilton-reforca-foco-2026-para-construir-bases-brigar-pelo-titulo-ferrari\/"},"modified":"2025-06-25T08:00:05","modified_gmt":"2025-06-25T11:00:05","slug":"lewis-hamilton-reforca-foco-2026-para-construir-bases-brigar-pelo-titulo-ferrari","status":"publish","type":"post","link":"https:\/\/grandepremio.com\/br\/f1\/lewis-hamilton-reforca-foco-2026-para-construir-bases-brigar-pelo-titulo-ferrari\/","title":{"rendered":"Hamilton refor\u00e7a foco por 2026 para \u201cconstruir bases\u201d e \u201cbrigar pelo t\u00edtulo\u201d com Ferrari"},"content":{"rendered":"\n<p class=\"wp-block-paragraph\"><strong>Lewis Hamilton<\/strong> voltou a defender a necessidade de a <strong>Ferrari <\/strong>virar o foco para o projeto da temporada 2026 da <strong>F\u00f3rmula 1<\/strong>. De acordo com o heptacampe\u00e3o, a escuderia italiana precisa construir bases s\u00f3lidas e ter um carro competitivo desde a primeira corrida do ano para ser capaz de brigar pelo t\u00edtulo logo no primeiro ano do novo regulamento.<\/p>\n\n\n\n<p class=\"wp-block-paragraph\">A temporada 2025 da <strong>Ferrari <\/strong>est\u00e1 muito abaixo do que se esperava. Depois de terminar 2024 brigando pelo t\u00edtulo no<strong> Mundial de Construtores<\/strong> at\u00e9 a \u00faltima etapa, a expectativa era que a chegada de <strong>Hamilton<\/strong>, aliada \u00e0 continuidade do projeto, colocariam a escuderia de <strong>Maranello <\/strong>em um patamar de brigar pelo t\u00edtulo. Por\u00e9m, nada disso aconteceu.<\/p>\n\n\n\n<p class=\"wp-block-paragraph\">Ainda que esteja brigando pelo vice no <strong>Mundial de Construtores<\/strong>, a <strong>Ferrari <\/strong>est\u00e1 muito longe do desempenho da <strong>McLaren<\/strong> e n\u00e3o tem ind\u00edcio algum de que ser\u00e1 capaz de desafiar a equipe papaia em algum momento da temporada.&nbsp;<\/p>\n\n\n\n<p class=\"wp-block-paragraph\">Al\u00e9m disso, <strong>Hamilton <\/strong>n\u00e3o conseguiu se entender com a <strong>SF-25<\/strong> e ainda oscila muito durante os fins de semana de corrida. Por\u00e9m, sabendo que em 2026 as regras ser\u00e3o completamente diferentes, o heptacampe\u00e3o afirmou que n\u00e3o h\u00e1 necessidade de seguir insistindo na temporada atual e voltou a defender o foco no ano que vem.<\/p>\n\n\n\n<figure class=\"wp-block-image size-large\"><img decoding=\"async\" src=\"https:\/\/www.grandepremio.com\/br\/wp-content\/uploads\/2025\/06\/canada-2025-f1-classificacao-ferrari-lewis-hamilton-01-1200x800.jpg\" alt=\"\" class=\"wp-image-981277\"\/><figcaption class=\"wp-element-caption\">Lewis Hamilton ainda n\u00e3o se adaptou \u00e0 Ferrari (Foto: Ferrari)<\/figcaption><\/figure>\n\n\n\n<p class=\"wp-block-paragraph\">\u201cEstamos na metade da temporada. Vamos continuar somando pontos, \u00e9 claro, mas acho que \u00e9 hora de focar no carro do ano que vem e garantir que n\u00e3o tenhamos os problemas que tivemos este ano para podermos lutar pelo t\u00edtulo\u201d, destacou <strong>Hamilton<\/strong>.<\/p>\n\n\n\n<p class=\"wp-block-paragraph\">\u201cPrecisamos fazer muitas mudan\u00e7as. Para mim, trata-se de construir sobre algumas bases, porque claramente n\u00e3o estamos brigando pelo t\u00edtulo. Precisamos garantir que teremos um \u00f3timo carro no ano que vem, para n\u00e3o perdermos muito tempo nos preocupando ou focando neste ano. Quero garantir que o carro do ano que vem seja muito melhor, desde a primeira corrida\u201d, finalizou <strong>Hamilton<\/strong>.<\/p>\n\n\n\n<p class=\"wp-block-paragraph\">A&nbsp;<strong><a href=\"https:\/\/www.grandepremio.com\/br\/f1\/\" target=\"_blank\" rel=\"noreferrer noopener\"><\/a><a href=\"https:\/\/www.grandepremio.com\/br\/f1\/\" target=\"_blank\" rel=\"noreferrer noopener\">F\u00f3rmula 1<\/a><\/strong>&nbsp;realiza o GP da \u00c1ustria neste fim de semana, de 27 a 29 de junho,&nbsp;<strong>no Red Bull Ring<\/strong>, 11\u00aa etapa da temporada 2025. O&nbsp;<strong>GRANDE PR\u00caMIO<\/strong>&nbsp;acompanha todas as atividades&nbsp;<strong><a href=\"https:\/\/www.grandepremio.com\/br\/f1\/ao-vivo\" target=\"_blank\" rel=\"noreferrer noopener\">AO VIVO E EM&nbsp;<\/a><a href=\"https:\/\/www.grandepremio.com\/br\/ao-vivo\/\" target=\"_blank\" rel=\"noreferrer noopener\">TEMPO REAL<\/a><\/strong>, al\u00e9m de classifica\u00e7\u00e3o e corrida em&nbsp;<strong><a href=\"https:\/\/www.youtube.com\/@GrandePremio1\/streams\" target=\"_blank\" rel=\"noreferrer noopener\">SEGUNDA TELA no YouTube<\/a><\/strong>, em parceria com a Voz do Esporte. O&nbsp;<strong>Briefing<\/strong>&nbsp;chega para analisar ap\u00f3s o fim de cada dia de atividades nas redes sociais e na GPTV.<\/p>\n\n\n\n<p class=\"wp-block-paragraph\">Al\u00e9m da cobertura tradicional, o&nbsp;<strong>GRANDE PR\u00caMIO<\/strong>&nbsp;estar\u00e1&nbsp;<strong>IN LOCO<\/strong>&nbsp;em&nbsp;<strong>Spielberg&nbsp;<\/strong>para acompanhar todas as emo\u00e7\u00f5es da etapa com o rep\u00f3rter&nbsp;<strong>Leonid Kliuev<\/strong>.<\/p>\n\n\n\n<p class=\"wp-block-paragraph\"><strong>GP da \u00c1ustria&nbsp;de F1: veja os hor\u00e1rios em Brasil, Cabo Verde,&nbsp;<a href=\"https:\/\/grandepremio.pt\/\" target=\"_blank\" rel=\"noreferrer noopener\">Portugal<\/a>, Angola e Mo\u00e7ambique:<\/strong><\/p>\n\n\n\n<figure class=\"wp-block-table\"><table class=\"has-fixed-layout\"><tbody><tr><td><strong>Sess\u00e3o<\/strong><\/td><td><strong>BRA*<\/strong><\/td><td><strong>CBV<\/strong><\/td><td><strong>POR<\/strong><br><strong>ANG<\/strong><\/td><td><strong>MOZ<\/strong><\/td><\/tr><tr><td>Treino livre 1<\/td><td>08:30<\/td><td>10:30<\/td><td>12:30<\/td><td>13:30<\/td><\/tr><tr><td>Treino livre 2<\/td><td>12:00<\/td><td>14:00<\/td><td>16:00<\/td><td>17:00<\/td><\/tr><tr><td>Treino livre 3<\/td><td>07:30<\/td><td>09:30<\/td><td>11:30<\/td><td>12:30<\/td><\/tr><tr><td>Classifica\u00e7\u00e3o<\/td><td>11:00<\/td><td>13:00<\/td><td>15:00<\/td><td>16:00<\/td><\/tr><tr><td>Corrida<\/td><td>10:00<\/td><td>12:00<\/td><td>14:00<\/td><td>15:00<\/td><\/tr><\/tbody><\/table><\/figure>\n\n\n\n<p class=\"wp-block-paragraph\"><em>*Hor\u00e1rio de Bras\u00edlia<\/em><\/p>\n\n\n\n<figure class=\"wp-block-embed is-type-video is-provider-youtube wp-block-embed-youtube wp-embed-aspect-16-9 wp-has-aspect-ratio\"><div class=\"wp-block-embed__wrapper\">\n<iframe loading=\"lazy\" title=\"BOTTAS X P\u00c9REZ E NOVA CHANCE PARA DRUGOVICH: OS PLANOS DA CADILLAC NA F1 | Paddock Sprint\" width=\"500\" height=\"281\" src=\"https:\/\/www.youtube.com\/embed\/LnSELXaoX78?feature=oembed\" frameborder=\"0\" allow=\"accelerometer; autoplay; clipboard-write; encrypted-media; gyroscope; picture-in-picture; web-share\" referrerpolicy=\"strict-origin-when-cross-origin\" allowfullscreen><\/iframe>\n<\/div><\/figure>\n","protected":false},"excerpt":{"rendered":"<p>Lewis Hamilton voltou a defender seu ponto de vista e explicou que a Ferrari precisa construir bases s\u00f3lidas para ter a chance de brigar pelo t\u00edtulo na F\u00f3rmula 1 em 2026<\/p>\n","protected":false},"author":0,"featured_media":1000980462,"comment_status":"closed","ping_status":"closed","sticky":false,"template":"","format":"standard","meta":{"42wp_featured_image_caption":"","42wp_featured_image_credits":"","42wp_featured_video":"","42wp_featured_image_hidden":false,"42wp_authors_list":[],"footnotes":""},"categories":[2],"tags":[207,578,33334,42744,1491,28285,2810,30039,35133,33934,87,4873,32191,42448],"42wp_author":[47149],"class_list":["post-20811","post","type-post","status-publish","format-standard","has-post-thumbnail","hentry","category-f1","tag-ferrari","tag-ferrari-f1","tag-ferrari-formula-1","tag-ferrari-sf-25","tag-grande-premio","tag-grandepremio","tag-hamilton","tag-hamilton-f1","tag-hamilton-ferrari","tag-hamilton-formula-1","tag-lewis-hamilton","tag-regulamento-f1","tag-regulamento-f1-2026","tag-sf-25","42wp_author-bernardo-castro"],"_links":{"self":[{"href":"https:\/\/grandepremio.com\/br\/wp-json\/wp\/v2\/posts\/20811","targetHints":{"allow":["GET"]}}],"collection":[{"href":"https:\/\/grandepremio.com\/br\/wp-json\/wp\/v2\/posts"}],"about":[{"href":"https:\/\/grandepremio.com\/br\/wp-json\/wp\/v2\/types\/post"}],"replies":[{"embeddable":true,"href":"https:\/\/grandepremio.com\/br\/wp-json\/wp\/v2\/comments?post=20811"}],"version-history":[{"count":0,"href":"https:\/\/grandepremio.com\/br\/wp-json\/wp\/v2\/posts\/20811\/revisions"}],"wp:featuredmedia":[{"embeddable":true,"href":"https:\/\/grandepremio.com\/br\/wp-json\/wp\/v2\/media\/1000980462"}],"wp:attachment":[{"href":"https:\/\/grandepremio.com\/br\/wp-json\/wp\/v2\/media?parent=20811"}],"wp:term":[{"taxonomy":"category","embeddable":true,"href":"https:\/\/grandepremio.com\/br\/wp-json\/wp\/v2\/categories?post=20811"},{"taxonomy":"post_tag","embeddable":true,"href":"https:\/\/grandepremio.com\/br\/wp-json\/wp\/v2\/tags?post=20811"},{"taxonomy":"42wp_author","embeddable":true,"href":"https:\/\/grandepremio.com\/br\/wp-json\/wp\/v2\/42wp_author?post=20811"}],"curies":[{"name":"wp","href":"https:\/\/api.w.org\/{rel}","templated":true}]}}