{"id":20840,"date":"2025-06-24T09:00:21","date_gmt":"2025-06-24T12:00:21","guid":{"rendered":"https:\/\/grandepremio.com\/br\/noticias\/nico-hulkenberg-confirma-novidades-sauber-austria-coisas-comecaram-encaixar\/"},"modified":"2025-06-24T10:50:14","modified_gmt":"2025-06-24T13:50:14","slug":"nico-hulkenberg-confirma-novidades-sauber-austria-coisas-comecaram-encaixar","status":"publish","type":"post","link":"https:\/\/grandepremio.com\/br\/f1\/nico-hulkenberg-confirma-novidades-sauber-austria-coisas-comecaram-encaixar\/","title":{"rendered":"H\u00fclkenberg confirma novidades para Sauber na \u00c1ustria: &#8220;Coisas come\u00e7aram a encaixar&#8221;"},"content":{"rendered":"\n<p class=\"wp-block-paragraph\"><strong>Nico H\u00fclkenberg<\/strong> confirmou que a <strong>Sauber <\/strong>vai levar mais algumas novidades no carro para o <strong>GP da \u00c1ustria<\/strong>, 11\u00aa etapa da <strong>temporada 2025 <\/strong>da <strong>F\u00f3rmula 1<\/strong>. O veterano ainda destacou que desde as \u00faltimas atualiza\u00e7\u00f5es feitas no <strong>C45<\/strong>, as coisas &#8220;come\u00e7aram a se encaixar&#8221;.<\/p>\n\n\n\n<p class=\"wp-block-paragraph\">Os resultados, ali\u00e1s, podem ser vistos na pr\u00e1tica. O pacote introduzido na <strong>Espanha <\/strong>proporcionou mais ritmo de classifica\u00e7\u00e3o e ajudou Nico a conquistar um \u00f3timo quinto lugar na corrida. No <strong>Canad\u00e1<\/strong>, ele terminou novamente nos pontos, dessa vez em oitavo.<\/p>\n\n\n\n<p class=\"wp-block-paragraph\">A expectativa para a etapa de <strong>Spielberg<\/strong>, portanto, \u00e9 boa. &#8220;Correr na \u00c1ustria sempre traz uma \u00f3tima atmosfera&#8221;, come\u00e7ou o alem\u00e3o na pr\u00e9via da corrida. &#8220;O cen\u00e1rio \u00e9 \u00fanico, e h\u00e1 uma boa energia em torno do evento.&#8221;<\/p>\n\n\n\n<p class=\"wp-block-paragraph\">&#8220;Os \u00faltimos dois finais de semana marcaram um avan\u00e7o moderado para n\u00f3s, e as coisas est\u00e3o come\u00e7ando a se encaixar um pouco mais&#8221;, salientou. &#8220;Neste fim de semana, teremos algumas pe\u00e7as novas no carro, portanto, o segredo ser\u00e1 entender como elas se comportam e melhorar o desempenho durante as sess\u00f5es&#8221;, completou.<\/p>\n\n\n\n<figure class=\"wp-block-image size-large\"><img decoding=\"async\" src=\"https:\/\/www.grandepremio.com\/br\/wp-content\/uploads\/2025\/06\/canada-2025-f1-corrida-sauber-nico-hulkenberg-afp-012-1200x800.jpg\" alt=\"\" class=\"wp-image-982010\"\/><figcaption class=\"wp-element-caption\">Nico H\u00fclkenberg j\u00e1 somou 20 pontos no Mundial (Foto: AFP)<\/figcaption><\/figure>\n\n\n\n<p class=\"wp-block-paragraph\">&#8220;Vamos nos concentrar ainda mais em ficar atentos aos detalhes e reunir tudo, como temos feito, para abrir mais uma chance de sair com algo novamente&#8221;, encerrou H\u00fclkenberg, que j\u00e1 anotou 20 pontos no Mundial de Pilotos.<\/p>\n\n\n\n<p class=\"wp-block-paragraph\">A\u00a0<strong><a href=\"https:\/\/www.grandepremio.com\/br\/f1\/\" target=\"_blank\" rel=\"noreferrer noopener\"><\/a><a href=\"https:\/\/www.grandepremio.com\/br\/f1\/\" target=\"_blank\" rel=\"noreferrer noopener\">F\u00f3rmula 1<\/a><\/strong>\u00a0realiza o GP da \u00c1ustria neste fim de semana, de 27 a 29 de junho,\u00a0<strong>no Red Bull Ring<\/strong>, 11\u00aa etapa da temporada 2025. O\u00a0<strong>GRANDE PR\u00caMIO<\/strong>\u00a0acompanha todas as atividades\u00a0<strong><a href=\"https:\/\/www.grandepremio.com\/br\/f1\/ao-vivo\" target=\"_blank\" rel=\"noreferrer noopener\">AO VIVO E EM\u00a0<\/a><a href=\"https:\/\/www.grandepremio.com\/br\/ao-vivo\/\" target=\"_blank\" rel=\"noreferrer noopener\">TEMPO REAL<\/a><\/strong>, al\u00e9m de classifica\u00e7\u00e3o e corrida em\u00a0<strong><a href=\"https:\/\/www.youtube.com\/@GrandePremio1\/streams\" target=\"_blank\" rel=\"noreferrer noopener\">SEGUNDA TELA no YouTube<\/a><\/strong>, em parceria com a Voz do Esporte. O\u00a0<strong>Briefing<\/strong>\u00a0chega para analisar ap\u00f3s o fim de cada dia de atividades nas redes sociais e na GPTV.<\/p>\n\n\n\n<p class=\"wp-block-paragraph\">Al\u00e9m da cobertura tradicional, o&nbsp;<strong>GRANDE PR\u00caMIO<\/strong>&nbsp;estar\u00e1&nbsp;<strong>IN LOCO<\/strong>&nbsp;em&nbsp;<strong>Spielberg&nbsp;<\/strong>para acompanhar todas as emo\u00e7\u00f5es da etapa com o rep\u00f3rter&nbsp;<strong>Leonid Kliuev<\/strong>.<\/p>\n\n\n\n<p class=\"wp-block-paragraph\"><strong>GP da \u00c1ustria&nbsp;de F1: veja os hor\u00e1rios em Brasil, Cabo Verde,&nbsp;<a href=\"https:\/\/grandepremio.pt\/\" target=\"_blank\" rel=\"noreferrer noopener\">Portugal<\/a>, Angola e Mo\u00e7ambique:<\/strong><\/p>\n\n\n\n<figure class=\"wp-block-table\"><table class=\"has-fixed-layout\"><tbody><tr><td><strong>Sess\u00e3o<\/strong><\/td><td><strong>BRA*<\/strong><\/td><td><strong>CBV<\/strong><\/td><td><strong>POR<\/strong><br><strong>ANG<\/strong><\/td><td><strong>MOZ<\/strong><\/td><\/tr><tr><td>Treino livre 1<\/td><td>08:30<\/td><td>10:30<\/td><td>12:30<\/td><td>13:30<\/td><\/tr><tr><td>Treino livre 2<\/td><td>12:00<\/td><td>14:00<\/td><td>16:00<\/td><td>17:00<\/td><\/tr><tr><td>Treino livre 3<\/td><td>07:30<\/td><td>09:30<\/td><td>11:30<\/td><td>12:30<\/td><\/tr><tr><td>Classifica\u00e7\u00e3o<\/td><td>11:00<\/td><td>13:00<\/td><td>15:00<\/td><td>16:00<\/td><\/tr><tr><td>Corrida<\/td><td>10:00<\/td><td>12:00<\/td><td>14:00<\/td><td>15:00<\/td><\/tr><\/tbody><\/table><\/figure>\n\n\n\n<p class=\"wp-block-paragraph\"><em>*Hor\u00e1rio de Bras\u00edlia<\/em><\/p>\n\n\n\n<p class=\"wp-block-paragraph\">\u25b6\ufe0f <strong>Inscreva-se nos dois canais do GRANDE PR\u00caMIO no YouTube:\u00a0<a href=\"https:\/\/www.youtube.com\/channel\/UC9OlHEgxoaY6QY6nWPoiqQg?sub_confirmation=1\" target=\"_blank\" rel=\"noreferrer noopener\">GP<\/a>\u00a0|\u00a0<a href=\"https:\/\/www.youtube.com\/channel\/UC9csiS6q_C3C0FYhyr1rnFA?sub_confirmation=1\" target=\"_blank\" rel=\"noreferrer noopener\">GP2<\/a><\/strong><br>\u25b6\ufe0f\u00a0<strong>LEIA TAMB\u00c9M:\u00a0<a href=\"https:\/\/www.grandepremio.com\/br\/f1\/noticias\/mercedes-defende-lewis-hamilton-pede-paciencia-a-ferrari-todos-precisam-se-adaptar\/\">Mercedes defende Hamilton e pede paci\u00eancia \u00e0 Ferrari: \u201cTodos precisam se adaptar\u201d<\/a><\/strong><\/p>\n\n\n\n<figure class=\"wp-block-embed is-type-video is-provider-youtube wp-block-embed-youtube wp-embed-aspect-16-9 wp-has-aspect-ratio\"><div class=\"wp-block-embed__wrapper\">\n<iframe loading=\"lazy\" title=\"McLAREN QUER DOMINAR NA CASA DA RED BULL + FERRARI COM MUDAN\u00c7AS? | Paddock GP #421\" width=\"500\" height=\"281\" src=\"https:\/\/www.youtube.com\/embed\/dIwSmYP20Co?feature=oembed\" frameborder=\"0\" allow=\"accelerometer; autoplay; clipboard-write; encrypted-media; gyroscope; picture-in-picture; web-share\" referrerpolicy=\"strict-origin-when-cross-origin\" allowfullscreen><\/iframe>\n<\/div><\/figure>\n","protected":false},"excerpt":{"rendered":"<p>Nico H\u00fclkenberg destacou que o trabalho na \u00c1ustria ser\u00e1 focado em entender as atualiza\u00e7\u00f5es e melhorar o desempenho do carro em cada sess\u00e3o<\/p>\n","protected":false},"author":0,"featured_media":1000980182,"comment_status":"closed","ping_status":"closed","sticky":false,"template":"","format":"standard","meta":{"42wp_featured_image_caption":"","42wp_featured_image_credits":"","42wp_featured_video":"","42wp_featured_image_hidden":false,"42wp_authors_list":[],"footnotes":""},"categories":[2],"tags":[26271,5273,147,3630,180,3628,23783,40100,1491,28285,30840,1521,35129,1763,43993,31956,1197,4613,43962,31955,42001],"42wp_author":[47147],"class_list":["post-20840","post","type-post","status-publish","format-standard","has-post-thumbnail","hentry","category-f1","tag-calendario-f1","tag-classificacao-f1","tag-f1","tag-f1-2025","tag-formula-1","tag-formula-1-2025","tag-gp-da-austria","tag-gp-da-austria-f1","tag-grande-premio","tag-grandepremio","tag-horarios-f1","tag-nico-hulkenberg","tag-onde-assistir-f1","tag-red-bull-ring","tag-red-bull-ring-2025","tag-red-bull-ring-f1","tag-sauber","tag-spielberg","tag-spielberg-2025","tag-spielberg-f1","tag-temporada-2025-f1","42wp_author-luana-marino"],"_links":{"self":[{"href":"https:\/\/grandepremio.com\/br\/wp-json\/wp\/v2\/posts\/20840","targetHints":{"allow":["GET"]}}],"collection":[{"href":"https:\/\/grandepremio.com\/br\/wp-json\/wp\/v2\/posts"}],"about":[{"href":"https:\/\/grandepremio.com\/br\/wp-json\/wp\/v2\/types\/post"}],"replies":[{"embeddable":true,"href":"https:\/\/grandepremio.com\/br\/wp-json\/wp\/v2\/comments?post=20840"}],"version-history":[{"count":0,"href":"https:\/\/grandepremio.com\/br\/wp-json\/wp\/v2\/posts\/20840\/revisions"}],"wp:featuredmedia":[{"embeddable":true,"href":"https:\/\/grandepremio.com\/br\/wp-json\/wp\/v2\/media\/1000980182"}],"wp:attachment":[{"href":"https:\/\/grandepremio.com\/br\/wp-json\/wp\/v2\/media?parent=20840"}],"wp:term":[{"taxonomy":"category","embeddable":true,"href":"https:\/\/grandepremio.com\/br\/wp-json\/wp\/v2\/categories?post=20840"},{"taxonomy":"post_tag","embeddable":true,"href":"https:\/\/grandepremio.com\/br\/wp-json\/wp\/v2\/tags?post=20840"},{"taxonomy":"42wp_author","embeddable":true,"href":"https:\/\/grandepremio.com\/br\/wp-json\/wp\/v2\/42wp_author?post=20840"}],"curies":[{"name":"wp","href":"https:\/\/api.w.org\/{rel}","templated":true}]}}