{"id":20842,"date":"2025-06-24T08:31:46","date_gmt":"2025-06-24T11:31:46","guid":{"rendered":"https:\/\/grandepremio.com\/br\/noticias\/gabriel-bortoleto-expoe-otimismo-gp-austria-corridas-encorajadoras-sauber\/"},"modified":"2025-06-24T10:48:57","modified_gmt":"2025-06-24T13:48:57","slug":"gabriel-bortoleto-expoe-otimismo-gp-austria-corridas-encorajadoras-sauber","status":"publish","type":"post","link":"https:\/\/grandepremio.com\/br\/f1\/gabriel-bortoleto-expoe-otimismo-gp-austria-corridas-encorajadoras-sauber\/","title":{"rendered":"Bortoleto exp\u00f5e otimismo para GP da \u00c1ustria ap\u00f3s corridas &#8220;encorajadoras&#8221; da Sauber"},"content":{"rendered":"\n<p class=\"wp-block-paragraph\"><strong>Gabriel Bortoleto<\/strong> ter\u00e1 neste fim de semana um reencontro especial com o circuito do<strong> Red Bull Ring<\/strong>, palco da primeira vit\u00f3ria do brasileiro na<strong> F\u00f3rmula 2 <\/strong>e que teve papel crucial na arrancada rumo ao t\u00edtulo. Agora na <strong>F\u00f3rmula 1<\/strong>, a expectativa \u00e9 buscar um bom resultado, sobretudo ap\u00f3s as duas \u00faltimas corridas &#8220;encorajadoras&#8221; da <strong>Sauber <\/strong>gra\u00e7as \u00e0s atualiza\u00e7\u00f5es.<\/p>\n\n\n\n<p class=\"wp-block-paragraph\">Bortoleto ainda n\u00e3o marcou pontos, por\u00e9m tem demonstrado importante crescimento aos s\u00e1bados. Na <strong>Espanha<\/strong>, etapa em que a Sauber levou mudan\u00e7as significativas no assoalho, conseguiu a melhor posi\u00e7\u00e3o de largada ao alinhar em 12\u00ba.<\/p>\n\n\n\n<p class=\"wp-block-paragraph\">O ritmo de corrida do companheiro de equipe, <strong>Nico H\u00fclkenberg<\/strong>, tamb\u00e9m \u00e9 sinal de que ser\u00e1 quest\u00e3o de tempo at\u00e9 Gabriel completar um GP no top-10.<\/p>\n\n\n\n<p class=\"wp-block-paragraph\">&#8220;Estou realmente ansioso por <strong>Spielberg<\/strong>: gosto da pista e, em geral, \u00e9 um lugar legal para correr&#8221;, come\u00e7ou Bortoleto na pr\u00e9via do GP da \u00c1ustria. <\/p>\n\n\n\n<figure class=\"wp-block-image size-full\"><img decoding=\"async\" src=\"https:\/\/www.grandepremio.com\/br\/wp-content\/uploads\/2025\/06\/output.auto-9.jpg\" alt=\"\" class=\"wp-image-982279\"\/><figcaption class=\"wp-element-caption\">Gabriel Bortoleto vai em busca dos primeiros pontos na F1 2025 (Foto: Sauber)<\/figcaption><\/figure>\n\n\n\n<p class=\"wp-block-paragraph\">&#8220;Os \u00faltimos dois eventos foram encorajadores para a equipe e mostraram o progresso que estamos fazendo \u2014 tamb\u00e9m estou ansioso para conseguir um bom resultado&#8221;, salientou.<\/p>\n\n\n\n<p class=\"wp-block-paragraph\">&#8220;Neste fim de semana, o importante \u00e9 entrar em um bom ritmo desde o in\u00edcio e aproveitar ao m\u00e1ximo o que temos \u00e0 disposi\u00e7\u00e3o. A equipe tem trabalhado muito duro nos bastidores e na pista, e estou ansioso para aproveitar o progresso feito at\u00e9 agora&#8221;, encerrou Bortoleto.<\/p>\n\n\n\n<p class=\"wp-block-paragraph\">A\u00a0<strong><a href=\"https:\/\/www.grandepremio.com\/br\/f1\/\" target=\"_blank\" rel=\"noreferrer noopener\"><\/a><a href=\"https:\/\/www.grandepremio.com\/br\/f1\/\" target=\"_blank\" rel=\"noreferrer noopener\">F\u00f3rmula 1<\/a><\/strong>\u00a0realiza o GP da \u00c1ustria neste fim de semana, de 27 a 29 de junho,\u00a0<strong>no Red Bull Ring<\/strong>, 11\u00aa etapa da temporada 2025. O\u00a0<strong>GRANDE PR\u00caMIO<\/strong>\u00a0acompanha todas as atividades\u00a0<strong><a href=\"https:\/\/www.grandepremio.com\/br\/f1\/ao-vivo\" target=\"_blank\" rel=\"noreferrer noopener\">AO VIVO E EM\u00a0<\/a><a href=\"https:\/\/www.grandepremio.com\/br\/ao-vivo\/\" target=\"_blank\" rel=\"noreferrer noopener\">TEMPO REAL<\/a><\/strong>, al\u00e9m de classifica\u00e7\u00e3o e corrida em\u00a0<strong><a href=\"https:\/\/www.youtube.com\/@GrandePremio1\/streams\" target=\"_blank\" rel=\"noreferrer noopener\">SEGUNDA TELA no YouTube<\/a><\/strong>, em parceria com a Voz do Esporte. O\u00a0<strong>Briefing<\/strong>\u00a0chega para analisar ap\u00f3s o fim de cada dia de atividades nas redes sociais e na GPTV.<\/p>\n\n\n\n<p class=\"wp-block-paragraph\">Al\u00e9m da cobertura tradicional, o&nbsp;<strong>GRANDE PR\u00caMIO<\/strong>&nbsp;estar\u00e1&nbsp;<strong>IN LOCO<\/strong>&nbsp;em&nbsp;<strong>Spielberg&nbsp;<\/strong>para acompanhar todas as emo\u00e7\u00f5es da etapa com o rep\u00f3rter&nbsp;<strong>Leonid Kliuev<\/strong>.<\/p>\n\n\n\n<p class=\"wp-block-paragraph\"><strong>GP da \u00c1ustria&nbsp;de F1: veja os hor\u00e1rios em Brasil, Cabo Verde,&nbsp;<a href=\"https:\/\/grandepremio.pt\/\" target=\"_blank\" rel=\"noreferrer noopener\">Portugal<\/a>, Angola e Mo\u00e7ambique:<\/strong><\/p>\n\n\n\n<figure class=\"wp-block-table\"><table class=\"has-fixed-layout\"><tbody><tr><td><strong>Sess\u00e3o<\/strong><\/td><td><strong>BRA*<\/strong><\/td><td><strong>CBV<\/strong><\/td><td><strong>POR<\/strong><br><strong>ANG<\/strong><\/td><td><strong>MOZ<\/strong><\/td><\/tr><tr><td>Treino livre 1<\/td><td>08:30<\/td><td>10:30<\/td><td>12:30<\/td><td>13:30<\/td><\/tr><tr><td>Treino livre 2<\/td><td>12:00<\/td><td>14:00<\/td><td>16:00<\/td><td>17:00<\/td><\/tr><tr><td>Treino livre 3<\/td><td>07:30<\/td><td>09:30<\/td><td>11:30<\/td><td>12:30<\/td><\/tr><tr><td>Classifica\u00e7\u00e3o<\/td><td>11:00<\/td><td>13:00<\/td><td>15:00<\/td><td>16:00<\/td><\/tr><tr><td>Corrida<\/td><td>10:00<\/td><td>12:00<\/td><td>14:00<\/td><td>15:00<\/td><\/tr><\/tbody><\/table><\/figure>\n\n\n\n<p class=\"wp-block-paragraph\"><em>*Hor\u00e1rio de Bras\u00edlia<\/em><\/p>\n\n\n\n<p class=\"wp-block-paragraph\">\u25b6\ufe0f <strong>Inscreva-se nos dois canais do GRANDE PR\u00caMIO no YouTube:\u00a0<a href=\"https:\/\/www.youtube.com\/channel\/UC9OlHEgxoaY6QY6nWPoiqQg?sub_confirmation=1\" target=\"_blank\" rel=\"noreferrer noopener\">GP<\/a>\u00a0|\u00a0<a href=\"https:\/\/www.youtube.com\/channel\/UC9csiS6q_C3C0FYhyr1rnFA?sub_confirmation=1\" target=\"_blank\" rel=\"noreferrer noopener\">GP2<\/a><\/strong><br>\u25b6\ufe0f\u00a0<strong>LEIA TAMB\u00c9M:\u00a0<a href=\"https:\/\/www.grandepremio.com\/br\/f1\/noticias\/mercedes-defende-lewis-hamilton-pede-paciencia-a-ferrari-todos-precisam-se-adaptar\/\">Mercedes defende Hamilton e pede paci\u00eancia \u00e0 Ferrari: \u201cTodos precisam se adaptar\u201d<\/a><\/strong><\/p>\n\n\n\n<figure class=\"wp-block-embed is-type-video is-provider-youtube wp-block-embed-youtube wp-embed-aspect-16-9 wp-has-aspect-ratio\"><div class=\"wp-block-embed__wrapper\">\n<iframe loading=\"lazy\" title=\"McLAREN QUER DOMINAR NA CASA DA RED BULL + FERRARI COM MUDAN\u00c7AS? | Paddock GP #421\" width=\"500\" height=\"281\" src=\"https:\/\/www.youtube.com\/embed\/dIwSmYP20Co?feature=oembed\" frameborder=\"0\" allow=\"accelerometer; autoplay; clipboard-write; encrypted-media; gyroscope; picture-in-picture; web-share\" referrerpolicy=\"strict-origin-when-cross-origin\" allowfullscreen><\/iframe>\n<\/div><\/figure>\n","protected":false},"excerpt":{"rendered":"<p>A Sauber conseguiu importante progresso com as atualiza\u00e7\u00f5es da Espanha, portanto Gabriel Bortoleto acredita que est\u00e1 perto de colher os primeiros frutos desta evolu\u00e7\u00e3o<\/p>\n","protected":false},"author":0,"featured_media":1000974680,"comment_status":"closed","ping_status":"closed","sticky":false,"template":"","format":"standard","meta":{"42wp_featured_image_caption":"","42wp_featured_image_credits":"","42wp_featured_video":"","42wp_featured_image_hidden":false,"42wp_authors_list":[],"footnotes":""},"categories":[2],"tags":[26271,5273,147,3630,180,3628,350,23783,40100,1491,28285,30840,35129,1763,43993,31956,1197,4613,43962,31955,42001],"42wp_author":[47147],"class_list":["post-20842","post","type-post","status-publish","format-standard","has-post-thumbnail","hentry","category-f1","tag-calendario-f1","tag-classificacao-f1","tag-f1","tag-f1-2025","tag-formula-1","tag-formula-1-2025","tag-gabriel-bortoleto","tag-gp-da-austria","tag-gp-da-austria-f1","tag-grande-premio","tag-grandepremio","tag-horarios-f1","tag-onde-assistir-f1","tag-red-bull-ring","tag-red-bull-ring-2025","tag-red-bull-ring-f1","tag-sauber","tag-spielberg","tag-spielberg-2025","tag-spielberg-f1","tag-temporada-2025-f1","42wp_author-luana-marino"],"_links":{"self":[{"href":"https:\/\/grandepremio.com\/br\/wp-json\/wp\/v2\/posts\/20842","targetHints":{"allow":["GET"]}}],"collection":[{"href":"https:\/\/grandepremio.com\/br\/wp-json\/wp\/v2\/posts"}],"about":[{"href":"https:\/\/grandepremio.com\/br\/wp-json\/wp\/v2\/types\/post"}],"replies":[{"embeddable":true,"href":"https:\/\/grandepremio.com\/br\/wp-json\/wp\/v2\/comments?post=20842"}],"version-history":[{"count":0,"href":"https:\/\/grandepremio.com\/br\/wp-json\/wp\/v2\/posts\/20842\/revisions"}],"wp:featuredmedia":[{"embeddable":true,"href":"https:\/\/grandepremio.com\/br\/wp-json\/wp\/v2\/media\/1000974680"}],"wp:attachment":[{"href":"https:\/\/grandepremio.com\/br\/wp-json\/wp\/v2\/media?parent=20842"}],"wp:term":[{"taxonomy":"category","embeddable":true,"href":"https:\/\/grandepremio.com\/br\/wp-json\/wp\/v2\/categories?post=20842"},{"taxonomy":"post_tag","embeddable":true,"href":"https:\/\/grandepremio.com\/br\/wp-json\/wp\/v2\/tags?post=20842"},{"taxonomy":"42wp_author","embeddable":true,"href":"https:\/\/grandepremio.com\/br\/wp-json\/wp\/v2\/42wp_author?post=20842"}],"curies":[{"name":"wp","href":"https:\/\/api.w.org\/{rel}","templated":true}]}}