{"id":20857,"date":"2025-06-23T13:00:55","date_gmt":"2025-06-23T16:00:55","guid":{"rendered":"https:\/\/grandepremio.com\/br\/noticias\/lendario-projetista-f1-gordon-murray-revela-diagnostico-cancer-esofago\/"},"modified":"2025-06-23T13:27:37","modified_gmt":"2025-06-23T16:27:37","slug":"lendario-projetista-f1-gordon-murray-revela-diagnostico-cancer-esofago","status":"publish","type":"post","link":"https:\/\/grandepremio.com\/br\/f1\/lendario-projetista-f1-gordon-murray-revela-diagnostico-cancer-esofago\/","title":{"rendered":"Lend\u00e1rio projetista da F1, Gordon Murray revela diagn\u00f3stico de c\u00e2ncer no es\u00f4fago"},"content":{"rendered":"\n<p class=\"wp-block-paragraph\"><strong>Gordon Murray<\/strong>, renomado projetista da <strong>F\u00f3rmula 1<\/strong>, revelou que est\u00e1 com um c\u00e2ncer no es\u00f4fago desde o come\u00e7o do ano passado. Em entrevista ao jornal brit\u00e2nico <em>The Telegraph<\/em>, o sul-africano disse que descobriu a doen\u00e7a durante uma endoscopia e que passou por uma laparoscopia \u2014 uma cirurgia minimamente invasiva \u2014 bem-sucedida.\u00a0<\/p>\n\n\n\n<p class=\"wp-block-paragraph\">Murray revelou que est\u00e1 lidando com adenocarcinoma, um tipo de c\u00e2ncer que se desenvolve em c\u00e9lulas glandulares, depois de sofrer por d\u00e9cadas com refluxo \u00e1cido, o que aumenta as chances de desenvolver c\u00e2ncer no es\u00f4fago.\u00a0<\/p>\n\n\n\n<p class=\"wp-block-paragraph\">\u201cO oncologista passou quase uma hora explicando os poss\u00edveis efeitos colaterais para mim e minha esposa antes de eu come\u00e7ar a quimioterapia e, olha, eu tive todos\u201d, revelou Murray<\/p>\n\n\n\n<p class=\"wp-block-paragraph\">\u201cH\u00e1 15 anos fa\u00e7o uma endoscopia todo ano, junto com uma bi\u00f3psia. Foi assim que conseguimos detectar. O problema do c\u00e2ncer de es\u00f4fago \u00e9 que ele n\u00e3o apresenta muitos sintomas at\u00e9 que seja tarde demais, e \u00e9 por isso que a taxa de sobreviv\u00eancia \u00e9 muito baixa\u201d, acrescentou.&nbsp;<\/p>\n\n\n\n<figure class=\"wp-block-image size-full\"><img decoding=\"async\" src=\"https:\/\/www.grandepremio.com\/br\/wp-content\/uploads\/2023\/12\/Ayrton-Senna-GP-do-Japao-1988-McLaren-MP4-4-Foto-McLaren-Divulgacao.jpg\" alt=\"\" class=\"wp-image-762322\"\/><figcaption class=\"wp-element-caption\">McLaren MP4\/4 de 1988 \u00e9 uma das grandes cria\u00e7\u00f5es de Gordon Murray (Foto: McLaren \/ Divulga\u00e7\u00e3o)<\/figcaption><\/figure>\n\n\n\n<p class=\"wp-block-paragraph\">Em julho do ano passado, Murray passou por uma laparoscopia feita pelo rob\u00f4 cir\u00fargico Da Vinci XI, controlada pelo professor Shaun Preston. O projetista tamb\u00e9m falou sobre como foi esse procedimento que at\u00e9 lembrou a produ\u00e7\u00e3o de um carro de corrida.<\/p>\n\n\n\n<p class=\"wp-block-paragraph\">\u201cO cirurgi\u00e3o fica do outro lado da sala com um PlayStation, basicamente, e voc\u00ea est\u00e1 deitado ali enquanto tudo \u00e9 feito com rob\u00f4s. \u00c9 um pouco como quando a gente est\u00e1 prototipando um carro de corrida. Essa \u00e9 a parte divertida para mim: quando se tem uma ideia e precisa desenvolv\u00ea-la antes de realmente ir para a pista\u201d, comentou Murray.\u00a0<\/p>\n\n\n\n<p class=\"wp-block-paragraph\">2025 marca os 60 anos das hist\u00f3ricas cria\u00e7\u00f5es de Murray, que ter\u00e1 parte de seu acervo <a href=\"https:\/\/www.grandepremio.com\/br\/f1\/noticias\/mclaren-exibe-carros-campeoes-goodwood-alain-prost-bruno-senna\/\">presente no tradicional <strong>Festival de Goodwood<\/strong><\/a>, incluindo o <strong>Brabham BT46B<\/strong> de 1978, o <strong>McLaren MP4\/4<\/strong> de 1988 e o supercarro <strong>GMA T.50s Niki Lauda XP1<\/strong> de 2024.<\/p>\n\n\n\n<p class=\"wp-block-paragraph\">A&nbsp;<strong><a href=\"https:\/\/www.grandepremio.com\/br\/f1\/\" target=\"_blank\" rel=\"noreferrer noopener\"><\/a><a href=\"https:\/\/www.grandepremio.com\/br\/f1\/\" target=\"_blank\" rel=\"noreferrer noopener\">F\u00f3rmula 1<\/a><\/strong>&nbsp;realiza o GP da \u00c1ustria neste fim de semana, de 27 a 29 de junho,&nbsp;<strong>no Red Bull Ring<\/strong>, 11\u00aa etapa da temporada 2025. O&nbsp;<strong>GRANDE PR\u00caMIO<\/strong>&nbsp;acompanha todas as atividades&nbsp;<strong><a href=\"https:\/\/www.grandepremio.com\/br\/f1\/ao-vivo\" target=\"_blank\" rel=\"noreferrer noopener\">AO VIVO E EM&nbsp;<\/a><a href=\"https:\/\/www.grandepremio.com\/br\/ao-vivo\/\" target=\"_blank\" rel=\"noreferrer noopener\">TEMPO REAL<\/a><\/strong>, al\u00e9m de classifica\u00e7\u00e3o e corrida em&nbsp;<strong><a href=\"https:\/\/www.youtube.com\/@GrandePremio1\/streams\" target=\"_blank\" rel=\"noreferrer noopener\">SEGUNDA TELA no YouTube<\/a><\/strong>, em parceria com a Voz do Esporte. O&nbsp;<strong>Briefing<\/strong>&nbsp;chega para analisar ap\u00f3s o fim de cada dia de atividades nas redes sociais e na GPTV.<\/p>\n\n\n\n<p class=\"wp-block-paragraph\">Al\u00e9m da cobertura tradicional, o&nbsp;<strong>GRANDE PR\u00caMIO<\/strong>&nbsp;estar\u00e1&nbsp;<strong>IN LOCO<\/strong>&nbsp;em&nbsp;<strong>Spielberg&nbsp;<\/strong>para acompanhar todas as emo\u00e7\u00f5es da etapa com o rep\u00f3rter&nbsp;<strong>Leonid Kliuev<\/strong>.<\/p>\n\n\n\n<p class=\"wp-block-paragraph\"><strong>GP da \u00c1ustria&nbsp;de F1: veja os hor\u00e1rios em Brasil, Cabo Verde,&nbsp;<a href=\"https:\/\/grandepremio.pt\/\" target=\"_blank\" rel=\"noreferrer noopener\">Portugal<\/a>, Angola e Mo\u00e7ambique:<\/strong><\/p>\n\n\n\n<figure class=\"wp-block-table\"><table class=\"has-fixed-layout\"><tbody><tr><td><strong>Sess\u00e3o<\/strong><\/td><td><strong>BRA*<\/strong><\/td><td><strong>CBV<\/strong><\/td><td><strong>POR<\/strong><br><strong>ANG<\/strong><\/td><td><strong>MOZ<\/strong><\/td><\/tr><tr><td>Treino livre 1<\/td><td>08:30<\/td><td>10:30<\/td><td>12:30<\/td><td>13:30<\/td><\/tr><tr><td>Treino livre 2<\/td><td>12:00<\/td><td>14:00<\/td><td>16:00<\/td><td>17:00<\/td><\/tr><tr><td>Treino livre 3<\/td><td>07:30<\/td><td>09:30<\/td><td>11:30<\/td><td>12:30<\/td><\/tr><tr><td>Classifica\u00e7\u00e3o<\/td><td>11:00<\/td><td>13:00<\/td><td>15:00<\/td><td>16:00<\/td><\/tr><tr><td>Corrida<\/td><td>10:00<\/td><td>12:00<\/td><td>14:00<\/td><td>15:00<\/td><\/tr><\/tbody><\/table><\/figure>\n\n\n\n<p class=\"wp-block-paragraph\"><em>*Hor\u00e1rio de Bras\u00edlia<\/em><\/p>\n\n\n\n<p class=\"wp-block-paragraph\"><strong>\u25b6\ufe0f<\/strong>&nbsp;<strong>Inscreva-se nos dois canais do GRANDE PR\u00caMIO no YouTube:&nbsp;<a href=\"https:\/\/www.youtube.com\/channel\/UC9OlHEgxoaY6QY6nWPoiqQg?sub_confirmation=1\" target=\"_blank\" rel=\"noreferrer noopener\">GP<\/a>&nbsp;|&nbsp;<a href=\"https:\/\/www.youtube.com\/channel\/UC9csiS6q_C3C0FYhyr1rnFA?sub_confirmation=1\" target=\"_blank\" rel=\"noreferrer noopener\">GP2<\/a><\/strong><br>\u25b6\ufe0f&nbsp;<strong>LEIA TAMB\u00c9M:&nbsp;<a href=\"https:\/\/www.grandepremio.com\/br\/f1\/noticias\/mercedes-defende-lewis-hamilton-pede-paciencia-a-ferrari-todos-precisam-se-adaptar\/\">Mercedes defende Hamilton e pede paci\u00eancia \u00e0 Ferrari: \u201cTodos precisam se adaptar\u201d<\/a><\/strong><\/p>\n\n\n\n<figure class=\"wp-block-embed is-type-video is-provider-youtube wp-block-embed-youtube wp-embed-aspect-16-9 wp-has-aspect-ratio\"><div class=\"wp-block-embed__wrapper\">\n<iframe loading=\"lazy\" title=\"HAMILTON N\u00c3O PRECISA SER SCHUMACHER EM PRIMEIRO ANO COM FERRARI NA F1\" width=\"500\" height=\"281\" src=\"https:\/\/www.youtube.com\/embed\/98XokKa7dYI?feature=oembed\" frameborder=\"0\" allow=\"accelerometer; autoplay; clipboard-write; encrypted-media; gyroscope; picture-in-picture; web-share\" referrerpolicy=\"strict-origin-when-cross-origin\" allowfullscreen><\/iframe>\n<\/div><\/figure>\n","protected":false},"excerpt":{"rendered":"<p>Lend\u00e1rio projetista e designer da F\u00f3rmula 1, Gordon Murray revelou em entrevista recente que foi diagnosticado com um c\u00e2ncer no es\u00f4fago<\/p>\n","protected":false},"author":0,"featured_media":1000984691,"comment_status":"closed","ping_status":"closed","sticky":false,"template":"","format":"standard","meta":{"42wp_featured_image_caption":"","42wp_featured_image_credits":"","42wp_featured_video":"","42wp_featured_image_hidden":false,"42wp_authors_list":[],"footnotes":""},"categories":[2],"tags":[5660,969,147,3630,642,160,180,3628,1491,30103,28285],"42wp_author":[47162],"class_list":["post-20857","post","type-post","status-publish","format-standard","has-post-thumbnail","hentry","category-f1","tag-classificacao","tag-corrida","tag-f1","tag-f1-2025","tag-f1-ao-vivo","tag-f1-tv","tag-formula-1","tag-formula-1-2025","tag-grande-premio","tag-grande-premio-f1","tag-grandepremio","42wp_author-giovani-danjo"],"_links":{"self":[{"href":"https:\/\/grandepremio.com\/br\/wp-json\/wp\/v2\/posts\/20857","targetHints":{"allow":["GET"]}}],"collection":[{"href":"https:\/\/grandepremio.com\/br\/wp-json\/wp\/v2\/posts"}],"about":[{"href":"https:\/\/grandepremio.com\/br\/wp-json\/wp\/v2\/types\/post"}],"replies":[{"embeddable":true,"href":"https:\/\/grandepremio.com\/br\/wp-json\/wp\/v2\/comments?post=20857"}],"version-history":[{"count":0,"href":"https:\/\/grandepremio.com\/br\/wp-json\/wp\/v2\/posts\/20857\/revisions"}],"wp:featuredmedia":[{"embeddable":true,"href":"https:\/\/grandepremio.com\/br\/wp-json\/wp\/v2\/media\/1000984691"}],"wp:attachment":[{"href":"https:\/\/grandepremio.com\/br\/wp-json\/wp\/v2\/media?parent=20857"}],"wp:term":[{"taxonomy":"category","embeddable":true,"href":"https:\/\/grandepremio.com\/br\/wp-json\/wp\/v2\/categories?post=20857"},{"taxonomy":"post_tag","embeddable":true,"href":"https:\/\/grandepremio.com\/br\/wp-json\/wp\/v2\/tags?post=20857"},{"taxonomy":"42wp_author","embeddable":true,"href":"https:\/\/grandepremio.com\/br\/wp-json\/wp\/v2\/42wp_author?post=20857"}],"curies":[{"name":"wp","href":"https:\/\/api.w.org\/{rel}","templated":true}]}}