{"id":20900,"date":"2025-06-22T14:11:26","date_gmt":"2025-06-22T17:11:26","guid":{"rendered":"https:\/\/grandepremio.com\/br\/noticias\/caio-collet-vibra-por-presentear-time-com-vitoria-road-america-duro-ser-2o-ou-3o-sempre\/"},"modified":"2025-06-22T17:00:04","modified_gmt":"2025-06-22T20:00:04","slug":"caio-collet-vibra-por-presentear-time-com-vitoria-road-america-duro-ser-2o-ou-3o-sempre","status":"publish","type":"post","link":"https:\/\/grandepremio.com\/br\/indy\/caio-collet-vibra-por-presentear-time-com-vitoria-road-america-duro-ser-2o-ou-3o-sempre\/","title":{"rendered":"Collet vibra por &#8220;presentear time&#8221; com vit\u00f3ria em Road America: \u201cDuro ser 2\u00b0 ou 3\u00b0 sempre\u201d"},"content":{"rendered":"\n<p class=\"wp-block-paragraph\"><strong>Caio Collet<\/strong> superou <strong>Dennis Hauger<\/strong> nas voltas finais e conquistou a <a href=\"https:\/\/www.grandepremio.com\/br\/indy\/noticias\/caio-collet-desbanca-dennis-hauger-vence-etapa-indy-nxt-road-america\/\">primeira vit\u00f3ria na temporada 2025<\/a> da <strong>Indy NXT<\/strong> em <strong>Road America<\/strong>, neste domingo (22). O brasileiro comentou que queria presentear a equpe com a vit\u00f3ria, j\u00e1 que perdeu a pole-position na classifica\u00e7\u00e3o. Ele tamb\u00e9m celebrou ter derrotado a <strong>Andretti<\/strong> pela primeira vez no ano.<\/p>\n\n\n\n<p class=\"wp-block-paragraph\">Questionado sobre a ultrapassagem em Hauger sem o push-to-pass, Collet respondeu: \u201cNa primeira volta, apertei o bot\u00e3o e nada aconteceu. E a\u00ed pensei que fosse apenas no meu carro, mas perguntei \u00e0 equipe e disseram que era um problema com todos\u201d, disse \u00e0 <em>Fox Sports<\/em>.<\/p>\n\n\n\n<p class=\"wp-block-paragraph\">\u201cTirando isso, t\u00ednhamos um bom ritmo e conseguimos manter a press\u00e3o. Sab\u00edamos que nosso carro era bom\u201d, ressaltou.<\/p>\n\n\n\n<p class=\"wp-block-paragraph\">\u201cAcho que perdi a pole-position ontem por culpa minha. Dennis fez uma volta fenomenal, mas fiquei frustrado comigo mesmo. Ent\u00e3o, hoje queria presentear a equipe com a vit\u00f3ria. O carro estava bom durante todo o fim de semana e vamos continuar nos esfor\u00e7ando\u201d, seguiu.<\/p>\n\n\n\n<figure class=\"wp-block-image size-large\"><img decoding=\"async\" src=\"https:\/\/www.grandepremio.com\/br\/wp-content\/uploads\/2025\/06\/Caio-Collet-Grand-Prix-at-Road-America-INDY-NXT-Presented-by-Firestone-By_-Travis-Hinkle_Large-Image-Without-Watermark_m135221-1200x800.jpg\" alt=\"\" class=\"wp-image-984241\"\/><figcaption class=\"wp-element-caption\">Caio Collet (Foto: IndyCar)<\/figcaption><\/figure>\n\n\n\n<p class=\"wp-block-paragraph\">\u201cNo in\u00edcio da temporada, n\u00e3o conseguimos nos aproximar deles [Andretti] o que \u00e9 frustrante, para ser sincero. Era dif\u00edcil ir \u00e0 pista e chegar em segundo ou terceiro toda vez. Mas precisamos continuar trabalhando duro daqui em diante, porque eles s\u00e3o uma grande equipe com bons pilotos\u201d, encerrou Caio.<\/p>\n\n\n\n<p class=\"wp-block-paragraph\">A\u00a0<a href=\"https:\/\/www.grandepremio.com\/formula-indy\/\" target=\"_blank\" rel=\"noreferrer noopener\">Indy<\/a>\u00a0NXT folga, assim como a Indy, no pr\u00f3ximo fim de semana e retorna no dia de 6 de julho, com a etapa de\u00a0<a href=\"https:\/\/www.grandepremio.com\/br\/circuito\/mid-ohio\/\" target=\"_blank\" rel=\"noreferrer noopener\">Mid-Ohio<\/a>, em circuito localizado em Lexington, Ohio.<\/p>\n\n\n\n<figure class=\"wp-block-embed is-type-video is-provider-youtube wp-block-embed-youtube wp-embed-aspect-16-9 wp-has-aspect-ratio\"><div class=\"wp-block-embed__wrapper\">\n<iframe loading=\"lazy\" title=\"PENSKE FRACASSA AT\u00c9 NO MANDO DE CAMPO E CONFIRMA TEMPORADA DESASTROSA\" width=\"500\" height=\"281\" src=\"https:\/\/www.youtube.com\/embed\/kES36aPcFt8?feature=oembed\" frameborder=\"0\" allow=\"accelerometer; autoplay; clipboard-write; encrypted-media; gyroscope; picture-in-picture; web-share\" referrerpolicy=\"strict-origin-when-cross-origin\" allowfullscreen><\/iframe>\n<\/div><figcaption class=\"wp-element-caption\">PENSKE FRACASSA AT\u00c9 NO MANDO DE CAMPO E CONFIRMA TEMPORADA DESASTROSA<\/figcaption><\/figure>\n","protected":false},"excerpt":{"rendered":"<p>Caio Collet conseguiu o primeiro triunfo na temporada 2025 da Indy NXT, em Road America, neste domingo (22). O brasileiro celebrou o resultado e o fato de ter derrotado a Andretti pela primeira vez no ano<\/p>\n","protected":false},"author":0,"featured_media":1000984377,"comment_status":"closed","ping_status":"closed","sticky":false,"template":"","format":"standard","meta":{"42wp_featured_image_caption":"","42wp_featured_image_credits":"","42wp_featured_video":"","42wp_featured_image_hidden":false,"42wp_authors_list":[],"footnotes":""},"categories":[3],"tags":[417,448,6133,619,333,93,39054,232,27726,32908,94,3838],"42wp_author":[47163],"class_list":["post-20900","post","type-post","status-publish","format-standard","has-post-thumbnail","hentry","category-indy","tag-andretti","tag-caio-collet","tag-classificacao-indy","tag-formula-indy","tag-hmd","tag-indy","tag-indy-2025","tag-indy-500","tag-indy-ao-vivo","tag-indy-nxt","tag-indycar","tag-road-america","42wp_author-caio-cavalcante"],"_links":{"self":[{"href":"https:\/\/grandepremio.com\/br\/wp-json\/wp\/v2\/posts\/20900","targetHints":{"allow":["GET"]}}],"collection":[{"href":"https:\/\/grandepremio.com\/br\/wp-json\/wp\/v2\/posts"}],"about":[{"href":"https:\/\/grandepremio.com\/br\/wp-json\/wp\/v2\/types\/post"}],"replies":[{"embeddable":true,"href":"https:\/\/grandepremio.com\/br\/wp-json\/wp\/v2\/comments?post=20900"}],"version-history":[{"count":0,"href":"https:\/\/grandepremio.com\/br\/wp-json\/wp\/v2\/posts\/20900\/revisions"}],"wp:featuredmedia":[{"embeddable":true,"href":"https:\/\/grandepremio.com\/br\/wp-json\/wp\/v2\/media\/1000984377"}],"wp:attachment":[{"href":"https:\/\/grandepremio.com\/br\/wp-json\/wp\/v2\/media?parent=20900"}],"wp:term":[{"taxonomy":"category","embeddable":true,"href":"https:\/\/grandepremio.com\/br\/wp-json\/wp\/v2\/categories?post=20900"},{"taxonomy":"post_tag","embeddable":true,"href":"https:\/\/grandepremio.com\/br\/wp-json\/wp\/v2\/tags?post=20900"},{"taxonomy":"42wp_author","embeddable":true,"href":"https:\/\/grandepremio.com\/br\/wp-json\/wp\/v2\/42wp_author?post=20900"}],"curies":[{"name":"wp","href":"https:\/\/api.w.org\/{rel}","templated":true}]}}