{"id":20946,"date":"2025-06-21T05:56:36","date_gmt":"2025-06-21T08:56:36","guid":{"rendered":"https:\/\/grandepremio.com\/br\/noticias\/dan-ticktum-segura-edoardo-mortara-ep-jacarta-vence-1-formula-e\/"},"modified":"2025-06-21T07:01:56","modified_gmt":"2025-06-21T10:01:56","slug":"dan-ticktum-segura-edoardo-mortara-ep-jacarta-vence-1-formula-e","status":"publish","type":"post","link":"https:\/\/grandepremio.com\/br\/formula-e\/dan-ticktum-segura-edoardo-mortara-ep-jacarta-vence-1-formula-e\/","title":{"rendered":"Ticktum segura Mortara nas voltas finais do eP de Jacarta e vence 1\u00aa na F\u00f3rmula E"},"content":{"rendered":"\n<p class=\"wp-block-paragraph\"><strong>Dan Ticktum<\/strong> venceu o eP de Jacarta da F\u00f3rmula E. Na prova deste s\u00e1bado (21), o piloto da <strong>Cupra Kira<\/strong> se aproveitou do toque entre <strong>Jake Dennis<\/strong> e <strong>Nyck de Vries<\/strong> e venceu pela primeira vez na categoria. <strong>Edoardo Mortara<\/strong> at\u00e9 tentou tomar a ponta nas voltas finais, mas n\u00e3o conseguiu a ultrapassagem e se contentou com o segundo lugar.<\/p>\n\n\n\n<p class=\"wp-block-paragraph\"><strong>Nico M\u00fcller<\/strong>, <strong>Ant\u00f3nio F\u00e9lix da Costa<\/strong> e <strong>Nick Cassidy<\/strong> completaram o top-5 da corrida do fim de semana na capital da Indon\u00e9sia. L\u00edder do campeonato, <strong>Oliver Rowland<\/strong> terminou em d\u00e9cimo.<\/p>\n\n\n\n<p class=\"wp-block-paragraph\">O brasileiro <strong>Lucas Di Grassi<\/strong>, da <strong>Lola Yamaha ABT<\/strong>, teve atua\u00e7\u00e3o discreta. Ap\u00f3s largar na 20\u00aa posi\u00e7\u00e3o, n\u00e3o teve ritmo para escalar o pelot\u00e3o, mas se beneficiou dos abandonos ao longo da prova e terminou em 13\u00ba.<\/p>\n\n\n\n<p class=\"wp-block-paragraph\">A&nbsp;<a href=\"https:\/\/www.grandepremio.com\/br\/formula-e\/\" target=\"_blank\" rel=\"noreferrer noopener\"><\/a><a href=\"https:\/\/www.grandepremio.com\/br\/formula-e\/\" target=\"_blank\" rel=\"noreferrer noopener\">F\u00f3rmula E<\/a>, agora,&nbsp;parte para uma r\u00e1pida pausa e volta a acelerar com a rodada dupla do&nbsp;<strong>eP de Berlim<\/strong>, na&nbsp;<strong>Alemanha<\/strong>, nos dias&nbsp;<strong>12 e 13 de julho<\/strong>. Emissora oficial no Brasil, o&nbsp;<strong>GRANDE PR\u00caMIO&nbsp;<\/strong>transmite todas as atividades de pista&nbsp;<strong>AO VIVO<\/strong>&nbsp;e&nbsp;<strong>COM IMAGENS<\/strong>&nbsp;no&nbsp;<strong><a href=\"https:\/\/www.youtube.com\/@GrandePremio1\">YouTube<\/a>&nbsp;<\/strong>e no&nbsp;<strong><a href=\"https:\/\/www.kwai.com\/@grandepremio?lang=pt-BR\">Kwai<\/a><\/strong>.<\/p>\n\n\n\n<p class=\"wp-block-paragraph\"><strong>\u25b6\ufe0f Inscreva-se nos dois canais do GRANDE PR\u00caMIO no YouTube:&nbsp;<a href=\"https:\/\/www.youtube.com\/channel\/UC9OlHEgxoaY6QY6nWPoiqQg?sub_confirmation=1\" target=\"_blank\" rel=\"noreferrer noopener\">GP<\/a>&nbsp;|&nbsp;<a href=\"https:\/\/www.youtube.com\/channel\/UC9csiS6q_C3C0FYhyr1rnFA?sub_confirmation=1\" target=\"_blank\" rel=\"noreferrer noopener\">GP2<\/a><\/strong><\/p>\n\n\n\n<figure class=\"wp-block-image size-large\"><img decoding=\"async\" src=\"https:\/\/www.grandepremio.com\/br\/wp-content\/uploads\/2025\/06\/2G7A5230_NF54I2hP_20250620092033-2048x2048-1-1200x800.jpg\" alt=\"\" class=\"wp-image-983872\"\/><figcaption class=\"wp-element-caption\">Edoardo Mortara foi o segundo colocado em Jacarta (Foto: F\u00f3rmula E)<\/figcaption><\/figure>\n\n\n\n<h2 class=\"wp-block-heading\" id=\"h-como-foi-o-ep-de-jacarta-da-formula-e-2024-25\"><strong><em>Como foi o eP de Jacarta da F\u00f3rmula E 2024\/25:<\/em><\/strong><\/h2>\n\n\n\n<p class=\"wp-block-paragraph\">Antes mesmo do in\u00edcio da prova, j\u00e1 tivemos altera\u00e7\u00e3o nas posi\u00e7\u00f5es. Pascal Wherlein foi punido por desacelerar desnecessariamente durante a classifica\u00e7\u00e3o e caiu do 14\u00ba para o 17\u00ba lugar no grid.<\/p>\n\n\n\n<p class=\"wp-block-paragraph\">A largada da prova foi limpa, sem nenhum incidente. <strong>Dennis<\/strong> manteve a lideran\u00e7a, enquanto <strong>De Vries<\/strong> largou bem e pulou para a segunda posi\u00e7\u00e3o, deixando <strong>Barnard<\/strong> em terceiro. <strong>Ticktum<\/strong> tamb\u00e9m ultrapassou <strong>Cassidy<\/strong> e assumiu o quarto lugar.<\/p>\n\n\n\n<p class=\"wp-block-paragraph\"><strong>Vergne<\/strong>, que largou em oitavo, teve in\u00edcio fraco e caiu para 13\u00ba. Para tentar se recuperar foi o primeiro a buscar o <strong>Modo Ataque<\/strong>, mas se envolveu em um toque ao tentar ultrapassar Evans na volta cinco e foi para os boxes com danos na asa dianteira. A dire\u00e7\u00e3o de prova ainda puniu o piloto da <strong>DS Penske<\/strong> em cinco segundos pela colis\u00e3o.<\/p>\n\n\n\n<p class=\"wp-block-paragraph\">Duas voltas depois, <strong>G\u00fcnther<\/strong> foi espremido no muro por <strong>Rowland<\/strong> em disputa por posi\u00e7\u00e3o e teve danos no carro, o for\u00e7ando a recolher para os boxes e abandonar a prova. O l\u00edder do campeonato foi considerado culpado pelo toque e recebeu cinco segundos de puni\u00e7\u00e3o.<\/p>\n\n\n\n\n\n\n\n<p class=\"wp-block-paragraph\">Na volta 19, Dennis abdicou da lideran\u00e7a para ativar o Modo Ataque. O movimento do brit\u00e2nico veio no momento que outros seis pilotos do top-10 usavam a pot\u00eancia extra. <strong>Mortara<\/strong> assumiu a lideran\u00e7a momentaneamente, mas n\u00e3o foi capaz de segurar o \u00edmpeto do piloto da <strong>Andretti<\/strong>. De Vries aproveitou o embalo e tomou tamb\u00e9m a segunda posi\u00e7\u00e3o.<\/p>\n\n\n\n<p class=\"wp-block-paragraph\">Com mais de um minuto de Modo Ataque de sobra em rela\u00e7\u00e3o ao l\u00edder, o neerland\u00eas partiu para o ataque e partiu para o ataque. Os dois se tocaram e quem levou a pior foi Dennis, que teve danos na asa dianteira. O piloto da Mahindra assumiu a ponta, mas foi considerado culpado pelo incidente e recebeu dez segundos de puni\u00e7\u00e3o. Os detritos na pista for\u00e7aram a entrada do safety car na pista.<\/p>\n\n\n\n<p class=\"wp-block-paragraph\">Na relargada, <strong>F\u00e9lix da Costa<\/strong> partiu para cima de Cassidy e assumiu a quinta posi\u00e7\u00e3o. Pouco depois, <strong>Jake Hughes<\/strong> parou na pista com problemas t\u00e9cnicos e abandonou a prova. Na volta seguinte, <strong>Stoffel Vandoorne<\/strong> e De Vries tamb\u00e9m ficaram pelo caminho. Dennis foi mais um que teve problemas e despencou para 18\u00ba. A bandeira amarela foi acionada na pista inteira.<\/p>\n\n\n\n<p class=\"wp-block-paragraph\">Quem se deu bem foi Ticktum, que assumiu a lideran\u00e7a faltando apenas cinco voltas para o final. O brit\u00e2nico segurou o \u00edmpeto de Mortara que fez de tudo para tomar a ponta, mas n\u00e3o foi o suficiente para tirar a primeira vit\u00f3ria do piloto da Cupra Kiro.<\/p>\n\n\n\n<p class=\"wp-block-paragraph\"><strong>\u25b6\ufe0f Inscreva-se nos dois canais do GRANDE PR\u00caMIO no YouTube:&nbsp;<a href=\"https:\/\/www.youtube.com\/channel\/UC9OlHEgxoaY6QY6nWPoiqQg?sub_confirmation=1\" target=\"_blank\" rel=\"noreferrer noopener\">GP<\/a>&nbsp;|&nbsp;<a href=\"https:\/\/www.youtube.com\/channel\/UC9csiS6q_C3C0FYhyr1rnFA?sub_confirmation=1\" target=\"_blank\" rel=\"noreferrer noopener\">GP2<\/a><\/strong><\/p>\n\n\n\n<h2 class=\"wp-block-heading\" id=\"h-formula-e-2025-ep-de-jacarta-12\u00aa-etapa\"><em>F\u00f3rmula E 2025, eP de Jacarta, 12\u00aa Etapa:<\/em><\/h2>\n\n\n\n<figure class=\"wp-block-table\"><table class=\"has-fixed-layout\"><tbody><tr><td><strong>1<\/strong><\/td><td>D TICKTUM<\/td><td>Cupra Kiro<\/td><td colspan=\"2\">38 voltas<\/td><\/tr><tr><td><strong>2<\/strong><\/td><td>E MORTARA<\/td><td>Mahindra<\/td><td colspan=\"2\">+0.371<\/td><\/tr><tr><td><strong>3<\/strong><\/td><td>N M\u00dcLLER<\/td><td>Andretti<\/td><td colspan=\"2\">+2.936<\/td><\/tr><tr><td><strong>4<\/strong><\/td><td>A.F DA COSTA<\/td><td>Porsche<\/td><td>+4.316<\/td><\/tr><tr><td><strong>5<\/strong><\/td><td>N CASSIDY<\/td><td>Jaguar<\/td><td>+4.833<\/td><\/tr><tr><td><strong>6<\/strong><\/td><td>T BARNARD<\/td><td>McLaren<\/td><td>+5.741<\/td><\/tr><tr><td><strong>7<\/strong><\/td><td>S BIRD<\/td><td>McLaren<\/td><td>+6.060<\/td><\/tr><tr><td><strong>8<\/strong><\/td><td>S BUEMI<\/td><td>Envision<\/td><td>+7.513<\/td><\/tr><tr><td><strong>9<\/strong><\/td><td>R FRIJNS<\/td><td>Envision<\/td><td>+7.745<\/td><\/tr><tr><td><strong>10<\/strong><\/td><td>O ROWLAND<\/td><td>Nissan<\/td><td>+10.142<\/td><\/tr><tr><td><strong>11<\/strong><\/td><td>P WEHRLEIN<\/td><td>Porsche<\/td><td>+13.128<\/td><\/tr><tr><td><strong>12<\/strong><\/td><td>M EVANS<\/td><td>Jaguar<\/td><td>+14.387<\/td><\/tr><tr><td><strong>13<\/strong><\/td><td>L DI GRASSI<\/td><td>Lola Yamaha ABT<\/td><td>+14.965<\/td><\/tr><tr><td><strong>14<\/strong><\/td><td>N NATO<\/td><td>Nissan<\/td><td>+15.241<\/td><\/tr><tr><td><strong>15<\/strong><\/td><td>D BECKMANN<\/td><td>Cupra Kiro<\/td><td>+16.011<\/td><\/tr><tr><td><strong>16<\/strong><\/td><td>J.E VERGNE<\/td><td>DS Penske<\/td><td>+20.541<\/td><\/tr><tr><td><strong>17<\/strong><\/td><td>J DENNIS<\/td><td>Andretti<\/td><td>+33.034<\/td><\/tr><tr><td><strong>18<\/strong><\/td><td>Z MALONEY<\/td><td>Lola Yamaha ABT<\/td><td>+34.737<\/td><\/tr><tr><td><strong>19<\/strong><\/td><td>N DE VRIES<\/td><td>Mahindra<\/td><td>NC<\/td><\/tr><tr><td><strong>20<\/strong><\/td><td>S VANDOORNE<\/td><td>Maserati<\/td><td colspan=\"2\">NC<\/td><\/tr><tr><td><strong>21<\/strong><\/td><td>J HUGHES<\/td><td>Maserati<\/td><td colspan=\"2\">NC<\/td><\/tr><tr><td><strong>22<\/strong><\/td><td>M G\u00dcNTHER<\/td><td>DS Penske<\/td><td colspan=\"2\">NC<\/td><\/tr><\/tbody><\/table><\/figure>\n\n\n\n<figure class=\"wp-block-embed is-type-video is-provider-youtube wp-block-embed-youtube wp-embed-aspect-4-3 wp-has-aspect-ratio\"><div class=\"wp-block-embed__wrapper\">\n<iframe loading=\"lazy\" title=\"\ud83d\udd34F\u00d3RMULA E 2024\/2025 AO VIVO E COM IMAGENS | eP DE JACARTA | 12\u00aa ETAPA | CORRIDA\" width=\"500\" height=\"281\" src=\"https:\/\/www.youtube.com\/embed\/Tf1GZfGGlWc?feature=oembed\" frameborder=\"0\" allow=\"accelerometer; autoplay; clipboard-write; encrypted-media; gyroscope; picture-in-picture; web-share\" referrerpolicy=\"strict-origin-when-cross-origin\" allowfullscreen><\/iframe>\n<\/div><\/figure>\n","protected":false},"excerpt":{"rendered":"<p>Dan Ticktum segurou os ataques de Edoardo Mortara nas voltas finais para vencer pela primeira vez na F\u00f3rmula E. L\u00edder do campeonato, Oliver Rowland \u00e9 d\u00e9cimo<\/p>\n","protected":false},"author":0,"featured_media":1000983892,"comment_status":"closed","ping_status":"closed","sticky":false,"template":"","format":"standard","meta":{"42wp_featured_image_caption":"","42wp_featured_image_credits":"","42wp_featured_video":"","42wp_featured_image_hidden":false,"42wp_authors_list":[],"footnotes":""},"categories":[19],"tags":[25774,28679,6853,985,5449,949,189,840,38802,1491,28285,35442,8928,4621,851,966,912,909,2128,2349,1722,1556,965,36219,1194,1593,976,876,967,32748,41542,28107],"42wp_author":[47164],"class_list":["post-20946","post","type-post","status-publish","format-standard","has-post-thumbnail","hentry","category-formula-e","tag-antonio-felix-da-costa","tag-calendario-formula-e","tag-classificacao-formula-e","tag-dan-ticktum","tag-david-beckmann","tag-edoardo-mortara","tag-ep-de-jacarta","tag-formula-e","tag-formula-e-2025","tag-grande-premio","tag-grandepremio","tag-horarios-formula-e","tag-jake-dennis","tag-jake-hughes","tag-jean-eric-vergne","tag-lucas-di-grassi","tag-maximilian-gunther","tag-mitch-evans","tag-nick-cassidy","tag-nico-muller","tag-norman-nato","tag-nyck-de-vries","tag-oliver-rowland","tag-onde-assistir-formula-e","tag-pascal-wehrlein","tag-robin-frijns","tag-sam-bird","tag-sebastien-buemi","tag-stoffel-vandoorne","tag-taylor-barnard","tag-temporada-2025-da-formula-e","tag-zane-maloney","42wp_author-marcos-gil-ribeiro"],"_links":{"self":[{"href":"https:\/\/grandepremio.com\/br\/wp-json\/wp\/v2\/posts\/20946","targetHints":{"allow":["GET"]}}],"collection":[{"href":"https:\/\/grandepremio.com\/br\/wp-json\/wp\/v2\/posts"}],"about":[{"href":"https:\/\/grandepremio.com\/br\/wp-json\/wp\/v2\/types\/post"}],"replies":[{"embeddable":true,"href":"https:\/\/grandepremio.com\/br\/wp-json\/wp\/v2\/comments?post=20946"}],"version-history":[{"count":0,"href":"https:\/\/grandepremio.com\/br\/wp-json\/wp\/v2\/posts\/20946\/revisions"}],"wp:featuredmedia":[{"embeddable":true,"href":"https:\/\/grandepremio.com\/br\/wp-json\/wp\/v2\/media\/1000983892"}],"wp:attachment":[{"href":"https:\/\/grandepremio.com\/br\/wp-json\/wp\/v2\/media?parent=20946"}],"wp:term":[{"taxonomy":"category","embeddable":true,"href":"https:\/\/grandepremio.com\/br\/wp-json\/wp\/v2\/categories?post=20946"},{"taxonomy":"post_tag","embeddable":true,"href":"https:\/\/grandepremio.com\/br\/wp-json\/wp\/v2\/tags?post=20946"},{"taxonomy":"42wp_author","embeddable":true,"href":"https:\/\/grandepremio.com\/br\/wp-json\/wp\/v2\/42wp_author?post=20946"}],"curies":[{"name":"wp","href":"https:\/\/api.w.org\/{rel}","templated":true}]}}