{"id":20963,"date":"2025-06-20T14:06:48","date_gmt":"2025-06-20T17:06:48","guid":{"rendered":"https:\/\/grandepremio.com\/br\/noticias\/jacarta-ganha-respiro-negocia-renovacao-contrato-formula-e\/"},"modified":"2025-06-20T15:41:03","modified_gmt":"2025-06-20T18:41:03","slug":"jacarta-ganha-respiro-negocia-renovacao-contrato-formula-e","status":"publish","type":"post","link":"https:\/\/grandepremio.com\/br\/formula-e\/jacarta-ganha-respiro-negocia-renovacao-contrato-formula-e\/","title":{"rendered":"Jacarta ganha respiro e negocia renova\u00e7\u00e3o de contrato com F\u00f3rmula E"},"content":{"rendered":"\n<p class=\"wp-block-paragraph\">A cidade de Jacarta recebe a 12\u00aa etapa da <strong>F\u00f3rmula E<\/strong> neste fim de semana, e enfrenta uma indecis\u00e3o sobre o futuro da prova. O contrato da capital da <strong>Indon\u00e9sia<\/strong> com a categoria se encerra neste ano, e uma renova\u00e7\u00e3o ainda n\u00e3o foi firmada. H\u00e1 conversas sobre um novo acordo, e \u00e9 poss\u00edvel que a corrida mude de local. Acredita-se que uma das datas a serem definidas no <a href=\"https:\/\/www.grandepremio.com\/br\/formula-e\/noticias\/abertura-sp-estreia-madri-formula-e-divulga-calendario-temporada-2025-26\/\">calend\u00e1rio da pr\u00f3xima temporada<\/a>, poderia ser alocada para receber a prova em territ\u00f3rio indon\u00e9sio.\u00a0<\/p>\n\n\n\n<p class=\"wp-block-paragraph\">Quando o calend\u00e1rio da temporada 2025\/26 foi divulgado, uma renova\u00e7\u00e3o do <strong>eP de Jacarta<\/strong> era pouco prov\u00e1vel. Entretanto, a situa\u00e7\u00e3o agora parece ter mudado. \u201cEst\u00e1vamos conversando com eles sobre uma poss\u00edvel extens\u00e3o\u201d, disse o cocriador e executivo de competi\u00e7\u00f5es da F-E, <strong>Alberto Longo<\/strong>, ao portal <em>Formula E Notebook<\/em>. &#8220;Houve elei\u00e7\u00f5es no pa\u00eds, ent\u00e3o h\u00e1 um novo governador, h\u00e1 um novo presidente do pa\u00eds, j\u00e1 estive l\u00e1 algumas vezes este ano e estou conhecendo a nova administra\u00e7\u00e3o\u201d, seguiu.<\/p>\n\n\n\n<p class=\"wp-block-paragraph\">&#8220;Fizemos uma coletiva de imprensa. Foi h\u00e1 um m\u00eas ou algo assim, com o governador, e ele declarou muito claramente que queria renovar o contrato&#8221;, acrescentou.<\/p>\n\n\n\n<p class=\"wp-block-paragraph\">&#8220;Ent\u00e3o, vamos esperar at\u00e9 a corrida. Estaremos l\u00e1 por 10 dias e, com sorte, encontraremos tempo suficiente com todas as diferentes partes interessadas para garantir que voltaremos a Jacarta, \u00e0 Indon\u00e9sia, que \u00e9, novamente, um mercado importante para a F\u00f3rmula E, onde temos milh\u00f5es de f\u00e3s e, definitivamente, a maior economia do mundo. Queremos estar nesses lugares, com toda certeza&#8221;, destacou.<\/p>\n\n\n\n<figure class=\"wp-block-image size-full\"><img decoding=\"async\" src=\"https:\/\/www.grandepremio.com\/br\/wp-content\/uploads\/2023\/06\/Fxw2wnQWIAU2wQL.jpg\" alt=\"\" class=\"wp-image-690914\"\/><figcaption class=\"wp-element-caption\">A largada no eP de Jacarta em 2023 (Foto: Maserati)<\/figcaption><\/figure>\n\n\n\n<p class=\"wp-block-paragraph\">O CEO da F\u00f3rmula E,<strong> Jeff Dodds<\/strong>, tamb\u00e9m mostrou otimismo com uma poss\u00edvel renova\u00e7\u00e3o. \u201cNos reunimos com alguns dos principais participantes aqui, incluindo o governador, e ele j\u00e1 anunciou publicamente que a inten\u00e7\u00e3o deles \u00e9 continuar a correr\u201d, afirmou.<\/p>\n\n\n\n<p class=\"wp-block-paragraph\">&#8220;Gostar\u00edamos muito que eles continuassem; s\u00f3 precisamos resolver alguns detalhes sobre como isso seria. Portanto, talvez possamos anunciar algo neste fim de semana, durante a corrida. Caso contr\u00e1rio, esperamos poder anunciar algo logo em seguida.&nbsp; N\u00e3o necessariamente&#8221;, enfatizou.<\/p>\n\n\n\n<p class=\"wp-block-paragraph\">Dodds tamb\u00e9m declarou que a \u00e1rea de <strong>Ancol<\/strong> \u201ccertamente\u201d n\u00e3o seria a sede da corrida e acrescentou que &#8220;este \u00e9 um circuito em que corremos h\u00e1 tr\u00eas anos. Mas h\u00e1 outras op\u00e7\u00f5es para levar a prova para outras partes da cidade, obviamente, \u00e9 uma metr\u00f3pole enorme com uma grande popula\u00e7\u00e3o, e h\u00e1 outros locais interessantes ao redor, ent\u00e3o isso seria algo que trabalhar\u00edamos com o governo local\u201d, encerrou.<\/p>\n\n\n\n<p class=\"wp-block-paragraph\">A&nbsp;<a href=\"https:\/\/www.grandepremio.com\/br\/formula-e\/\" target=\"_blank\" rel=\"noreferrer noopener\">F\u00f3rmula E<\/a>&nbsp;volta a acelerar com o&nbsp;<strong>eP de&nbsp;<a href=\"https:\/\/www.grandepremio.com\/br\/circuito\/jacarta\/\" target=\"_blank\" rel=\"noreferrer noopener\">Jacarta<\/a><\/strong>, na&nbsp;<strong>Indon\u00e9sia<\/strong>, neste fim de semana. Emissora oficial no Brasil, o&nbsp;<strong>GRANDE PR\u00caMIO<\/strong>&nbsp;transmite todas as atividades de pista&nbsp;<strong>AO VIVO&nbsp;<\/strong>e&nbsp;<strong>COM IMAGENS&nbsp;<\/strong>no&nbsp;<strong>YouTube&nbsp;<\/strong>e no&nbsp;<strong>Kwai<\/strong>.<\/p>\n\n\n\n<p class=\"wp-block-paragraph\">\u25b6\ufe0f&nbsp;<strong>Inscreva-se nos dois canais do GRANDE PR\u00caMIO no YouTube:&nbsp;<a href=\"https:\/\/www.youtube.com\/channel\/UC9OlHEgxoaY6QY6nWPoiqQg?sub_confirmation=1\" target=\"_blank\" rel=\"noreferrer noopener\">GP<\/a>&nbsp;|&nbsp;<a href=\"https:\/\/www.youtube.com\/channel\/UC9csiS6q_C3C0FYhyr1rnFA?sub_confirmation=1\" target=\"_blank\" rel=\"noreferrer noopener\">GP2<\/a><\/strong><\/p>\n\n\n\n<figure class=\"wp-block-embed is-type-video is-provider-youtube wp-block-embed-youtube wp-embed-aspect-16-9 wp-has-aspect-ratio\"><div class=\"wp-block-embed__wrapper\">\n<iframe loading=\"lazy\" title=\"\ud83d\udd34eP DE JACARTA | F\u00d3RMULA E 2024\/2025 AO VIVO E COM IMAGENS | 12\u00aa ETAPA | TREINO LIVRE 1\" width=\"500\" height=\"281\" src=\"https:\/\/www.youtube.com\/embed\/uqaeagHPUBY?feature=oembed\" frameborder=\"0\" allow=\"accelerometer; autoplay; clipboard-write; encrypted-media; gyroscope; picture-in-picture; web-share\" referrerpolicy=\"strict-origin-when-cross-origin\" allowfullscreen><\/iframe>\n<\/div><figcaption class=\"wp-element-caption\">\ud83d\udd34eP DE JACARTA | F\u00d3RMULA E 2024\/2025 AO VIVO E COM IMAGENS | 12\u00aa ETAPA | TREINO LIVRE 1<\/figcaption><\/figure>\n","protected":false},"excerpt":{"rendered":"<p>F\u00f3rmula E se diz otimista com conversas com o governo local sobre renova\u00e7\u00e3o do eP de Jacarta. Contrato atual da capital da Indon\u00e9sia com a categoria se encerra neste ano<\/p>\n","protected":false},"author":0,"featured_media":1000691840,"comment_status":"closed","ping_status":"closed","sticky":false,"template":"","format":"standard","meta":{"42wp_featured_image_caption":"","42wp_featured_image_credits":"","42wp_featured_video":"","42wp_featured_image_hidden":false,"42wp_authors_list":[],"footnotes":""},"categories":[19],"tags":[28679,6853,189,379,41537,840,38802,1601,1491,30103,28285,37238,35442,43911,36219],"42wp_author":[47163],"class_list":["post-20963","post","type-post","status-publish","format-standard","has-post-thumbnail","hentry","category-formula-e","tag-calendario-formula-e","tag-classificacao-formula-e","tag-ep-de-jacarta","tag-fe","tag-fe-2025","tag-formula-e","tag-formula-e-2025","tag-gen3","tag-grande-premio","tag-grande-premio-f1","tag-grandepremio","tag-horarios-fe","tag-horarios-formula-e","tag-jakarta-eprix","tag-onde-assistir-formula-e","42wp_author-caio-cavalcante"],"_links":{"self":[{"href":"https:\/\/grandepremio.com\/br\/wp-json\/wp\/v2\/posts\/20963","targetHints":{"allow":["GET"]}}],"collection":[{"href":"https:\/\/grandepremio.com\/br\/wp-json\/wp\/v2\/posts"}],"about":[{"href":"https:\/\/grandepremio.com\/br\/wp-json\/wp\/v2\/types\/post"}],"replies":[{"embeddable":true,"href":"https:\/\/grandepremio.com\/br\/wp-json\/wp\/v2\/comments?post=20963"}],"version-history":[{"count":0,"href":"https:\/\/grandepremio.com\/br\/wp-json\/wp\/v2\/posts\/20963\/revisions"}],"wp:featuredmedia":[{"embeddable":true,"href":"https:\/\/grandepremio.com\/br\/wp-json\/wp\/v2\/media\/1000691840"}],"wp:attachment":[{"href":"https:\/\/grandepremio.com\/br\/wp-json\/wp\/v2\/media?parent=20963"}],"wp:term":[{"taxonomy":"category","embeddable":true,"href":"https:\/\/grandepremio.com\/br\/wp-json\/wp\/v2\/categories?post=20963"},{"taxonomy":"post_tag","embeddable":true,"href":"https:\/\/grandepremio.com\/br\/wp-json\/wp\/v2\/tags?post=20963"},{"taxonomy":"42wp_author","embeddable":true,"href":"https:\/\/grandepremio.com\/br\/wp-json\/wp\/v2\/42wp_author?post=20963"}],"curies":[{"name":"wp","href":"https:\/\/api.w.org\/{rel}","templated":true}]}}