{"id":20980,"date":"2025-06-20T07:13:23","date_gmt":"2025-06-20T10:13:23","guid":{"rendered":"https:\/\/grandepremio.com\/br\/noticias\/maximilian-gunther-lidera-tl1-marcado-pista-suja-batidas-ep-de-jacarta-formula-e\/"},"modified":"2025-06-20T23:16:04","modified_gmt":"2025-06-21T02:16:04","slug":"maximilian-gunther-lidera-tl1-marcado-pista-suja-batidas-ep-de-jacarta-formula-e","status":"publish","type":"post","link":"https:\/\/grandepremio.com\/br\/formula-e\/maximilian-gunther-lidera-tl1-marcado-pista-suja-batidas-ep-de-jacarta-formula-e\/","title":{"rendered":"G\u00fcnther lidera TL1 marcado por pista suja e batidas no eP de Jacarta da F\u00f3rmula E"},"content":{"rendered":"\n<p class=\"wp-block-paragraph\">A <strong>F\u00f3rmula E<\/strong> iniciou a disputa do <strong>eP de Jacarta<\/strong> nesta sexta-feira (20), com a realiza\u00e7\u00e3o do <strong>treino livre 1<\/strong>, e a lideran\u00e7a ficou com <strong>Maximilian G\u00fcnther<\/strong>, da <strong>DS Penske<\/strong>. Em atividade marcada por uma enorme evolu\u00e7\u00e3o na pista, o alem\u00e3o anotou <strong>1min06s050 <\/strong>e fechou na primeira posi\u00e7\u00e3o, <strong>0s292 <\/strong>\u00e0 frente de <strong>Ant\u00f3nio F\u00e9lix da Costa<\/strong>, da <strong>Porsche<\/strong>. <strong>Edoardo Mortara<\/strong>, da <strong>Mahindra<\/strong>, completou o top-10 no TL1.<\/p>\n\n\n\n<p class=\"wp-block-paragraph\">Em uma pista extremamente empoeirada, a limpeza do tra\u00e7ado deu o tom dos primeiros minutos no TL1. At\u00e9 o fim, a sess\u00e3o trouxe muitas escapadas, inclusive com duas batidas: <strong>Robin Frijns<\/strong>, que chegou a ativar a bandeira vermelha, e <strong>Oliver Rowland<\/strong>. V\u00e1rios outros tiveram problemas, por\u00e9m, e ficou claro que a ader\u00eancia foi um problema para aqueles que sa\u00edram da linha natural de corrida.<\/p>\n\n\n\n<p class=\"wp-block-paragraph\">Mesmo com a rodada, Rowland completou na quarta posi\u00e7\u00e3o, logo \u00e0 frente de <strong>Nico M\u00fcller<\/strong>, da <strong>Andretti<\/strong>. <strong>Mitch Evans<\/strong> e <strong>Nick Cassidy<\/strong>, dupla da <strong>Jaguar<\/strong>, apareceram na sequ\u00eancia, seguidos por <strong>Dan Ticktum<\/strong>, da <strong>Cupra<\/strong> <strong>Kiro<\/strong>. Por fim, <strong>Jean-\u00c9ric Vergne<\/strong> e <strong>David Beckmann<\/strong> fecharam o top-10. <strong>Lucas Di Grassi<\/strong>, com a <strong>Lola<\/strong> <strong>Yamaha<\/strong>, terminou em <strong>21\u00ba<\/strong>.<\/p>\n\n\n\n<p class=\"wp-block-paragraph\">A F\u00f3rmula E continua a disputa do eP de Jacarta nesta sexta-feira, com o <strong>TL2 <\/strong>marcado para come\u00e7ar \u00e0s <strong>21h45 <\/strong>(hor\u00e1rio de Bras\u00edlia). A classifica\u00e7\u00e3o acontece logo depois, a partir das<strong> 23h50<\/strong>, enquanto a corrida est\u00e1 marcada para as <strong>4h30 <\/strong>de s\u00e1bado. O <strong>GRANDE PR\u00caMIO<\/strong> transmite todas as atividades de pista <strong>AO VIVO <\/strong>e <strong>COM IMAGENS<\/strong> no <strong>YouTube<\/strong> e no <strong>Kwai<\/strong>.<\/p>\n\n\n\n<figure class=\"wp-block-image size-large\"><img decoding=\"async\" src=\"https:\/\/www.grandepremio.com\/br\/wp-content\/uploads\/2025\/05\/SG2_7983_cSa8gPBt_20250531023626-2048x2048-1-1200x800.jpg\" alt=\"\" class=\"wp-image-975542\"\/><figcaption class=\"wp-element-caption\">Da Costa fechou no segundo lugar o TL1 de Jacarta (Foto: F\u00f3rmula E)<\/figcaption><\/figure>\n\n\n\n<h2 class=\"wp-block-heading\" id=\"h-como-foi-o-tl1-do-ep-de-jacarta-da-formula-e\">Como foi o TL1 do eP de Jacarta da F\u00f3rmula E<\/h2>\n\n\n\n<p class=\"wp-block-paragraph\">Com uma pista ainda muito suja, a <strong>Jaguar <\/strong>foi a primeira a tomar o tra\u00e7ado de Jacarta. Os tempos come\u00e7aram altos, com <strong>1min09s495 <\/strong>como refer\u00eancia por parte de <strong>Nick Cassidy<\/strong>. Companheiro do neozeland\u00eas na equipe brit\u00e2nica, <strong>Mitch Evans<\/strong> anotou <strong>1min08s827 <\/strong>com <strong>30 minutos <\/strong>restantes e tomou o primeiro lugar.<\/p>\n\n\n\n<p class=\"wp-block-paragraph\">Nesse momento, praticamente todos os carros ocupavam a pista. Na passagem de cada um deles, era facilmente poss\u00edvel perceber a grande quantidade de poeira no asfalto. Com <strong>26 minutos<\/strong> pela frente, <strong>Robin Frijns<\/strong> parou com a <strong>Envision <\/strong>na curva 7 ao acertar o muro e causou a ativa\u00e7\u00e3o de uma bandeira vermelha no TL1. Com isso, todos os carros retornaram ao pit-lane.<\/p>\n\n\n\n<p class=\"wp-block-paragraph\">A atividade foi retomada cerca de <strong>12 minutos<\/strong> depois, e a F\u00f3rmula E decidiu compensar pela interrup\u00e7\u00e3o: aumentou o cron\u00f4metro em dez minutos para dar mais tempo aos pilotos na pista. E os tempos rapidamente come\u00e7aram a baixar, com Evans despencando para a nona coloca\u00e7\u00e3o. A ponta passou a ser de <strong>Edoardo Mortara<\/strong>, da <strong>Mahindra<\/strong>, com <strong>1min08s250<\/strong>.<\/p>\n\n\n\n<p class=\"wp-block-paragraph\">Com <strong>20 minutos<\/strong> para o fim, <strong>Zane Maloney<\/strong>, <strong>Sam Bird<\/strong> e <strong>Pascal<\/strong> <strong>Wehrlein <\/strong>passaram \u00e0 frente, mas quem baixou o tempo mesmo foi Mortara: <strong>1min06s384<\/strong>, dando sequ\u00eancia \u00e0 evolu\u00e7\u00e3o da pista. A Envision seguia com problemas, e <strong>S\u00e9bastien Buemi<\/strong> por pouco n\u00e3o acertou o muro ao perder o controle do carro.<\/p>\n\n\n\n<p class=\"wp-block-paragraph\">O grande desafio seguia sendo a sujeira, que era claramente menor na linha corrida. No entanto, ao pisar fora do tra\u00e7ado natural, os pilotos perdiam ader\u00eancia na parte suja e tinha muita dificuldade de manter o controle. Cassidy quase rodou tamb\u00e9m, mas tirou o p\u00e9 para se manter no sentido correto.<\/p>\n\n\n\n<p class=\"wp-block-paragraph\">Pouco depois de <strong>Maximilian G\u00fcnther<\/strong> fazer <strong>1min06s050<\/strong>, <strong>Oliver<\/strong> <strong>Rowland <\/strong>\u2014 l\u00edder do campeonato \u2014 tamb\u00e9m errou e rodou na curva 8, acertando a barreira de prote\u00e7\u00e3o com a traseira do carro da <strong>Nissan<\/strong>. Apesar do toque, o brit\u00e2nico conseguiu voltar ao tra\u00e7ado e seguiu dando voltas na pista. At\u00e9 o fim, por\u00e9m, ningu\u00e9m conseguiu superar a marca do alem\u00e3o.<\/p>\n\n\n\n<p class=\"wp-block-paragraph\">\u25b6\ufe0f&nbsp;<strong>Inscreva-se nos dois canais do GRANDE PR\u00caMIO no YouTube:&nbsp;<a href=\"https:\/\/www.youtube.com\/channel\/UC9OlHEgxoaY6QY6nWPoiqQg?sub_confirmation=1\" target=\"_blank\" rel=\"noreferrer noopener\">GP<\/a>&nbsp;|&nbsp;<a href=\"https:\/\/www.youtube.com\/channel\/UC9csiS6q_C3C0FYhyr1rnFA?sub_confirmation=1\" target=\"_blank\" rel=\"noreferrer noopener\">GP2<\/a><\/strong><\/p>\n\n\n\n<h2 class=\"wp-block-heading\" id=\"h-formula-e-2025-ep-de-jacarta-12\u00aa-etapa-tl1\">F\u00f3rmula E 2025, eP de Jacarta, 12\u00aa Etapa, TL1:<\/h2>\n\n\n\n<figure class=\"wp-block-table\"><table class=\"has-fixed-layout\"><tbody><tr><td><strong>1<\/strong><\/td><td>M G\u00dcNTHER<\/td><td>DS Penske<\/td><td>1:06.050<\/td><td>&nbsp;<\/td><\/tr><tr><td><strong>2<\/strong><\/td><td>A.F DA COSTA<\/td><td>Porsche<\/td><td>1:06.342<\/td><td>+0.292<\/td><\/tr><tr><td><strong>3<\/strong><\/td><td>E MORTARA<\/td><td>Mahindra<\/td><td>1:06.384<\/td><td>+0.334<\/td><\/tr><tr><td><strong>4<\/strong><\/td><td>O ROWLAND<\/td><td>Nissan<\/td><td>1:06.398<\/td><td>+0.348<\/td><\/tr><tr><td><strong>5<\/strong><\/td><td>N M\u00dcLLER<\/td><td>Andretti<\/td><td>1:06.444<\/td><td>+0.394<\/td><\/tr><tr><td><strong>6<\/strong><\/td><td>M EVANS<\/td><td>Jaguar<\/td><td>1:06.460<\/td><td>+0.410<\/td><\/tr><tr><td><strong>7<\/strong><\/td><td>N CASSIDY<\/td><td>Jaguar<\/td><td>1:06.539<\/td><td>+0.489<\/td><\/tr><tr><td><strong>8<\/strong><\/td><td>D TICKTUM<\/td><td>Cupra Kiro<\/td><td>1:06.608<\/td><td>+0.558<\/td><\/tr><tr><td><strong>9<\/strong><\/td><td>J.E VERGNE<\/td><td>DS Penske<\/td><td>1:06.657<\/td><td>+0.607<\/td><\/tr><tr><td><strong>10<\/strong><\/td><td>D BECKMANN<\/td><td>Cupra Kiro<\/td><td>1:06.720<\/td><td>+0.670<\/td><\/tr><tr><td><strong>11<\/strong><\/td><td>N NATO<\/td><td>Nissan<\/td><td>1:06.780<\/td><td>+0.730<\/td><\/tr><tr><td><strong>12<\/strong><\/td><td>N DE VRIES<\/td><td>Mahindra<\/td><td>1:06.904<\/td><td>+0.854<\/td><\/tr><tr><td><strong>13<\/strong><\/td><td>J DENNIS<\/td><td>Andretti<\/td><td>1:06.980<\/td><td>+0.930<\/td><\/tr><tr><td><strong>14<\/strong><\/td><td>T BARNARD<\/td><td>McLaren<\/td><td>1:07.024<\/td><td>+0.974<\/td><\/tr><tr><td><strong>15<\/strong><\/td><td>S BUEMI<\/td><td>Envision<\/td><td>1:07.103<\/td><td>+1.053<\/td><\/tr><tr><td><strong>16<\/strong><\/td><td>J HUGHES<\/td><td>Maserati<\/td><td>1:07.110<\/td><td>+1.060<\/td><\/tr><tr><td><strong>17<\/strong><\/td><td>S VANDOORNE<\/td><td>Maserati<\/td><td>1:07.161<\/td><td>+1.111<\/td><\/tr><tr><td><strong>18<\/strong><\/td><td>P WEHRLEIN<\/td><td>Porsche<\/td><td>1:07.209<\/td><td>+1.159<\/td><\/tr><tr><td><strong>19<\/strong><\/td><td>Z MALONEY<\/td><td>Lola Yamaha ABT<\/td><td>1:07.300<\/td><td>+1.250<\/td><\/tr><tr><td><strong>20<\/strong><\/td><td>S BIRD<\/td><td>McLaren<\/td><td>1:07.405<\/td><td>+1.355<\/td><\/tr><tr><td><strong>21<\/strong><\/td><td>L DI GRASSI<\/td><td>Lola Yamaha ABT<\/td><td>1:07.498<\/td><td>+1.448<\/td><\/tr><tr><td><strong>22<\/strong><\/td><td>R FRIJNS<\/td><td>Envision<\/td><td>1:09.901<\/td><td>+3.851<\/td><\/tr><\/tbody><\/table><\/figure>\n\n\n\n<figure class=\"wp-block-embed is-type-video is-provider-youtube wp-block-embed-youtube wp-embed-aspect-16-9 wp-has-aspect-ratio\"><div class=\"wp-block-embed__wrapper\">\n<iframe loading=\"lazy\" title=\"\ud83d\udd34eP DE JACARTA | F\u00d3RMULA E 2024\/2025 AO VIVO E COM IMAGENS | 12\u00aa ETAPA | TREINO LIVRE 1\" width=\"500\" height=\"281\" src=\"https:\/\/www.youtube.com\/embed\/uqaeagHPUBY?feature=oembed\" frameborder=\"0\" allow=\"accelerometer; autoplay; clipboard-write; encrypted-media; gyroscope; picture-in-picture; web-share\" referrerpolicy=\"strict-origin-when-cross-origin\" allowfullscreen><\/iframe>\n<\/div><\/figure>\n","protected":false},"excerpt":{"rendered":"<p>Maximilian G\u00fcnther abriu o fim de semana da F\u00f3rmula E em Jacarta da melhor maneira poss\u00edvel: com a lideran\u00e7a em um TL1 de pista muito suja e com v\u00e1rias escapadas<\/p>\n","protected":false},"author":0,"featured_media":1000894448,"comment_status":"closed","ping_status":"closed","sticky":false,"template":"","format":"standard","meta":{"42wp_featured_image_caption":"","42wp_featured_image_credits":"","42wp_featured_video":"","42wp_featured_image_hidden":false,"42wp_authors_list":[],"footnotes":""},"categories":[19],"tags":[28679,6853,31465,189,379,41537,840,38802,1601,1491,30103,28285,37238,35442,43911,912,36219,31378],"42wp_author":[47142],"class_list":["post-20980","post","type-post","status-publish","format-standard","has-post-thumbnail","hentry","category-formula-e","tag-calendario-formula-e","tag-classificacao-formula-e","tag-ds-penske","tag-ep-de-jacarta","tag-fe","tag-fe-2025","tag-formula-e","tag-formula-e-2025","tag-gen3","tag-grande-premio","tag-grande-premio-f1","tag-grandepremio","tag-horarios-fe","tag-horarios-formula-e","tag-jakarta-eprix","tag-maximilian-gunther","tag-onde-assistir-formula-e","tag-stellantis","42wp_author-jp-nascimento"],"_links":{"self":[{"href":"https:\/\/grandepremio.com\/br\/wp-json\/wp\/v2\/posts\/20980","targetHints":{"allow":["GET"]}}],"collection":[{"href":"https:\/\/grandepremio.com\/br\/wp-json\/wp\/v2\/posts"}],"about":[{"href":"https:\/\/grandepremio.com\/br\/wp-json\/wp\/v2\/types\/post"}],"replies":[{"embeddable":true,"href":"https:\/\/grandepremio.com\/br\/wp-json\/wp\/v2\/comments?post=20980"}],"version-history":[{"count":0,"href":"https:\/\/grandepremio.com\/br\/wp-json\/wp\/v2\/posts\/20980\/revisions"}],"wp:featuredmedia":[{"embeddable":true,"href":"https:\/\/grandepremio.com\/br\/wp-json\/wp\/v2\/media\/1000894448"}],"wp:attachment":[{"href":"https:\/\/grandepremio.com\/br\/wp-json\/wp\/v2\/media?parent=20980"}],"wp:term":[{"taxonomy":"category","embeddable":true,"href":"https:\/\/grandepremio.com\/br\/wp-json\/wp\/v2\/categories?post=20980"},{"taxonomy":"post_tag","embeddable":true,"href":"https:\/\/grandepremio.com\/br\/wp-json\/wp\/v2\/tags?post=20980"},{"taxonomy":"42wp_author","embeddable":true,"href":"https:\/\/grandepremio.com\/br\/wp-json\/wp\/v2\/42wp_author?post=20980"}],"curies":[{"name":"wp","href":"https:\/\/api.w.org\/{rel}","templated":true}]}}