{"id":21037,"date":"2025-06-19T00:30:00","date_gmt":"2025-06-19T03:30:00","guid":{"rendered":"https:\/\/grandepremio.com\/br\/noticias\/assista-ao-vivo-tl2-ep-de-jacarta-formula-e-grande-premio\/"},"modified":"2025-06-18T10:51:44","modified_gmt":"2025-06-18T13:51:44","slug":"assista-ao-vivo-tl2-ep-de-jacarta-formula-e-grande-premio","status":"publish","type":"post","link":"https:\/\/grandepremio.com\/br\/formula-e\/assista-ao-vivo-tl2-ep-de-jacarta-formula-e-grande-premio\/","title":{"rendered":"Assista ao vivo ao TL2 do eP de Jacarta da F\u00f3rmula E no GRANDE PR\u00caMIO"},"content":{"rendered":"\n<p class=\"wp-block-paragraph\">Ap\u00f3s a segunda rodada dupla da hist\u00f3ria de <strong>Xangai<\/strong> na <strong><a href=\"https:\/\/www.grandepremio.com\/br\/formula-e\/\" target=\"_blank\" rel=\"noreferrer noopener\">F\u00f3rmula E<\/a><\/strong>, a categoria el\u00e9trica se prepara para mais uma etapa importante neste fim de semana, com o <strong>eP de Jacarta<\/strong>. Com forte calor previsto mais uma vez na Indon\u00e9sia, o campeonato chega \u00e0 \u00faltima etapa fora da Europa na atual edi\u00e7\u00e3o. <strong>E voc\u00ea confere toda a a\u00e7\u00e3o na GPTV, o canal do GRANDE PR\u00caMIO!<\/strong><\/p>\n\n\n\n<p class=\"wp-block-paragraph\">Absolutamente todas as sess\u00f5es de pista do fim de semana ter\u00e3o&nbsp;transmiss\u00e3o&nbsp;<strong>AO VIVO e COM IMAGENS<\/strong>&nbsp;nos canais do&nbsp;<strong>GRANDE PR\u00caMIO<\/strong>&nbsp;no&nbsp;<strong><a href=\"https:\/\/www.youtube.com\/c\/GrandePremioTV\" target=\"_blank\" rel=\"noreferrer noopener\">YouTube<\/a><\/strong>&nbsp;e no&nbsp;<strong><a href=\"https:\/\/m.kwai.com\/user\/@grandepremio\" target=\"_blank\" rel=\"noreferrer noopener\">Kwai<\/a><\/strong>, assim como todo o restante da temporada 2024\/25, a 11\u00aa da hist\u00f3ria da categoria.<\/p>\n\n\n\n<p class=\"wp-block-paragraph\">A F\u00f3rmula E abre o fim de semana do <strong>eP de Jacarta <\/strong>na <strong>sexta-feira<\/strong> (20), com a realiza\u00e7\u00e3o do <strong>treino livre 1<\/strong> a partir das <strong>5h45 <\/strong>(hor\u00e1rio de Bras\u00edlia). Ainda no mesmo dia, o <strong>treino livre 2<\/strong> est\u00e1 agendado para as <strong>21h45<\/strong>, enquanto a <strong>classifica\u00e7\u00e3o <\/strong>acontece \u00e0 <strong>0h<\/strong>. Por fim, a transmiss\u00e3o da <strong>corrida<\/strong> come\u00e7a a partir das <strong>4h30<\/strong> de s\u00e1bado.<\/p>\n\n\n\n<p class=\"wp-block-paragraph\">Logo ap\u00f3s a corrida, o <strong>GRANDE PR\u00caMIO <\/strong>transmite o <strong>BRIEFING <\/strong>da F\u00f3rmula E para debater todos os acontecimentos de cada etapa. A equipe de transmiss\u00e3o conta com os coment\u00e1rios dos jornalistas <strong>Jo\u00e3o Pedro Nascimento<\/strong> e <strong>Pedro Henrique Marum<\/strong>, enquanto a narra\u00e7\u00e3o fica por conta de<strong> Matheus Pinheiro<\/strong>.<\/p>\n\n\n\n<figure class=\"wp-block-image size-large\"><img decoding=\"async\" src=\"https:\/\/www.grandepremio.com\/br\/wp-content\/uploads\/2023\/06\/EPS911_141800SMG_1684-2048x2048-1-1024x683.jpg\" alt=\"\" class=\"wp-image-691840\"\/><figcaption class=\"wp-element-caption\">F\u00f3rmula E est\u00e1 de volta a Jacarta (Foto: F\u00f3rmula E)<\/figcaption><\/figure>\n\n\n\n<p class=\"wp-block-paragraph\"><strong><img decoding=\"async\" style=\"width: 20px;\" src=\"https:\/\/s.w.org\/images\/core\/emoji\/14.0.0\/svg\/25b6.svg\" alt=\"\u25b6\ufe0f\">&nbsp;Inscreva-se nos dois canais do GRANDE PR\u00caMIO no YouTube:&nbsp;<a href=\"https:\/\/www.youtube.com\/channel\/UC9OlHEgxoaY6QY6nWPoiqQg?sub_confirmation=1\" target=\"_blank\" rel=\"noreferrer noopener\">GP<\/a>&nbsp;|&nbsp;<a href=\"https:\/\/www.youtube.com\/channel\/UC9csiS6q_C3C0FYhyr1rnFA?sub_confirmation=1\" target=\"_blank\" rel=\"noreferrer noopener\">GP2<\/a><\/strong><\/p>\n\n\n\n<h2 class=\"wp-block-heading\" id=\"h-assista-ao-tl2-do-ep-de-jacarta-no-grande-premio\">Assista ao TL2 do eP de Jacarta no GRANDE PR\u00caMIO:<\/h2>\n","protected":false},"excerpt":{"rendered":"<p>A F\u00f3rmula E realiza o eP de Jacarta entre os dias 20 e 21 de junho, com transmiss\u00e3o AO VIVO e COM IMAGENS do GRANDE PR\u00caMIO<\/p>\n","protected":false},"author":0,"featured_media":1000690914,"comment_status":"closed","ping_status":"closed","sticky":false,"template":"","format":"standard","meta":{"42wp_featured_image_caption":"","42wp_featured_image_credits":"","42wp_featured_video":"","42wp_featured_image_hidden":false,"42wp_authors_list":[],"footnotes":""},"categories":[19],"tags":[33214,28679,6853,24173,379,41537,840,38802,1601,4730,1491,30103,28285,2229,37238,35442,43219,36219],"42wp_author":[47142],"class_list":["post-21037","post","type-post","status-publish","format-standard","has-post-thumbnail","hentry","category-formula-e","tag-calendario-fe","tag-calendario-formula-e","tag-classificacao-formula-e","tag-ep-de-miami","tag-fe","tag-fe-2025","tag-formula-e","tag-formula-e-2025","tag-gen3","tag-gptv","tag-grande-premio","tag-grande-premio-f1","tag-grandepremio","tag-homestead","tag-horarios-fe","tag-horarios-formula-e","tag-miami-eprix","tag-onde-assistir-formula-e","42wp_author-jp-nascimento"],"_links":{"self":[{"href":"https:\/\/grandepremio.com\/br\/wp-json\/wp\/v2\/posts\/21037","targetHints":{"allow":["GET"]}}],"collection":[{"href":"https:\/\/grandepremio.com\/br\/wp-json\/wp\/v2\/posts"}],"about":[{"href":"https:\/\/grandepremio.com\/br\/wp-json\/wp\/v2\/types\/post"}],"replies":[{"embeddable":true,"href":"https:\/\/grandepremio.com\/br\/wp-json\/wp\/v2\/comments?post=21037"}],"version-history":[{"count":0,"href":"https:\/\/grandepremio.com\/br\/wp-json\/wp\/v2\/posts\/21037\/revisions"}],"wp:featuredmedia":[{"embeddable":true,"href":"https:\/\/grandepremio.com\/br\/wp-json\/wp\/v2\/media\/1000690914"}],"wp:attachment":[{"href":"https:\/\/grandepremio.com\/br\/wp-json\/wp\/v2\/media?parent=21037"}],"wp:term":[{"taxonomy":"category","embeddable":true,"href":"https:\/\/grandepremio.com\/br\/wp-json\/wp\/v2\/categories?post=21037"},{"taxonomy":"post_tag","embeddable":true,"href":"https:\/\/grandepremio.com\/br\/wp-json\/wp\/v2\/tags?post=21037"},{"taxonomy":"42wp_author","embeddable":true,"href":"https:\/\/grandepremio.com\/br\/wp-json\/wp\/v2\/42wp_author?post=21037"}],"curies":[{"name":"wp","href":"https:\/\/api.w.org\/{rel}","templated":true}]}}