{"id":21067,"date":"2025-06-18T09:00:43","date_gmt":"2025-06-18T12:00:43","guid":{"rendered":"https:\/\/grandepremio.com\/br\/noticias\/lucas-di-grassi-preve-problemas-formula-e-forte-calor-jacarta-perder-quilos\/"},"modified":"2025-06-20T23:16:14","modified_gmt":"2025-06-21T02:16:14","slug":"lucas-di-grassi-preve-problemas-formula-e-forte-calor-jacarta-perder-quilos","status":"publish","type":"post","link":"https:\/\/grandepremio.com\/br\/formula-e\/lucas-di-grassi-preve-problemas-formula-e-forte-calor-jacarta-perder-quilos\/","title":{"rendered":"Di Grassi prev\u00ea &#8220;problemas&#8221; na F\u00f3rmula E com forte calor em Jacarta: &#8220;Perder uns quilos&#8221;"},"content":{"rendered":"\n<p class=\"wp-block-paragraph\">Ap\u00f3s passar por <strong>T\u00f3quio <\/strong>e <strong>Xangai<\/strong>, a <strong><a href=\"https:\/\/www.grandepremio.com\/br\/formula-e\/\" target=\"_blank\" rel=\"noreferrer noopener\">F\u00f3rmula E<\/a> <\/strong>vai encerrar a perna asi\u00e1tica da temporada 2024\/25 neste fim de semana, com o <strong>eP de Jacarta<\/strong>, 12\u00aa etapa do campeonato. E a principal preocupa\u00e7\u00e3o de pilotos e equipes tem sido com o calor da capital da Indon\u00e9sia, que vai oferecer um desafio e tanto n\u00e3o apenas para os competidores, mas para os carros. E <strong>Lucas Di Grassi<\/strong> ressaltou que algumas precau\u00e7\u00f5es ter\u00e3o de ser tomadas.<\/p>\n\n\n\n<p class=\"wp-block-paragraph\">Com temperaturas t\u00e3o altas, a efici\u00eancia da energia \u00e9 afetada diretamente, j\u00e1 que o superaquecimento causa um gasto desenfreado. Assim, ser\u00e1 necess\u00e1rio n\u00e3o apenas controlar a quantidade de bateria em si, mas principalmente o n\u00edvel de calor no trem de for\u00e7a.<\/p>\n\n\n\n<p class=\"wp-block-paragraph\">\u201cViemos de bons resultados e queremos repetir, mas em Jacarta vamos enfrentar problemas relacionados ao calor na bateria e talvez nos pneus tamb\u00e9m&#8221;, analisou Di Grassi. &#8220;Mas certamente vou perder alguns quilos at\u00e9 o final da corrida\u201d, brincou o brasileiro.<\/p>\n\n\n\n<p class=\"wp-block-paragraph\">A pr\u00f3pria ativa\u00e7\u00e3o do <strong>Modo Ataque<\/strong> ser\u00e1 afetada por isso. Ao elevar a pot\u00eancia do carro a <strong>350 kW<\/strong>, o artif\u00edcio naturalmente contribui com o aumento de temperatura na bateria, o que far\u00e1 os pilotos estudarem muito bem sobre o momento certo de passar pelo tra\u00e7ado externo.<\/p>\n\n\n\n<figure class=\"wp-block-image size-full\"><img decoding=\"async\" src=\"https:\/\/www.grandepremio.com\/br\/wp-content\/uploads\/2025\/04\/450330_1147557_imagem_do_whatsapp_de_2025_04_10_A__s__13.53.28_b3d08a8f_web_.jpg\" alt=\"\" class=\"wp-image-952439\"\/><figcaption class=\"wp-element-caption\">Di Grassi tem conquistado bons resultados em um conjunto que ainda engatinha (Foto: Lola Yamaha)<\/figcaption><\/figure>\n\n\n\n<p class=\"wp-block-paragraph\">\u201cVai ser uma prova interessante, as principais estrat\u00e9gias ser\u00e3o saber quando usar o Modo Ataque para n\u00e3o sobrecarregar a bateria&#8221;, avaliou. &#8220;A torcida aqui em Jacarta \u00e9 sempre muito receptiva, e conto com o apoio de quem est\u00e1 torcendo por n\u00f3s&#8221;, finalizou Di Grassi.<\/p>\n\n\n\n<p class=\"wp-block-paragraph\"><strong>Oliver Rowland<\/strong> lidera o <strong>Mundial de Pilotos<\/strong> da F\u00f3rmula E com a <strong>Nissan <\/strong>e j\u00e1 conta os dias para o t\u00edtulo. O brit\u00e2nico soma <strong>171 <\/strong>pontos e est\u00e1 <strong>68 <\/strong>\u00e0 frente do segundo colocado, <strong>Pascal Wehrlein<\/strong>. E o alem\u00e3o \u00e9 seguido pelo pr\u00f3prio companheiro de <strong>Porsche<\/strong>, <strong>Ant\u00f3nio F\u00e9lix da Costa<\/strong>, que tem <strong>88 <\/strong>tentos. <strong>Taylor Barnard<\/strong>, da <strong>McLaren<\/strong>, e <strong>Jean-\u00c9ric Vergne<\/strong>, da <strong>DS Penske<\/strong>, fecham o top-5.<\/p>\n\n\n\n<p class=\"wp-block-paragraph\">O eP de&nbsp;<a href=\"https:\/\/www.grandepremio.com\/br\/circuito\/berlim\/\" target=\"_blank\" rel=\"noreferrer noopener\">Berlim<\/a>&nbsp;est\u00e1 marcado entre os dias&nbsp;<strong>12 e 13 de julho<\/strong>, com duas corridas ao longo do fim de semana. O Teste de Novatos acontece no dia&nbsp;<strong>14<\/strong>. Ser\u00e1 a pen\u00faltima parada da temporada 2024\/25 da&nbsp;<a href=\"https:\/\/www.grandepremio.com\/br\/formula-e\/\" target=\"_blank\" rel=\"noreferrer noopener\">F\u00f3rmula E<\/a>, com a \u00faltima delas em&nbsp;<strong><a href=\"https:\/\/www.grandepremio.com\/br\/circuito\/londres\/\" target=\"_blank\" rel=\"noreferrer noopener\">Londres<\/a><\/strong>. Antes disso, por\u00e9m, a categoria disputa o&nbsp;<strong>eP de&nbsp;<a href=\"https:\/\/www.grandepremio.com\/br\/circuito\/jacarta\/\" target=\"_blank\" rel=\"noreferrer noopener\">Jacarta<\/a><\/strong>, no dia&nbsp;<strong>21 de junho<\/strong>. O&nbsp;<strong>GRANDE PR\u00caMIO<\/strong>&nbsp;transmite todas as atividades de pista&nbsp;<strong>AO VIVO<\/strong>&nbsp;e&nbsp;<strong>COM IMAGENS<\/strong>&nbsp;no&nbsp;<strong>YouTube&nbsp;<\/strong>e no&nbsp;<strong>Kwai<\/strong>.<\/p>\n\n\n\n<p class=\"wp-block-paragraph\">\u25b6\ufe0f&nbsp;<strong>Inscreva-se nos dois canais do GRANDE PR\u00caMIO no YouTube:&nbsp;<a href=\"https:\/\/www.youtube.com\/channel\/UC9OlHEgxoaY6QY6nWPoiqQg?sub_confirmation=1\" target=\"_blank\" rel=\"noreferrer noopener\">GP<\/a>&nbsp;|&nbsp;<a href=\"https:\/\/www.youtube.com\/channel\/UC9csiS6q_C3C0FYhyr1rnFA?sub_confirmation=1\" target=\"_blank\" rel=\"noreferrer noopener\">GP2<\/a><\/strong><\/p>\n\n\n\n<figure class=\"wp-block-embed is-type-video is-provider-youtube wp-block-embed-youtube wp-embed-aspect-16-9 wp-has-aspect-ratio\"><div class=\"wp-block-embed__wrapper\">\n<iframe loading=\"lazy\" title=\"F\u00d3RMULA E 2024\/2025 COM IMAGENS | eP DE XANGAI | 11\u00aa ETAPA | CORRIDA\" width=\"500\" height=\"281\" src=\"https:\/\/www.youtube.com\/embed\/TVupPp4luZc?feature=oembed\" frameborder=\"0\" allow=\"accelerometer; autoplay; clipboard-write; encrypted-media; gyroscope; picture-in-picture; web-share\" referrerpolicy=\"strict-origin-when-cross-origin\" allowfullscreen><\/iframe>\n<\/div><\/figure>\n","protected":false},"excerpt":{"rendered":"<p>Fazendo boa temporada com o iniciante carro da Lola Yamaha, Lucas Di Grassi alertou que o calor ter\u00e1 de ser levado em considera\u00e7\u00e3o por quem quiser um bom resultado em Jacarta<\/p>\n","protected":false},"author":0,"featured_media":1000976972,"comment_status":"closed","ping_status":"closed","sticky":false,"template":"","format":"standard","meta":{"42wp_featured_image_caption":"","42wp_featured_image_credits":"","42wp_featured_video":"","42wp_featured_image_hidden":false,"42wp_authors_list":[],"footnotes":""},"categories":[19],"tags":[28679,6853,189,379,41537,840,38802,1601,1491,30103,28285,37238,35442,43911,39730,966,36219],"42wp_author":[47142],"class_list":["post-21067","post","type-post","status-publish","format-standard","has-post-thumbnail","hentry","category-formula-e","tag-calendario-formula-e","tag-classificacao-formula-e","tag-ep-de-jacarta","tag-fe","tag-fe-2025","tag-formula-e","tag-formula-e-2025","tag-gen3","tag-grande-premio","tag-grande-premio-f1","tag-grandepremio","tag-horarios-fe","tag-horarios-formula-e","tag-jakarta-eprix","tag-lola-yamaha","tag-lucas-di-grassi","tag-onde-assistir-formula-e","42wp_author-jp-nascimento"],"_links":{"self":[{"href":"https:\/\/grandepremio.com\/br\/wp-json\/wp\/v2\/posts\/21067","targetHints":{"allow":["GET"]}}],"collection":[{"href":"https:\/\/grandepremio.com\/br\/wp-json\/wp\/v2\/posts"}],"about":[{"href":"https:\/\/grandepremio.com\/br\/wp-json\/wp\/v2\/types\/post"}],"replies":[{"embeddable":true,"href":"https:\/\/grandepremio.com\/br\/wp-json\/wp\/v2\/comments?post=21067"}],"version-history":[{"count":0,"href":"https:\/\/grandepremio.com\/br\/wp-json\/wp\/v2\/posts\/21067\/revisions"}],"wp:featuredmedia":[{"embeddable":true,"href":"https:\/\/grandepremio.com\/br\/wp-json\/wp\/v2\/media\/1000976972"}],"wp:attachment":[{"href":"https:\/\/grandepremio.com\/br\/wp-json\/wp\/v2\/media?parent=21067"}],"wp:term":[{"taxonomy":"category","embeddable":true,"href":"https:\/\/grandepremio.com\/br\/wp-json\/wp\/v2\/categories?post=21067"},{"taxonomy":"post_tag","embeddable":true,"href":"https:\/\/grandepremio.com\/br\/wp-json\/wp\/v2\/tags?post=21067"},{"taxonomy":"42wp_author","embeddable":true,"href":"https:\/\/grandepremio.com\/br\/wp-json\/wp\/v2\/42wp_author?post=21067"}],"curies":[{"name":"wp","href":"https:\/\/api.w.org\/{rel}","templated":true}]}}