{"id":21079,"date":"2025-06-17T15:29:42","date_gmt":"2025-06-17T18:29:42","guid":{"rendered":"https:\/\/grandepremio.com\/br\/noticias\/max-verstappen-elogia-pilotagem-andrea-kimi-antonelli-nunca-duvidei-podio-viria-este-ano\/"},"modified":"2025-06-17T19:20:18","modified_gmt":"2025-06-17T22:20:18","slug":"max-verstappen-elogia-pilotagem-andrea-kimi-antonelli-nunca-duvidei-podio-viria-este-ano","status":"publish","type":"post","link":"https:\/\/grandepremio.com\/br\/f1\/max-verstappen-elogia-pilotagem-andrea-kimi-antonelli-nunca-duvidei-podio-viria-este-ano\/","title":{"rendered":"Verstappen elogia pilotagem de Antonelli: \u201cNunca duvidei que o p\u00f3dio viria este ano\u201d"},"content":{"rendered":"\n<p class=\"wp-block-paragraph\"><strong>Max Verstappen<\/strong> afirmou que n\u00e3o tinha d\u00favidas de que primeiro p\u00f3dio de <strong>Andrea Kimi Antonelli<\/strong> viria ainda nesta temporada. O piloto da <strong>Mercedes<\/strong>, que estreou na categoria no in\u00edcio de 2025, conquistou a terceira coloca\u00e7\u00e3o no <strong>GP do Canad\u00e1<\/strong>, <a href=\"https:\/\/grandepremio.com\/br\/f1\/noticias\/george-russell-vence-gp-canada-batida-lando-norris-oscar-piastri-fim-gabriel-bortoleto-14o\/\">realizado no \u00faltimo domingo (15)<\/a>. Com isso, tornou-se <a href=\"https:\/\/www.grandepremio.com\/br\/f1\/noticias\/andrea-kimi-antonelli-passa-lando-norris-vira-3o-piloto-mais-jovem-conquistar-podio-formula-1\/\">o terceiro piloto mais jovem a estar no p\u00f3dio <\/a>da <strong>F\u00f3rmula 1<\/strong>, com 18 anos.<\/p>\n\n\n\n<p class=\"wp-block-paragraph\">Verstappen, que foi o mais jovem a estar no p\u00f3dio da F1, elogiou a pilotagem de Antonelli em coletiva p\u00f3s-corrida: \u201cAcho que o que \u00e9 realmente impressionante \u00e9 que ele \u00e9 naturalmente r\u00e1pido. O que gosto \u00e9 da sua condu\u00e7\u00e3o calma e equilibrada\u201d. Al\u00e9m disso, Max, que acompanha a carreira de Antonelli desde o kart, tamb\u00e9m afirmou que o novato teve azar em algumas corridas, e que para o p\u00f3dio chegar \u201cera s\u00f3 uma quest\u00e3o de tempo\u201d.<\/p>\n\n\n\n<p class=\"wp-block-paragraph\">Antonelli chegou a ocupar a lideran\u00e7a da corrida no <strong>GP do Jap\u00e3o<\/strong>, mas at\u00e9 ent\u00e3o n\u00e3o havia sustentado nenhum resultado como este at\u00e9 a bandeirada. Ainda assim, o atual campe\u00e3o mundial disse que, para ele, a terceira coloca\u00e7\u00e3o de Antonelli no Canad\u00e1 n\u00e3o foi uma surpresa e que n\u00e3o h\u00e1 d\u00favidas de que o jovem mostrar\u00e1 muito mais nas pr\u00f3ximas temporadas.<\/p>\n\n\n\n<p class=\"wp-block-paragraph\">Quando questionado sobre as qualidades excepcionais de Antonelli, Verstappen disse: \u201cEstou muito feliz por ele. Isso [o p\u00f3dio] te d\u00e1 mais confian\u00e7a. \u00c9 um bom impulso. Voc\u00ea est\u00e1 em sua temporada de estreia \u2014 existem muitas coisas que vir\u00e3o para voc\u00ea. Voc\u00ea aprende nas piores corridas, voc\u00ea aprende nas melhores. Nos anos seguintes, n\u00f3s com certeza veremos muito mais do Kimi.\u201d<\/p>\n\n\n\n<figure class=\"wp-block-image size-large\"><img decoding=\"async\" src=\"https:\/\/www.grandepremio.com\/br\/wp-content\/uploads\/2025\/06\/SI202506150815-1-1200x862.jpg\" alt=\"\" class=\"wp-image-982562\"\/><figcaption class=\"wp-element-caption\">Andrea Kimi Antonelli com Max Verstappen: italiano tornou-se o terceiro mais jovem a subir ao p\u00f3dio (Foto: Red Bull Content Pool)<\/figcaption><\/figure>\n\n\n\n<p class=\"wp-block-paragraph\">Com o resultado no Canad\u00e1, Antonelli conquistou mais 15 pontos e ocupa a s\u00e9tima coloca\u00e7\u00e3o no Mundial de Pilotos, com 63 pontos. Ele \u00e9 o melhor colocado entre os novatos de 2025 da F1.<\/p>\n\n\n\n<p class=\"wp-block-paragraph\">A F\u00f3rmula 1 retorna entre os dias <strong>27 e 29 de junho<\/strong> para o <strong>GP da \u00c1ustria<\/strong>, 11\u00aa etapa da temporada 2025.<\/p>\n\n\n\n<p class=\"wp-block-paragraph\"><em>*Texto escrito por J\u00falia Palomares Aro<\/em><\/p>\n\n\n\n<p class=\"wp-block-paragraph\"><strong>\u25b6\ufe0f<\/strong> <strong>Inscreva-se nos dois canais do GRANDE PR\u00caMIO no YouTube:\u00a0<a href=\"https:\/\/www.youtube.com\/channel\/UC9OlHEgxoaY6QY6nWPoiqQg?sub_confirmation=1\" target=\"_blank\" rel=\"noreferrer noopener\">GP<\/a>\u00a0|\u00a0<a href=\"https:\/\/www.youtube.com\/channel\/UC9csiS6q_C3C0FYhyr1rnFA?sub_confirmation=1\" target=\"_blank\" rel=\"noreferrer noopener\">GP2<\/a><\/strong><br>\u25b6\ufe0f <strong>LEIA TAMB\u00c9M:\u00a0<a href=\"https:\/\/www.grandepremio.com\/br\/grandepremium\/10\/f1\/materias\/maiores-vencedores-corridas-desde-2000-f1\/\">Os maiores vencedores de corridas desde 2000 na F1<\/a><\/strong><\/p>\n\n\n\n<figure class=\"wp-block-embed is-type-video is-provider-youtube wp-block-embed-youtube wp-embed-aspect-16-9 wp-has-aspect-ratio\"><div class=\"wp-block-embed__wrapper\">\n<iframe loading=\"lazy\" title=\"NORRIS PIPOCA, RUSSELL BRILHA E PIASTRI ABRE VANTAGEM NA F1 | Paddock GP #420\" width=\"500\" height=\"281\" src=\"https:\/\/www.youtube.com\/embed\/zblom19YKwo?start=6813&amp;feature=oembed\" frameborder=\"0\" allow=\"accelerometer; autoplay; clipboard-write; encrypted-media; gyroscope; picture-in-picture; web-share\" referrerpolicy=\"strict-origin-when-cross-origin\" allowfullscreen><\/iframe>\n<\/div><\/figure>\n","protected":false},"excerpt":{"rendered":"<p>Max Verstappen mostrou confian\u00e7a no futuro de Kimi Antonelli na F\u00f3rmula 1 e destacou qualidades do novato<\/p>\n","protected":false},"author":0,"featured_media":1000982563,"comment_status":"closed","ping_status":"closed","sticky":false,"template":"","format":"standard","meta":{"42wp_featured_image_caption":"","42wp_featured_image_credits":"","42wp_featured_video":"","42wp_featured_image_hidden":false,"42wp_authors_list":[],"footnotes":""},"categories":[2],"tags":[27861,26271,25053,43845,31774,5273,147,3630,180,3628,14357,39820,1491,28285,30840,203,4486,43846,31785,35129,42001],"42wp_author":[47109],"class_list":["post-21079","post","type-post","status-publish","format-standard","has-post-thumbnail","hentry","category-f1","tag-andrea-kimi-antonelli","tag-calendario-f1","tag-canada","tag-canada-2025","tag-canada-f1","tag-classificacao-f1","tag-f1","tag-f1-2025","tag-formula-1","tag-formula-1-2025","tag-gp-do-canada","tag-gp-do-canada-f1","tag-grande-premio","tag-grandepremio","tag-horarios-f1","tag-max-verstappen","tag-montreal","tag-montreal-2025","tag-montreal-f1","tag-onde-assistir-f1","tag-temporada-2025-f1","42wp_author-redacao-gp"],"_links":{"self":[{"href":"https:\/\/grandepremio.com\/br\/wp-json\/wp\/v2\/posts\/21079","targetHints":{"allow":["GET"]}}],"collection":[{"href":"https:\/\/grandepremio.com\/br\/wp-json\/wp\/v2\/posts"}],"about":[{"href":"https:\/\/grandepremio.com\/br\/wp-json\/wp\/v2\/types\/post"}],"replies":[{"embeddable":true,"href":"https:\/\/grandepremio.com\/br\/wp-json\/wp\/v2\/comments?post=21079"}],"version-history":[{"count":0,"href":"https:\/\/grandepremio.com\/br\/wp-json\/wp\/v2\/posts\/21079\/revisions"}],"wp:featuredmedia":[{"embeddable":true,"href":"https:\/\/grandepremio.com\/br\/wp-json\/wp\/v2\/media\/1000982563"}],"wp:attachment":[{"href":"https:\/\/grandepremio.com\/br\/wp-json\/wp\/v2\/media?parent=21079"}],"wp:term":[{"taxonomy":"category","embeddable":true,"href":"https:\/\/grandepremio.com\/br\/wp-json\/wp\/v2\/categories?post=21079"},{"taxonomy":"post_tag","embeddable":true,"href":"https:\/\/grandepremio.com\/br\/wp-json\/wp\/v2\/tags?post=21079"},{"taxonomy":"42wp_author","embeddable":true,"href":"https:\/\/grandepremio.com\/br\/wp-json\/wp\/v2\/42wp_author?post=21079"}],"curies":[{"name":"wp","href":"https:\/\/api.w.org\/{rel}","templated":true}]}}