{"id":21093,"date":"2025-06-17T11:40:28","date_gmt":"2025-06-17T14:40:28","guid":{"rendered":"https:\/\/grandepremio.com\/br\/noticias\/felipe-drugovich-admite-plano-b-fora-formula-1-elogia-indy-gostei-do-carro\/"},"modified":"2025-06-18T09:56:28","modified_gmt":"2025-06-18T12:56:28","slug":"felipe-drugovich-admite-plano-b-fora-formula-1-elogia-indy-gostei-do-carro","status":"publish","type":"post","link":"https:\/\/grandepremio.com\/br\/f1\/felipe-drugovich-admite-plano-b-fora-formula-1-elogia-indy-gostei-do-carro\/","title":{"rendered":"Drugovich admite &#8220;plano B&#8221; fora da F\u00f3rmula 1 e elogia Indy: &#8220;Gostei do carro&#8221;"},"content":{"rendered":"\n<p class=\"wp-block-paragraph\"><strong>Felipe Drugovich<\/strong> est\u00e1 come\u00e7ando a olhar com outros olhos para outras categorias al\u00e9m da <strong>F\u00f3rmula 1<\/strong>. Ainda que o objetivo seja estar no grid da principal categoria do esporte a motor como titular, o piloto brasileiro falou com exclusividade com o <strong>GRANDE PR\u00caMIO<\/strong> sobre a necessidade de ter um plano B. E depois de testar diferentes carros, mostrou algum interesse pela Indy.<\/p>\n\n\n\n<p class=\"wp-block-paragraph\"><strong>Drugovich <\/strong>foi campe\u00e3o da <strong>F\u00f3rmula 2<\/strong> em 2022 e, desde ent\u00e3o, sonha com uma vaga como titular na <strong>F\u00f3rmula 1<\/strong>. Como reserva da <strong>Aston Martin<\/strong>, a oportunidade de participar de uma corrida quase surgiu em duas oportunidades. A primeira foi na abertura da temporada de 2023, enquanto a \u00faltima foi no <strong>GP do Canad\u00e1<\/strong> de 2025. Em ambas, a presen\u00e7a de<strong> Lance Stroll<\/strong> se tornou d\u00favida por causa de um procedimento m\u00e9dico no punho.<\/p>\n\n\n\n<p class=\"wp-block-paragraph\">Ap\u00f3s a campanha vitoriosa na <strong>F2<\/strong>, <strong>Drugovich <\/strong>ficou apenas como reserva na <strong>Aston Martin<\/strong> em 2023, mas no ano seguinte realizou alguns trabalhos como titular em outras categorias, como a <strong>ELMS <\/strong>e as <strong>24H de Le Mans<\/strong>, pela <strong>Cadillac<\/strong>. Em 2025, repetiu a dose na principal prova do <strong>WEC<\/strong>, al\u00e9m de ter disputado as <strong>24H de Daytona<\/strong>.<\/p>\n\n\n\n<p class=\"wp-block-paragraph\">Al\u00e9m dos trabalhos no endurance, <strong>Drugovich <\/strong>fez testes na <strong>Indy <\/strong>e na <strong>F\u00f3rmula E<\/strong> e, <a href=\"https:\/\/www.grandepremio.com\/br\/formula-e\/noticias\/felipe-drugovich-aproveita-ausencia-nyck-de-vries-estreia-formula-e-mahindra-berlim\/\">conforme apurou o <strong>GP<\/strong><\/a>, o brasileiro vai substituir <strong>Nyck De Vries<\/strong> na <strong>Mahindra <\/strong>na categoria dos el\u00e9tricos durante a etapa em <strong>Berlim<\/strong>.&nbsp;<\/p>\n\n\n\n<figure class=\"wp-block-image size-large\"><img decoding=\"async\" src=\"https:\/\/www.grandepremio.com\/br\/wp-content\/uploads\/2024\/10\/443938_1127559_felipe_drugovich987-1200x785.jpg\" alt=\"\" class=\"wp-image-876371\"\/><figcaption class=\"wp-element-caption\">Felipe Drugovich fez o primeiro teste com um carro de Indy em 2024 (Foto: Arquivo Pessoal)<\/figcaption><\/figure>\n\n\n\n<p class=\"wp-block-paragraph\">Questionado se as aventuras em diferentes categorias o fizeram abrir o leque para o futuro, <strong>Drugovich <\/strong>disse que precisa de um plano B na carreira e elogiou os carros da <strong>Indy<\/strong>.<\/p>\n\n\n\n<p class=\"wp-block-paragraph\">\u201cBem, no ano passado j\u00e1 fiz a ELMS. E mesmo competindo em outra categoria, ainda estou aqui [na F1]. Em 2025 estou fazendo o meu melhor para estar no grid do ano que vem, ent\u00e3o sim e n\u00e3o [aberto a outras categorias]. Mas preciso ter um plano B, obviamente, mas no momento o foco \u00e9 a F\u00f3rmula 1\u201d, contou <strong>Drugovich<\/strong>.<\/p>\n\n\n\n<p class=\"wp-block-paragraph\">\u201cNo ano passado testei na Indy e foi uma experi\u00eancia muito boa. Realmente gostei do carro. Ent\u00e3o, como disse, tenho de ter um plano B, e tenho alguns passos em mente. Por onde passei gostaram de mim, e tamb\u00e9m gostei de todos, foram muito divertidos de guiar. Ent\u00e3o, ainda n\u00e3o h\u00e1 uma dire\u00e7\u00e3o exata, mas ficaria muito feliz se um dia pudesse correr na Indy\u201d, finalizou <strong>Drugovich<\/strong>.<\/p>\n\n\n\n<p class=\"wp-block-paragraph\">\u25b6\ufe0f&nbsp;<strong>Inscreva-se nos dois canais do GRANDE PR\u00caMIO no YouTube:&nbsp;<a href=\"https:\/\/www.youtube.com\/channel\/UC9OlHEgxoaY6QY6nWPoiqQg?sub_confirmation=1\" target=\"_blank\" rel=\"noreferrer noopener\">GP<\/a>&nbsp;|&nbsp;<a href=\"https:\/\/www.youtube.com\/channel\/UC9csiS6q_C3C0FYhyr1rnFA?sub_confirmation=1\" target=\"_blank\" rel=\"noreferrer noopener\">GP2<\/a><\/strong><br>\u25b6\ufe0f&nbsp;<strong>LEIA TAMB\u00c9M:&nbsp;<a href=\"https:\/\/www.grandepremio.com\/br\/grandepremium\/10\/f1\/materias\/maiores-vencedores-corridas-desde-2000-f1\/\">Os maiores vencedores de corridas desde 2000 na F1<\/a><\/strong><\/p>\n\n\n\n<p class=\"wp-block-paragraph\">A&nbsp;<strong><a href=\"https:\/\/www.grandepremio.com\/br\/f1\/\" target=\"_blank\" rel=\"noreferrer noopener\"><\/a><a href=\"https:\/\/www.grandepremio.com\/br\/f1\/\" target=\"_blank\" rel=\"noreferrer noopener\">F\u00f3rmula 1<\/a><\/strong>&nbsp;retorna de&nbsp;<strong>27 a 29 de junho<\/strong>, na&nbsp;<strong>\u00c1ustria<\/strong>, 11\u00aa etapa da&nbsp;<strong>temporada 2025<\/strong>.<\/p>\n\n\n\n<figure class=\"wp-block-embed is-type-video is-provider-youtube wp-block-embed-youtube wp-embed-aspect-16-9 wp-has-aspect-ratio\"><div class=\"wp-block-embed__wrapper\">\n<iframe loading=\"lazy\" title=\"NORRIS PIPOCA, RUSSELL BRILHA E PIASTRI ABRE VANTAGEM NA F1 | Paddock GP #420\" width=\"500\" height=\"281\" src=\"https:\/\/www.youtube.com\/embed\/zblom19YKwo?feature=oembed\" frameborder=\"0\" allow=\"accelerometer; autoplay; clipboard-write; encrypted-media; gyroscope; picture-in-picture; web-share\" referrerpolicy=\"strict-origin-when-cross-origin\" allowfullscreen><\/iframe>\n<\/div><\/figure>\n","protected":false},"excerpt":{"rendered":"<p>Em entrevista exclusiva ao GRANDE PR\u00caMIO, Felipe Drugovich falou sobre a necessidade de considerar outras categorias \u2014 embora ainda tenha a F1 como principal objetivo<\/p>\n","protected":false},"author":0,"featured_media":1000885744,"comment_status":"closed","ping_status":"closed","sticky":false,"template":"","format":"standard","meta":{"42wp_featured_image_caption":"","42wp_featured_image_credits":"","42wp_featured_video":"","42wp_featured_image_hidden":false,"42wp_authors_list":[],"footnotes":""},"categories":[2],"tags":[309,1024,1491,28285,93],"42wp_author":[47149],"class_list":["post-21093","post","type-post","status-publish","format-standard","has-post-thumbnail","hentry","category-f1","tag-aston-martin","tag-felipe-drugovich","tag-grande-premio","tag-grandepremio","tag-indy","42wp_author-bernardo-castro"],"_links":{"self":[{"href":"https:\/\/grandepremio.com\/br\/wp-json\/wp\/v2\/posts\/21093","targetHints":{"allow":["GET"]}}],"collection":[{"href":"https:\/\/grandepremio.com\/br\/wp-json\/wp\/v2\/posts"}],"about":[{"href":"https:\/\/grandepremio.com\/br\/wp-json\/wp\/v2\/types\/post"}],"replies":[{"embeddable":true,"href":"https:\/\/grandepremio.com\/br\/wp-json\/wp\/v2\/comments?post=21093"}],"version-history":[{"count":0,"href":"https:\/\/grandepremio.com\/br\/wp-json\/wp\/v2\/posts\/21093\/revisions"}],"wp:featuredmedia":[{"embeddable":true,"href":"https:\/\/grandepremio.com\/br\/wp-json\/wp\/v2\/media\/1000885744"}],"wp:attachment":[{"href":"https:\/\/grandepremio.com\/br\/wp-json\/wp\/v2\/media?parent=21093"}],"wp:term":[{"taxonomy":"category","embeddable":true,"href":"https:\/\/grandepremio.com\/br\/wp-json\/wp\/v2\/categories?post=21093"},{"taxonomy":"post_tag","embeddable":true,"href":"https:\/\/grandepremio.com\/br\/wp-json\/wp\/v2\/tags?post=21093"},{"taxonomy":"42wp_author","embeddable":true,"href":"https:\/\/grandepremio.com\/br\/wp-json\/wp\/v2\/42wp_author?post=21093"}],"curies":[{"name":"wp","href":"https:\/\/api.w.org\/{rel}","templated":true}]}}