{"id":21097,"date":"2025-06-17T10:59:28","date_gmt":"2025-06-17T13:59:28","guid":{"rendered":"https:\/\/grandepremio.com\/br\/noticias\/ferrari-promete-atualizacao-breve-mas-foca-muito-mais-execucao-equipe\/"},"modified":"2025-06-17T15:56:11","modified_gmt":"2025-06-17T18:56:11","slug":"ferrari-promete-atualizacao-breve-mas-foca-muito-mais-execucao-equipe","status":"publish","type":"post","link":"https:\/\/grandepremio.com\/br\/f1\/ferrari-promete-atualizacao-breve-mas-foca-muito-mais-execucao-equipe\/","title":{"rendered":"Ferrari promete atualiza\u00e7\u00f5es &#8220;em breve&#8221;, mas diz que foca &#8220;mais na execu\u00e7\u00e3o e na equipe&#8221;"},"content":{"rendered":"\n<p class=\"wp-block-paragraph\">A <strong>Ferrari <\/strong>assegurou que as atualiza\u00e7\u00f5es da<strong> SF-25 <\/strong>devem chegar &#8220;antes de <strong>Silverstone<\/strong>&#8220;, 12\u00aa etapa da <strong>temporada 2025<\/strong> da <strong>F\u00f3rmula 1<\/strong>, por\u00e9m <strong>Fr\u00e9d\u00e9ric Vasseur <\/strong>enfatizou que o principal trabalho no momento \u00e9 &#8220;na execu\u00e7\u00e3o e no ajuste&#8221; do que j\u00e1 se tem, uma vez que o regulamento vai mudar no ano que vem. O dirigente ainda ressaltou que a maior dificuldade da equipe no<strong> GP do Canad\u00e1<\/strong>, <a href=\"https:\/\/grandepremio.com\/br\/f1\/noticias\/george-russell-vence-gp-canada-batida-lando-norris-oscar-piastri-fim-gabriel-bortoleto-14o\/\">realizado no \u00faltimo domingo (15)<\/a>, foi com os pneus.<\/p>\n\n\n\n<p class=\"wp-block-paragraph\">A Ferrari vem de um final de semana conturbado depois que a imprensa italiana noticiou na quinta-feira pr\u00e9-corrida <a href=\"https:\/\/www.grandepremio.com\/br\/f1\/noticias\/ferrari-poe-proximos-3-gps-decisivos-futuro-frederic-vasseur-ja-mira-chefe-wec-antonello-coletta\/\">que Vasseur est\u00e1 na berlinda<\/a>, tendo tr\u00eas corridas para provar que merece uma renova\u00e7\u00e3o de contrato. Os rumores tamb\u00e9m <a href=\"https:\/\/www.grandepremio.com\/br\/f1\/noticias\/crise-atual-ferrari-faz-charles-leclerc-considerar-outras-opcoes-2026-jornal-italiano\/\">apontaram para uma poss\u00edvel sa\u00edda <\/a>de<strong> Charles Leclerc<\/strong>, <a href=\"https:\/\/www.grandepremio.com\/br\/f1\/noticias\/charles-leclerc-surpreso-rumores-cogita-deixar-ferrari-nunca-disse-nada-disso\/\">que negou veementemente <\/a>a chance.<\/p>\n\n\n\n<p class=\"wp-block-paragraph\">Na pista, por\u00e9m, a Ferrari mais uma vez ficou devendo. Na classifica\u00e7\u00e3o, foi no m\u00e1ximo quinta colocada com <strong>Lewis Hamilton<\/strong>, enquanto Leclerc alinhou em oitavo. Na corrida, o heptacampe\u00e3o ficou com danos s\u00e9rios no assoalho ap\u00f3s atropelar uma marmota, e Charles discordou bastante da escolha estrat\u00e9gica do time.<\/p>\n\n\n\n<p class=\"wp-block-paragraph\">Leclerc e Hamilton terminaram em quinto e sexto, respectivamente, em um fim de semana no qual a Ferrari mais uma vez n\u00e3o levou nenhuma novidade para o carro. Vasseur, contudo, afirmou que isso vai mudar na <strong>\u00c1ustria<\/strong>, etapa que antecede o <strong>GP da Inglaterra<\/strong>.<\/p>\n\n\n\n<figure class=\"wp-block-image size-large\"><img decoding=\"async\" src=\"https:\/\/www.grandepremio.com\/br\/wp-content\/uploads\/2024\/02\/foto-bahraincircuit-frederic-vasseur-day2-f1-testing-2024-1-1024x682.jpg\" alt=\"\" class=\"wp-image-779513\"\/><figcaption class=\"wp-element-caption\">Fr\u00e9d\u00e9ric Vasseur explicou mais uma vez que o foco da Ferrari \u00e9 em desenvolver o que j\u00e1 tem em m\u00e3os (Foto: Ferrari)<\/figcaption><\/figure>\n\n\n\n<p class=\"wp-block-paragraph\">&#8220;Teremos atualiza\u00e7\u00f5es em breve, antes de Silverstone e talvez outra mais tarde&#8221;, come\u00e7ou aos jornalistas. &#8220;Hoje em dia, no entanto, acredito que a execu\u00e7\u00e3o e o ajuste do carro s\u00e3o mais importantes do que ele em si&#8221;, acrescentou.<\/p>\n\n\n\n<p class=\"wp-block-paragraph\">&#8220;Estamos no \u00faltimo ano desse regulamento, e todos sabemos que, quando trazemos algo novo, estamos falando de um ganho de cent\u00e9simos de segundo; e se voc\u00ea n\u00e3o explorar bem o carro, pode perder d\u00e9cimos. Isso significa que, em algumas ocasi\u00f5es, pelo menos no que diz respeito a n\u00f3s, embora n\u00e3o sejamos os \u00fanicos, quando trouxemos atualiza\u00e7\u00f5es, levamos algumas corridas para adaptar a configura\u00e7\u00e3o \u00e0 nova especifica\u00e7\u00e3o&#8221;, continuou.<\/p>\n\n\n\n<p class=\"wp-block-paragraph\">&#8220;Quero colocar o foco muito mais na equipe e na execu\u00e7\u00e3o do que no potencial puro do carro, mas vamos fazer alguma coisa&#8221;, garantiu Vasseur. Em seguida, ele ofereceu uma an\u00e1lise da performance do time de Maranello na corrida em Montreal e apontou para os pneus como o fator que determinou o resultado final.<\/p>\n\n\n\n<p class=\"wp-block-paragraph\">&#8220;N\u00e3o acho que o principal problema foram as caracter\u00edsticas do carro, mas sim o uso dos pneus. Entend\u00ea-los e escolher os compostos certos para a classifica\u00e7\u00e3o \u00e9 um exerc\u00edcio bastante dif\u00edcil. Acho que [Max] Verstappen e a Mercedes fizeram um trabalho melhor neste fim de semana do que n\u00f3s e a McLaren&#8221;, opinou.<\/p>\n\n\n\n<p class=\"wp-block-paragraph\">&#8220;Quanto \u00e0 escolha dos pneus, eles estavam no controle desde o in\u00edcio, e isso \u00e9 algo que tem de ser decidido quase desde a manh\u00e3 de sexta-feira. \u00c9 preciso de organizar tudo antes mesmo do fim de semana se quiser obter um bom resultado. O desempenho que se consegue obter com os pneus faz muito mais diferen\u00e7a do que o desempenho entre os carros individualmente&#8221;, encerrou Vasseur.<\/p>\n\n\n\n<p class=\"wp-block-paragraph\">A\u00a0<strong><a href=\"https:\/\/www.grandepremio.com\/br\/f1\/\" target=\"_blank\" rel=\"noreferrer noopener\"><\/a><a href=\"https:\/\/www.grandepremio.com\/br\/f1\/\" target=\"_blank\" rel=\"noreferrer noopener\">F\u00f3rmula 1<\/a><\/strong>\u00a0retorna de\u00a0<strong>27 a 29 de junho<\/strong>, na\u00a0<strong>\u00c1ustria<\/strong>, 11\u00aa etapa da\u00a0<strong>temporada 2025<\/strong><\/p>\n\n\n\n<p class=\"wp-block-paragraph\"><strong>\u25b6\ufe0f<\/strong> <strong>Inscreva-se nos dois canais do GRANDE PR\u00caMIO no YouTube:\u00a0<a href=\"https:\/\/www.youtube.com\/channel\/UC9OlHEgxoaY6QY6nWPoiqQg?sub_confirmation=1\" target=\"_blank\" rel=\"noreferrer noopener\">GP<\/a>\u00a0|\u00a0<a href=\"https:\/\/www.youtube.com\/channel\/UC9csiS6q_C3C0FYhyr1rnFA?sub_confirmation=1\" target=\"_blank\" rel=\"noreferrer noopener\">GP2<\/a><\/strong><br>\u25b6\ufe0f <strong>LEIA TAMB\u00c9M:\u00a0<a href=\"https:\/\/www.grandepremio.com\/br\/f1\/noticias\/mercedes-critica-red-bull-protestos-contra-george-russell-canada-mesquinho-e-ridiculo\/\">Mercedes critica Red Bull por protestos contra Russell no Canad\u00e1: \u2018Mesquinho e rid\u00edculo\u2019<\/a><\/strong><\/p>\n\n\n\n<figure class=\"wp-block-embed is-type-video is-provider-youtube wp-block-embed-youtube wp-embed-aspect-16-9 wp-has-aspect-ratio\"><div class=\"wp-block-embed__wrapper\">\n<iframe loading=\"lazy\" title=\"NORRIS PIPOCA, RUSSELL BRILHA E PIASTRI ABRE VANTAGEM NA F1 | Paddock GP #420\" width=\"500\" height=\"281\" src=\"https:\/\/www.youtube.com\/embed\/zblom19YKwo?feature=oembed\" frameborder=\"0\" allow=\"accelerometer; autoplay; clipboard-write; encrypted-media; gyroscope; picture-in-picture; web-share\" referrerpolicy=\"strict-origin-when-cross-origin\" allowfullscreen><\/iframe>\n<\/div><\/figure>\n","protected":false},"excerpt":{"rendered":"<p>Chefe da Ferrari, Fr\u00e9d\u00e9ric Vasseur explicou que qualquer nova especifica\u00e7\u00e3o no carro vai exigir tempo para adaptar a configura\u00e7\u00e3o, por isso o foco principal \u00e9 trabalhar no que j\u00e1 se tem<\/p>\n","protected":false},"author":0,"featured_media":1000981503,"comment_status":"closed","ping_status":"closed","sticky":false,"template":"","format":"standard","meta":{"42wp_featured_image_caption":"","42wp_featured_image_credits":"","42wp_featured_video":"","42wp_featured_image_hidden":false,"42wp_authors_list":[],"footnotes":""},"categories":[2],"tags":[26271,25053,5273,147,3630,207,180,3628,1322,14357,39820,1491,28285,30840,4486,43846,31785,35129,42001],"42wp_author":[47147],"class_list":["post-21097","post","type-post","status-publish","format-standard","has-post-thumbnail","hentry","category-f1","tag-calendario-f1","tag-canada","tag-classificacao-f1","tag-f1","tag-f1-2025","tag-ferrari","tag-formula-1","tag-formula-1-2025","tag-frederic-vasseur","tag-gp-do-canada","tag-gp-do-canada-f1","tag-grande-premio","tag-grandepremio","tag-horarios-f1","tag-montreal","tag-montreal-2025","tag-montreal-f1","tag-onde-assistir-f1","tag-temporada-2025-f1","42wp_author-luana-marino"],"_links":{"self":[{"href":"https:\/\/grandepremio.com\/br\/wp-json\/wp\/v2\/posts\/21097","targetHints":{"allow":["GET"]}}],"collection":[{"href":"https:\/\/grandepremio.com\/br\/wp-json\/wp\/v2\/posts"}],"about":[{"href":"https:\/\/grandepremio.com\/br\/wp-json\/wp\/v2\/types\/post"}],"replies":[{"embeddable":true,"href":"https:\/\/grandepremio.com\/br\/wp-json\/wp\/v2\/comments?post=21097"}],"version-history":[{"count":0,"href":"https:\/\/grandepremio.com\/br\/wp-json\/wp\/v2\/posts\/21097\/revisions"}],"wp:featuredmedia":[{"embeddable":true,"href":"https:\/\/grandepremio.com\/br\/wp-json\/wp\/v2\/media\/1000981503"}],"wp:attachment":[{"href":"https:\/\/grandepremio.com\/br\/wp-json\/wp\/v2\/media?parent=21097"}],"wp:term":[{"taxonomy":"category","embeddable":true,"href":"https:\/\/grandepremio.com\/br\/wp-json\/wp\/v2\/categories?post=21097"},{"taxonomy":"post_tag","embeddable":true,"href":"https:\/\/grandepremio.com\/br\/wp-json\/wp\/v2\/tags?post=21097"},{"taxonomy":"42wp_author","embeddable":true,"href":"https:\/\/grandepremio.com\/br\/wp-json\/wp\/v2\/42wp_author?post=21097"}],"curies":[{"name":"wp","href":"https:\/\/api.w.org\/{rel}","templated":true}]}}