{"id":21124,"date":"2025-06-16T15:02:14","date_gmt":"2025-06-16T18:02:14","guid":{"rendered":"https:\/\/grandepremio.com\/br\/noticias\/mercedes-acerto-suspensao-traseira-freia-animacao-canada-bom-para-nos\/"},"modified":"2025-06-16T15:08:55","modified_gmt":"2025-06-16T18:08:55","slug":"mercedes-acerto-suspensao-traseira-freia-animacao-canada-bom-para-nos","status":"publish","type":"post","link":"https:\/\/grandepremio.com\/br\/f1\/mercedes-acerto-suspensao-traseira-freia-animacao-canada-bom-para-nos\/","title":{"rendered":"Mercedes v\u00ea acerto em suspens\u00e3o traseira, mas freia anima\u00e7\u00e3o: &#8220;Canad\u00e1 \u00e9 bom para n\u00f3s&#8221;"},"content":{"rendered":"\n<p class=\"wp-block-paragraph\">A <strong>Mercedes <\/strong>resolveu usar a velha m\u00e1xima &#8216;devagar com o andor&#8217; ao comentar o surpreendente controle que teve no<strong> GP do Canad\u00e1<\/strong>, mesmo com a temperatura do asfalto em 50\u00b0C \u2014 cen\u00e1rio geralmente desfavor\u00e1vel ao <strong>W16<\/strong>. <strong>Toto Wolff <\/strong>afirmou que a suspens\u00e3o traseira levada para <strong>Montreal <\/strong>surtiu o efeito desejado ao neutralizar o superaquecimento do eixo traseiro, por\u00e9m alertou que o circuito possui caracter\u00edsticas que agradam ao carro prateado.<\/p>\n\n\n\n<p class=\"wp-block-paragraph\">O clima, na verdade, ficou no limite do que a Mercedes precisa para performar bem, uma vez que a corrida come\u00e7ou com os term\u00f4metros em 23\u00b0C. Mesmo assim, estava muito mais quente que o visto, por exemplo, na classifica\u00e7\u00e3o, com 21\u00b0C e asfalto em 44\u00b0C, tanto que <strong>George Russell <\/strong>conseguiu colocar os pneus m\u00e9dios na janela certa <a href=\"https:\/\/www.grandepremio.com\/br\/f1\/noticias\/george-russell-calca-pneus-medios-poe-mercedes-pole-gp-canada-gabriel-bortoleto-16o\/\">e fez a pole-position<\/a>.<\/p>\n\n\n\n<p class=\"wp-block-paragraph\">Na corrida, no entanto, a temperatura subiu, mas Wolff explicou que as mudan\u00e7as feitas no carro, sobretudo na suspens\u00e3o traseira, foram cruciais para o sucesso. <a href=\"https:\/\/grandepremio.com\/br\/f1\/noticias\/george-russell-vence-gp-canada-batida-lando-norris-oscar-piastri-fim-gabriel-bortoleto-14o\/\">Russell venceu <\/a>e <strong>Andrea Kimi Antonelli<\/strong> terminou em terceiro.<\/p>\n\n\n\n<p class=\"wp-block-paragraph\">&#8220;Pensei que usar su\u00e9ter teria algum tipo de correla\u00e7\u00e3o com nosso desempenho, porque significa que est\u00e1 frio&#8221;, brincou o chefe. &#8220;E hoje [domingo], com uma temperatura de pista em 50\u00b0C, dominamos&#8221;, acrescentou.<\/p>\n\n\n\n<figure class=\"wp-block-image size-large\"><img decoding=\"async\" src=\"https:\/\/www.grandepremio.com\/br\/wp-content\/uploads\/2025\/06\/canada-2025-f1-corrida-mercedes-kimi-antonelli-afp-02-1200x800.jpg\" alt=\"\" class=\"wp-image-982123\"\/><figcaption class=\"wp-element-caption\">George Russell e Kimi Antonelli foram ao p\u00f3dio no Canad\u00e1, mas nada de empolga\u00e7\u00e3o (Foto: AFP)<\/figcaption><\/figure>\n\n\n\n<p class=\"wp-block-paragraph\">&#8220;Mudamos algumas coisas no carro. Temos uma nova suspens\u00e3o traseira. Estou muito satisfeito com a forma como a equipe administrou as coisas, tanto na pista quanto na f\u00e1brica, e como essas inova\u00e7\u00f5es chegaram ao carro&#8221;, completou Wolff, freando, contudo, qualquer expectativa de que a Mercedes teria ent\u00e3o resolvido o cr\u00f4nico problema do calor.<\/p>\n\n\n\n<p class=\"wp-block-paragraph\">&#8220;Tamb\u00e9m acho que \u00e9 preciso considerar a pista em que estivemos. Montreal sempre foi boa para n\u00f3s. Ela n\u00e3o tem as t\u00edpicas curvas de alta velocidade, que \u00e9 onde mais sofremos nas altas temperaturas. Esse \u00e9 o ponto&#8221;, avaliou.<\/p>\n\n\n\n<p class=\"wp-block-paragraph\">&#8220;Trouxemos a nova suspens\u00e3o traseira por conta do problema que temos, que \u00e9 o superaquecimento do eixo traseiro. E n\u00e3o t\u00ednhamos certeza sobre os resultados que vimos em \u00cdmola, pois foram piores do que esper\u00e1vamos. Remov\u00ea-la foi a coisa certa a fazer. Trouxemos, ent\u00e3o, para c\u00e1 porque esper\u00e1vamos que a dire\u00e7\u00e3o do desenvolvimento estivesse correta. Mas neste regulamento, nunca \u00e9 f\u00e1cil entender se \u00e9 realmente a dire\u00e7\u00e3o certa ou n\u00e3o&#8221;, continuou Toto.<\/p>\n\n\n\n<p class=\"wp-block-paragraph\">Ao longo do fim de semana, o l\u00edder da Mercedes explicou que foi dif\u00edcil encontrar a correla\u00e7\u00e3o, mas outras equipes apresentaram o mesmo obst\u00e1culo. Montreal tamb\u00e9m apresentou novas cartas a serem analisadas. <\/p>\n\n\n\n<p class=\"wp-block-paragraph\">&#8220;\u00c9 uma pista espec\u00edfica. A pista e o asfalto s\u00e3o diferentes dos de \u00cdmola. Nunca existe uma solu\u00e7\u00e3o m\u00e1gica que fa\u00e7a um carro passar de, digamos, um que v\u00e1 ao p\u00f3dio, no melhor dos casos, para um carro vencedor e dominante. Agora, no entanto, temos mais dados e aprendemos mais. Tamb\u00e9m entenderemos melhor o que coletamos neste fim de semana&#8221;, seguiu.<\/p>\n\n\n\n<p class=\"wp-block-paragraph\">&#8220;O segundo ponto diz respeito ao asfalto. Em Montreal, ele \u00e9 bastante liso, menos abrasivo e, portanto, menos prejudicial aos nossos carros, que sofrem com o desgaste e o superaquecimento dos pneus traseiros. Ser\u00e1 diferente na \u00c1ustria. Uma pista diferente, desafios diferentes. Agora teremos de nos concentrar totalmente nesse evento&#8221;, concluiu Wolff.<\/p>\n\n\n\n<p class=\"wp-block-paragraph\">A\u00a0<strong><a href=\"https:\/\/www.grandepremio.com\/br\/f1\/\" target=\"_blank\" rel=\"noreferrer noopener\"><\/a><a href=\"https:\/\/www.grandepremio.com\/br\/f1\/\" target=\"_blank\" rel=\"noreferrer noopener\">F\u00f3rmula 1<\/a><\/strong>\u00a0retorna de\u00a0<strong>27 a 29 de junho<\/strong>, na\u00a0<strong>\u00c1ustria<\/strong>, 11\u00aa etapa da\u00a0<strong>temporada 2025<\/strong>.<\/p>\n\n\n\n<p class=\"wp-block-paragraph\"><strong>\u25b6\ufe0f<\/strong>\u00a0<strong>Inscreva-se nos dois canais do GRANDE PR\u00caMIO no YouTube:\u00a0<a href=\"https:\/\/www.youtube.com\/channel\/UC9OlHEgxoaY6QY6nWPoiqQg?sub_confirmation=1\" target=\"_blank\" rel=\"noreferrer noopener\">GP<\/a>\u00a0|\u00a0<a href=\"https:\/\/www.youtube.com\/channel\/UC9csiS6q_C3C0FYhyr1rnFA?sub_confirmation=1\" target=\"_blank\" rel=\"noreferrer noopener\">GP2<\/a><\/strong><br>\u25b6\ufe0f\u00a0<strong>LEIA TAMB\u00c9M:\u00a0<a href=\"https:\/\/www.grandepremio.com\/br\/f1\/noticias\/opiniao-gp-mclaren-age-bem-nao-adianta-lando-norris-insiste-papel-de-bobo\/\">Opini\u00e3o GP: McLaren age bem, mas n\u00e3o adianta se Norris insiste em \u201cpapel de bobo\u201d<\/a><\/strong><\/p>\n\n\n\n<figure class=\"wp-block-embed is-type-video is-provider-youtube wp-block-embed-youtube wp-embed-aspect-16-9 wp-has-aspect-ratio\"><div class=\"wp-block-embed__wrapper\">\n<iframe loading=\"lazy\" title=\"RUSSELL VENCE, &amp;apos;EST\u00daPIDO&amp;apos; NORRIS BATE em PIASTRI: o GP do CANAD\u00c1 de F1 | BRIEFING\" width=\"500\" height=\"281\" src=\"https:\/\/www.youtube.com\/embed\/izrML5hdQTU?feature=oembed\" frameborder=\"0\" allow=\"accelerometer; autoplay; clipboard-write; encrypted-media; gyroscope; picture-in-picture; web-share\" referrerpolicy=\"strict-origin-when-cross-origin\" allowfullscreen><\/iframe>\n<\/div><\/figure>\n","protected":false},"excerpt":{"rendered":"<p>Chefe da Mercedes, Toto Wolff disse que a suspens\u00e3o traseira levada para o Canad\u00e1 ajudou a neutralizar o superaquecimento do eixo traseiro, mas a pista  de Montreal n\u00e3o possui curvas de alta velocidade \u2014 onde o W16 mais sofre com os pneus<\/p>\n","protected":false},"author":0,"featured_media":1000980489,"comment_status":"closed","ping_status":"closed","sticky":false,"template":"","format":"standard","meta":{"42wp_featured_image_caption":"","42wp_featured_image_credits":"","42wp_featured_video":"","42wp_featured_image_hidden":false,"42wp_authors_list":[],"footnotes":""},"categories":[2],"tags":[27861,26271,25053,5273,147,3630,103,180,3628,800,14357,39820,1491,28285,30840,4486,43846,31785,35129,42001,150],"42wp_author":[47147],"class_list":["post-21124","post","type-post","status-publish","format-standard","has-post-thumbnail","hentry","category-f1","tag-andrea-kimi-antonelli","tag-calendario-f1","tag-canada","tag-classificacao-f1","tag-f1","tag-f1-2025","tag-fia","tag-formula-1","tag-formula-1-2025","tag-george-russell","tag-gp-do-canada","tag-gp-do-canada-f1","tag-grande-premio","tag-grandepremio","tag-horarios-f1","tag-montreal","tag-montreal-2025","tag-montreal-f1","tag-onde-assistir-f1","tag-temporada-2025-f1","tag-toto-wolff","42wp_author-luana-marino"],"_links":{"self":[{"href":"https:\/\/grandepremio.com\/br\/wp-json\/wp\/v2\/posts\/21124","targetHints":{"allow":["GET"]}}],"collection":[{"href":"https:\/\/grandepremio.com\/br\/wp-json\/wp\/v2\/posts"}],"about":[{"href":"https:\/\/grandepremio.com\/br\/wp-json\/wp\/v2\/types\/post"}],"replies":[{"embeddable":true,"href":"https:\/\/grandepremio.com\/br\/wp-json\/wp\/v2\/comments?post=21124"}],"version-history":[{"count":0,"href":"https:\/\/grandepremio.com\/br\/wp-json\/wp\/v2\/posts\/21124\/revisions"}],"wp:featuredmedia":[{"embeddable":true,"href":"https:\/\/grandepremio.com\/br\/wp-json\/wp\/v2\/media\/1000980489"}],"wp:attachment":[{"href":"https:\/\/grandepremio.com\/br\/wp-json\/wp\/v2\/media?parent=21124"}],"wp:term":[{"taxonomy":"category","embeddable":true,"href":"https:\/\/grandepremio.com\/br\/wp-json\/wp\/v2\/categories?post=21124"},{"taxonomy":"post_tag","embeddable":true,"href":"https:\/\/grandepremio.com\/br\/wp-json\/wp\/v2\/tags?post=21124"},{"taxonomy":"42wp_author","embeddable":true,"href":"https:\/\/grandepremio.com\/br\/wp-json\/wp\/v2\/42wp_author?post=21124"}],"curies":[{"name":"wp","href":"https:\/\/api.w.org\/{rel}","templated":true}]}}