{"id":21158,"date":"2025-06-16T07:32:34","date_gmt":"2025-06-16T10:32:34","guid":{"rendered":"https:\/\/grandepremio.com\/br\/noticias\/george-russell-nega-ressentimento-conversas-mercedes-max-verstappen-diz-sou-leal\/"},"modified":"2025-06-16T11:42:09","modified_gmt":"2025-06-16T14:42:09","slug":"george-russell-nega-ressentimento-conversas-mercedes-max-verstappen-diz-sou-leal","status":"publish","type":"post","link":"https:\/\/grandepremio.com\/br\/f1\/george-russell-nega-ressentimento-conversas-mercedes-max-verstappen-diz-sou-leal\/","title":{"rendered":"Russell nega ressentimento de conversas entre Mercedes e Verstappen e diz: \u201cSou leal\u201d"},"content":{"rendered":"\n<p class=\"wp-block-paragraph\">Embora a <strong>Mercedes <\/strong>tenha enfrentado algumas dificuldades nas tr\u00eas etapas antes de chegar ao <strong>Canad\u00e1<\/strong>, <strong>George Russell<\/strong> vem fazendo uma temporada muito forte em 2025, mas ainda n\u00e3o tem contrato para 2026. Questionado sobre o futuro na <strong>F\u00f3rmula 1<\/strong>, o titular do carro #63 disse que n\u00e3o est\u00e1 em negocia\u00e7\u00e3o com outras equipes e refor\u00e7ou que \u00e9 leal \u00e0 rela\u00e7\u00e3o com a equipe alem\u00e3 \u2014 ainda que o time tenha certo interesse em contar com <strong>Max Verstappen<\/strong>.<\/p>\n\n\n\n<p class=\"wp-block-paragraph\"><strong>Russell <\/strong>vem fazendo um grande trabalho em 2025. Antes da <strong>F1 <\/strong>chegar ao <strong>GP da Em\u00edlia-Romanha<\/strong>, s\u00e9tima etapa do ano, a campanha era marcada pela consist\u00eancia, em que havia cruzado a linha de chegada no top-5 em todas as oportunidades. Um pequeno deslize, no entanto, aconteceu em <strong>\u00cdmola<\/strong>, com um s\u00e9timo lugar, e em <strong>M\u00f4naco<\/strong>, em que sequer pontuou.<\/p>\n\n\n\n<p class=\"wp-block-paragraph\">Por\u00e9m, <strong>Russell <\/strong>retomou a boa forma e foi quarto na <strong>Espanha <\/strong>e <a href=\"https:\/\/www.grandepremio.com\/br\/f1\/noticias\/george-russell-vence-gp-canada-batida-lando-norris-oscar-piastri-fim-gabriel-bortoleto-14o\/?_gl=1*j4bumm*_ga*MTk2NzYwODk1Mi4xNzMzMzUzNjEz*_ga_8EWPK1F9S1*czE3NTAwNjU4OTEkbzY4MSRnMSR0MTc1MDA2OTQ4MyRqNjAkbDAkaDQ2MzQ3MTEwNw..\">venceu sem maiores problemas<\/a> no <strong>Canad\u00e1 <\/strong>no \u00faltimo domingo depois de largar da pole. Ainda assim, o futuro de <strong>George <\/strong>junto da <strong>Mercedes <\/strong>est\u00e1 em aberto.<\/p>\n\n\n\n<p class=\"wp-block-paragraph\">Tanto <strong>Russell <\/strong>quanto <strong>Andrea Kimi Antonelli <\/strong>n\u00e3o t\u00eam contrato para 2026. O italiano de apenas 18 anos, no entanto, vem surpreendendo na temporada de estreia, conquistou um p\u00f3dio no <strong>GP do Canad\u00e1<\/strong>, e \u00e9 visto como o futuro do time. <strong>George <\/strong>tamb\u00e9m \u00e9 um piloto formado pela <strong>Mercedes <\/strong>e, ainda que esteja performando bem, tem a posi\u00e7\u00e3o amea\u00e7ada por uma eventual chegada de <strong>Verstappen<\/strong>.<\/p>\n\n\n\n<figure class=\"wp-block-image size-large\"><img decoding=\"async\" src=\"https:\/\/www.grandepremio.com\/br\/wp-content\/uploads\/2025\/06\/canada-2025-f1-corrida-podio-02-1200x800.jpg\" alt=\"\" class=\"wp-image-982044\"\/><figcaption class=\"wp-element-caption\">Verstappen pode amea\u00e7ar a posi\u00e7\u00e3o de Russell na Mercedes (Foto: Red Bull Content Pool)<\/figcaption><\/figure>\n\n\n\n<p class=\"wp-block-paragraph\"><strong>Russell <\/strong>falou algumas vezes <a href=\"https:\/\/www.grandepremio.com\/br\/f1\/noticias\/george-russell-poe-max-verstappen-jogada-nega-preocupacao-futuro-mercedes\/\">sobre o desejo que a <strong>Mercedes <\/strong>tem de contar com <strong>Verstappen<\/strong><\/a><strong> <\/strong>mas, ainda assim, est\u00e1 confiante de que vai conseguir uma renova\u00e7\u00e3o de contrato e refor\u00e7ou a lealdade ao time alem\u00e3o.<\/p>\n\n\n\n<p class=\"wp-block-paragraph\">\u201cN\u00e3o estou conversando com mais ningu\u00e9m nem com nenhuma equipe que tenha demonstrado interesse. Sou muito aberto ao dizer que minha inten\u00e7\u00e3o \u00e9 continuar na Mercedes. Isso sempre foi claro e sou leal \u00e0 Mercedes, eles me deram a chance de entrar na F\u00f3rmula 1. N\u00e3o houve ressentimentos com nenhuma das conversas que t\u00eam acontecido, especialmente em rela\u00e7\u00e3o ao Max. Porque, como eu disse in\u00fameras vezes, por que as equipes n\u00e3o se interessariam pelo Max? Se todos os pilotos n\u00e3o tivessem contratos para o ano que vem, o Max seria o n\u00famero um de todas as equipes. E isso \u00e9 compreens\u00edvel\u201d, disse <strong>Russell<\/strong>.<\/p>\n\n\n\n<p class=\"wp-block-paragraph\">\u201cMas, no fim das contas, h\u00e1 duas vagas para cada equipe. Sabia que, se continuasse com o desempenho que tenho, minha posi\u00e7\u00e3o n\u00e3o estaria amea\u00e7ada de forma alguma. Ent\u00e3o, me sinto em um bom lugar. N\u00e3o temos pressa em negociar contratos. Queremos vencer juntos. Principalmente porque o Kimi e eu somos companheiros de equipe agora \u2013 estamos conseguindo um resultado como o de hoje, ambos pilotos juniores da Mercedes, ambos estamos fazendo o trabalho em termos de desempenho. Por que mudar algo que est\u00e1 funcionando?\u201d, finalizou <strong>Russell<\/strong>.<\/p>\n\n\n\n<p class=\"wp-block-paragraph\">A&nbsp;<strong><a href=\"https:\/\/www.grandepremio.com\/br\/f1\/\" target=\"_blank\" rel=\"noreferrer noopener\">F\u00f3rmula 1<\/a><\/strong>&nbsp;retorna de&nbsp;<strong>27 a 29 de junho<\/strong>, na&nbsp;<strong>\u00c1ustria<\/strong>, 11\u00aa etapa da&nbsp;<strong>temporada 2025<\/strong>.<\/p>\n\n\n\n<p class=\"wp-block-paragraph\"><strong>\u25b6\ufe0f<\/strong>&nbsp;<strong>Inscreva-se nos dois canais do GRANDE PR\u00caMIO no YouTube:&nbsp;<a href=\"https:\/\/www.youtube.com\/channel\/UC9OlHEgxoaY6QY6nWPoiqQg?sub_confirmation=1\" target=\"_blank\" rel=\"noreferrer noopener\">GP<\/a>&nbsp;|&nbsp;<a href=\"https:\/\/www.youtube.com\/channel\/UC9csiS6q_C3C0FYhyr1rnFA?sub_confirmation=1\" target=\"_blank\" rel=\"noreferrer noopener\">GP2<\/a><\/strong><br><strong>\u25b6\ufe0f<\/strong>&nbsp;<strong>LEIA TAMB\u00c9M:&nbsp;<a href=\"https:\/\/www.grandepremio.com\/br\/endurance\/wec\/noticias\/af-corse-83-faz-historia-robert-kubica-yifei-ye-philip-hanson-vence-24-horas-le-mans-felipe-nasr-9o\/\">Kubica faz hist\u00f3ria e comanda vit\u00f3ria da Ferrari AF Corse #83 nas 24 Horas de Le Mans<\/a><\/strong><\/p>\n\n\n\n<figure class=\"wp-block-embed is-type-video is-provider-youtube wp-block-embed-youtube wp-embed-aspect-16-9 wp-has-aspect-ratio\"><div class=\"wp-block-embed__wrapper\">\n<iframe loading=\"lazy\" title=\"RUSSELL VENCE, &amp;apos;EST\u00daPIDO&amp;apos; NORRIS BATE em PIASTRI: o GP do CANAD\u00c1 de F1 | BRIEFING\" width=\"500\" height=\"281\" src=\"https:\/\/www.youtube.com\/embed\/izrML5hdQTU?feature=oembed\" frameborder=\"0\" allow=\"accelerometer; autoplay; clipboard-write; encrypted-media; gyroscope; picture-in-picture; web-share\" referrerpolicy=\"strict-origin-when-cross-origin\" allowfullscreen><\/iframe>\n<\/div><\/figure>\n","protected":false},"excerpt":{"rendered":"<p>George Russell est\u00e1 ciente do interesse da Mercedes em Max Verstappen, mas est\u00e1 confiante de que vai renovar o contrato com a equipe alem\u00e3 para 2026<\/p>\n","protected":false},"author":0,"featured_media":1000982121,"comment_status":"closed","ping_status":"closed","sticky":false,"template":"","format":"standard","meta":{"42wp_featured_image_caption":"","42wp_featured_image_credits":"","42wp_featured_video":"","42wp_featured_image_hidden":false,"42wp_authors_list":[],"footnotes":""},"categories":[2],"tags":[800,1491,28285,203,82,535,37633,30847,36315,40123,30681,9685],"42wp_author":[47149],"class_list":["post-21158","post","type-post","status-publish","format-standard","has-post-thumbnail","hentry","category-f1","tag-george-russell","tag-grande-premio","tag-grandepremio","tag-max-verstappen","tag-mercedes","tag-mercedes-f1","tag-mercedes-formula-1","tag-russell","tag-russell-f1","tag-russell-formula-1","tag-russell-na-mercedes","tag-verstappen","42wp_author-bernardo-castro"],"_links":{"self":[{"href":"https:\/\/grandepremio.com\/br\/wp-json\/wp\/v2\/posts\/21158","targetHints":{"allow":["GET"]}}],"collection":[{"href":"https:\/\/grandepremio.com\/br\/wp-json\/wp\/v2\/posts"}],"about":[{"href":"https:\/\/grandepremio.com\/br\/wp-json\/wp\/v2\/types\/post"}],"replies":[{"embeddable":true,"href":"https:\/\/grandepremio.com\/br\/wp-json\/wp\/v2\/comments?post=21158"}],"version-history":[{"count":0,"href":"https:\/\/grandepremio.com\/br\/wp-json\/wp\/v2\/posts\/21158\/revisions"}],"wp:featuredmedia":[{"embeddable":true,"href":"https:\/\/grandepremio.com\/br\/wp-json\/wp\/v2\/media\/1000982121"}],"wp:attachment":[{"href":"https:\/\/grandepremio.com\/br\/wp-json\/wp\/v2\/media?parent=21158"}],"wp:term":[{"taxonomy":"category","embeddable":true,"href":"https:\/\/grandepremio.com\/br\/wp-json\/wp\/v2\/categories?post=21158"},{"taxonomy":"post_tag","embeddable":true,"href":"https:\/\/grandepremio.com\/br\/wp-json\/wp\/v2\/tags?post=21158"},{"taxonomy":"42wp_author","embeddable":true,"href":"https:\/\/grandepremio.com\/br\/wp-json\/wp\/v2\/42wp_author?post=21158"}],"curies":[{"name":"wp","href":"https:\/\/api.w.org\/{rel}","templated":true}]}}