{"id":21162,"date":"2025-06-16T04:45:00","date_gmt":"2025-06-16T07:45:00","guid":{"rendered":"https:\/\/grandepremio.com\/br\/noticias\/pato-oward-reclama-nolan-siegel-apos-cochilo-gateway-deu-chance-ao-kyle-kirkwood\/"},"modified":"2025-06-16T13:32:56","modified_gmt":"2025-06-16T16:32:56","slug":"pato-oward-reclama-nolan-siegel-apos-cochilo-gateway-deu-chance-ao-kyle-kirkwood","status":"publish","type":"post","link":"https:\/\/grandepremio.com\/br\/indy\/pato-oward-reclama-nolan-siegel-apos-cochilo-gateway-deu-chance-ao-kyle-kirkwood\/","title":{"rendered":"O&#8217;Ward reclama de Siegel ap\u00f3s &#8220;cochilo&#8221; em Gateway: &#8220;Deu chance ao Kirkwood&#8221;"},"content":{"rendered":"\n<p class=\"wp-block-paragraph\">O clima na <strong>McLaren<\/strong>, ao menos na noite de <strong>domingo (15)<\/strong>, n\u00e3o foi dos melhores. <strong>Pato O&#8217;Ward<\/strong> reclamou de <strong>Nolan Siegel<\/strong> durante a \u00faltima relargada do <strong>GP de Gateway<\/strong>. Retardat\u00e1rio, o norte-americano acabou atrapalhando o companheiro mexicano, que perdeu a posi\u00e7\u00e3o para <strong>Kyle Kirkwood<\/strong> \u2014 vencedor da corrida.<\/p>\n\n\n\n<p class=\"wp-block-paragraph\">Com uma volta de atraso e relargando logo atr\u00e1s de<strong> Scott Dixon<\/strong>, ent\u00e3o l\u00edder, Siegel n\u00e3o teve uma boa sa\u00edda e impediu O&#8217;Ward de arrancar a toda velocidade naquele momento. Com isso, se tornou presa f\u00e1cil de Kirkwood. Em pista, o mexicano n\u00e3o conseguiu superar o norte-americano depois.<\/p>\n\n\n\n<p class=\"wp-block-paragraph\">J\u00e1 \u00e0 frente de O&#8217;Ward, Kirkwood contou com a chamada perfeita da <strong>Andretti<\/strong> para ir aos boxes e fazer a \u00faltima parada. Depois de todos fazerem o reabastecimento derradeiro, o norte-americano voltou em primeiro e cruzou a linha de chegada com pouco de vantagem sobre Pato e <strong>Christian Rasmussen<\/strong>.<\/p>\n\n\n\n<p class=\"wp-block-paragraph\">\u25b6\ufe0f\u00a0<strong>Inscreva-se nos dois canais do GRANDE PR\u00caMIO no YouTube:\u00a0<a href=\"https:\/\/www.youtube.com\/channel\/UC9OlHEgxoaY6QY6nWPoiqQg?sub_confirmation=1\" target=\"_blank\" rel=\"noreferrer noopener\">GP<\/a>\u00a0|\u00a0<a href=\"https:\/\/www.youtube.com\/channel\/UC9csiS6q_C3C0FYhyr1rnFA?sub_confirmation=1\" target=\"_blank\" rel=\"noreferrer noopener\">GP2<\/a><\/strong><br><strong><a href=\"https:\/\/www.grandepremio.com\/br\/indy\/noticias\/caio-collet-lamenta-vitoria-perdida-gateway-achei-estava-tudo-certo\/\">LEIA MAIS: Collet lamenta vit\u00f3ria perdida em Gateway: \u201cAchei que estava tudo certo\u201d<\/a><\/strong><\/p>\n\n\n\n<figure class=\"wp-block-image size-large\"><img decoding=\"async\" src=\"https:\/\/www.grandepremio.com\/br\/wp-content\/uploads\/2025\/06\/Pato-O_Ward-Bommarito-Automotive-Group-500-By_-Karl-Zemlin_Large-Image-Without-Watermark_m134495-1200x800.jpg\" alt=\"\" class=\"wp-image-982059\"\/><figcaption class=\"wp-element-caption\">Pato O&#8217;Ward (Foto: IndyCar)<\/figcaption><\/figure>\n\n\n\n<p class=\"wp-block-paragraph\">&#8220;Espero que tenha sido um show incr\u00edvel para todos os seus f\u00e3s. \u00c9 fant\u00e1stico voltar a correr \u00e0 noite. Estava muito feliz com o meu carro, mas Nolan estava cochilando um pouco na \u00faltima relargada e acho que isso deu uma oportunidade ao Kirkwood. Poderia ter sido diferente ali, mas, no geral, bons pontos&#8221;, disparou O&#8217;Ward.<\/p>\n\n\n\n<p class=\"wp-block-paragraph\">&#8220;Queria muito ter conseguido\u00a0essa para a equipe Chevy. Estamos sem vit\u00f3rias ao longo do ano, mas vamos continuar tentando. A pr\u00f3xima \u00e9 Road America&#8221;, encerrou O&#8217;Ward.<\/p>\n\n\n\n<p class=\"wp-block-paragraph\">A\u00a0<strong><a href=\"https:\/\/www.grandepremio.com\/formula-indy\/\" target=\"_blank\" rel=\"noreferrer noopener\">Indy<\/a>\u00a0<\/strong>retorna j\u00e1 no pr\u00f3ximo fim de semana, no dia 22, com o\u00a0<strong>GP de\u00a0<a href=\"https:\/\/www.grandepremio.com\/br\/circuito\/road-america\/\" target=\"_blank\" rel=\"noreferrer noopener\">Road America<\/a><\/strong>, que acontece no circuito de Elkhart Lake, localizado no Wisconsin.<\/p>\n\n\n\n<p class=\"wp-block-paragraph\"><\/p>\n","protected":false},"excerpt":{"rendered":"<p>Pato O&#8217;Ward criticou companheiro de McLaren, lamentou n\u00e3o ter vencido em 2025 e j\u00e1 mira a pr\u00f3xima etapa, o GP de Road Am\u00e9rica<\/p>\n","protected":false},"author":0,"featured_media":1000981336,"comment_status":"closed","ping_status":"closed","sticky":false,"template":"","format":"standard","meta":{"42wp_featured_image_caption":"","42wp_featured_image_credits":"","42wp_featured_video":"","42wp_featured_image_hidden":false,"42wp_authors_list":[],"footnotes":""},"categories":[3],"tags":[2980,5012,9828,417,2908,28552,6133,1824,831,14640,796,147,3630,3144,176,26800,39174,180,619,1595,1826,43645,5100,1491,28285,267,35361,2561,2555,93,39054,232,43021,94,4717,1555,4157,3201,34806,1569,90,1782,2140,25714,29784,27380,265,349,1869,1245,733,732,266,321,3133,580],"42wp_author":[47155],"class_list":["post-21162","post","type-post","status-publish","format-standard","has-post-thumbnail","hentry","category-indy","tag-500-milhas-indianapolis","tag-al-unser-jr","tag-alex-palou","tag-andretti","tag-bump-day","tag-calendario-indy","tag-classificacao-indy","tag-conor-daly","tag-dale-coyne","tag-doug-boles","tag-emerson-fittipaldi","tag-f1","tag-f1-2025","tag-felix-rosenqvist","tag-fernando-alonso","tag-fora-2","tag-fora-da-corrida","tag-formula-1","tag-formula-indy","tag-ganassi","tag-gateway","tag-gp-da-gateway","tag-gp-de-monaco","tag-grande-premio","tag-grandepremio","tag-helio-castroneves","tag-horarios-indy","tag-indianapolis","tag-indianapolis-motor-speedway","tag-indy","tag-indy-2025","tag-indy-500","tag-indy-ao-vivo-gratis","tag-indycar","tag-jacob-abel","tag-josef-newgarden","tag-juncos","tag-kyle-larson","tag-lochie-hughes","tag-marcus-ericsson","tag-mclaren","tag-meyer-shank","tag-monaco","tag-nolan-siegel","tag-onde-assistir-indy","tag-pato-oward-3","tag-penske","tag-prema","tag-robert-shwartzman","tag-roger-penske","tag-ryan-briscoe","tag-scott-dixon","tag-scott-mclaughlin","tag-tony-kanaan","tag-will-power","tag-zak-brown","42wp_author-daniel-balsa"],"_links":{"self":[{"href":"https:\/\/grandepremio.com\/br\/wp-json\/wp\/v2\/posts\/21162","targetHints":{"allow":["GET"]}}],"collection":[{"href":"https:\/\/grandepremio.com\/br\/wp-json\/wp\/v2\/posts"}],"about":[{"href":"https:\/\/grandepremio.com\/br\/wp-json\/wp\/v2\/types\/post"}],"replies":[{"embeddable":true,"href":"https:\/\/grandepremio.com\/br\/wp-json\/wp\/v2\/comments?post=21162"}],"version-history":[{"count":0,"href":"https:\/\/grandepremio.com\/br\/wp-json\/wp\/v2\/posts\/21162\/revisions"}],"wp:featuredmedia":[{"embeddable":true,"href":"https:\/\/grandepremio.com\/br\/wp-json\/wp\/v2\/media\/1000981336"}],"wp:attachment":[{"href":"https:\/\/grandepremio.com\/br\/wp-json\/wp\/v2\/media?parent=21162"}],"wp:term":[{"taxonomy":"category","embeddable":true,"href":"https:\/\/grandepremio.com\/br\/wp-json\/wp\/v2\/categories?post=21162"},{"taxonomy":"post_tag","embeddable":true,"href":"https:\/\/grandepremio.com\/br\/wp-json\/wp\/v2\/tags?post=21162"},{"taxonomy":"42wp_author","embeddable":true,"href":"https:\/\/grandepremio.com\/br\/wp-json\/wp\/v2\/42wp_author?post=21162"}],"curies":[{"name":"wp","href":"https:\/\/api.w.org\/{rel}","templated":true}]}}