{"id":21175,"date":"2025-06-15T22:13:34","date_gmt":"2025-06-16T01:13:34","guid":{"rendered":"https:\/\/grandepremio.com\/br\/noticias\/fia-rejeita-protesto-red-bull-mantem-vitoria-george-russell-gp-canada\/"},"modified":"2025-06-15T22:41:25","modified_gmt":"2025-06-16T01:41:25","slug":"fia-rejeita-protesto-red-bull-mantem-vitoria-george-russell-gp-canada","status":"publish","type":"post","link":"https:\/\/grandepremio.com\/br\/f1\/fia-rejeita-protesto-red-bull-mantem-vitoria-george-russell-gp-canada\/","title":{"rendered":"FIA rejeita protesto da Red Bull e mant\u00e9m vit\u00f3ria de Russell no GP do Canad\u00e1"},"content":{"rendered":"\n<p class=\"wp-block-paragraph\">A<strong> Federa\u00e7\u00e3o Internacional de Automobilismo<\/strong> (<strong>FIA<\/strong>) analisou os depoimentos dos envolvidos e rejeitou o protesto da <strong>Red Bull <\/strong>contra <strong>George Russell<\/strong> por condu\u00e7\u00e3o err\u00e1tica atr\u00e1s do safety-car nas voltas finais do <strong>GP do Canad\u00e1,<\/strong> <a href=\"https:\/\/www.grandepremio.com\/br\/f1\/noticias\/george-russell-vence-gp-canada-batida-lando-norris-oscar-piastri-fim-gabriel-bortoleto-14o\/\">realizado neste domingo (15)<\/a>. Com isso, o piloto da <strong>Mercedes <\/strong>mant\u00e9m a vit\u00f3ria.<\/p>\n\n\n\n<p class=\"wp-block-paragraph\">O lance aconteceu depois da batida entre&nbsp;<strong><a href=\"https:\/\/www.grandepremio.com\/br\/piloto\/lando-norris\/\" target=\"_blank\" rel=\"noreferrer noopener\">Lando Norris<\/a>&nbsp;<\/strong>e&nbsp;<strong><a href=\"https:\/\/www.grandepremio.com\/br\/piloto\/oscar-piastri\/\" target=\"_blank\" rel=\"noreferrer noopener\">Oscar Piastri<\/a><\/strong>, a tr\u00eas voltas do fim. Russell vinha ziguezagueando atr\u00e1s do carro de seguran\u00e7a para manter os pneus aquecidos, assim como&nbsp;<strong><a href=\"https:\/\/www.grandepremio.com\/br\/piloto\/max-verstappen\/\" target=\"_blank\" rel=\"noreferrer noopener\">Max Verstappen<\/a><\/strong>, em segundo. Em determinado momento, o neerland\u00eas joga o carro para o lado e quase alinha com George.<\/p>\n\n\n\n<p class=\"wp-block-paragraph\">Ele, ent\u00e3o, reduz a velocidade, obrigando Max a ter de frear bruscamente para n\u00e3o ultrapass\u00e1-lo totalmente. Russell at\u00e9 fala pelo r\u00e1dio que Verstappen \u201co ultrapassou sob safety-car\u201d, mas o lance nem sequer foi anotado pelos comiss\u00e1rios.<\/p>\n\n\n\n<p class=\"wp-block-paragraph\">Chefe da Red Bull, <strong>Christian Horner <\/strong>assumiu que a decis\u00e3o de entrar com o protesto foi inteiramente da equipe, at\u00e9 sem que Verstappen soubesse. Foram, ao todo, duas reclama\u00e7\u00f5es: uma por condu\u00e7\u00e3o irregular atr\u00e1s do safety-car e outro por Russell ter aberto uma dist\u00e2ncia muito maior para o carro de seguran\u00e7a. No entanto, os taurinos voltaram atr\u00e1s no segundo caso alguns momentos depois, pois reconheceram que o <strong>#63<\/strong> da Mercedes estava cumprindo outra regra referente ao limite de velocidade sob bandeira amarela.<\/p>\n\n\n\n\n\n\n\n<p class=\"wp-block-paragraph\">O momento em que Verstappen quase ultrapassa Russell atr\u00e1s do safety-car (V\u00eddeo: Reprodu\u00e7\u00e3o\/F1 TV\/DAZN)<\/p>\n\n\n\n<p class=\"wp-block-paragraph\"><strong>\u25b6\ufe0f<\/strong> <strong>Inscreva-se nos dois canais do GRANDE PR\u00caMIO no YouTube:&nbsp;<a href=\"https:\/\/www.youtube.com\/channel\/UC9OlHEgxoaY6QY6nWPoiqQg?sub_confirmation=1\" target=\"_blank\" rel=\"noreferrer noopener\">GP<\/a>&nbsp;|&nbsp;<a href=\"https:\/\/www.youtube.com\/channel\/UC9csiS6q_C3C0FYhyr1rnFA?sub_confirmation=1\" target=\"_blank\" rel=\"noreferrer noopener\">GP2<\/a><\/strong><br>\u25b6\ufe0f <strong>LEIA TAMB\u00c9M:&nbsp;<a href=\"https:\/\/www.grandepremio.com\/br\/endurance\/wec\/noticias\/af-corse-83-faz-historia-robert-kubica-yifei-ye-philip-hanson-vence-24-horas-le-mans-felipe-nasr-9o\/\">Kubica faz hist\u00f3ria e comanda vit\u00f3ria da Ferrari AF Corse #83 nas 24 Horas de Le Mans<\/a><\/strong><\/p>\n\n\n\n<p class=\"wp-block-paragraph\">De qualquer forma, a FIA chamou os pilotos e demais representantes das equipes \u00e0 sala dos comiss\u00e1rios, que apresentaram as respectivas vers\u00f5es dos fatos. Algumas horas ap\u00f3s a bandeira quadriculada ser agitada no <strong>Circuito Gilles Villeneuve<\/strong>, a entidade finalmente anunciou que havia recusado o protesto, mantendo, com isso, a vit\u00f3ria de Russell.<\/p>\n\n\n\n<p class=\"wp-block-paragraph\"><strong>Tim Malyon<\/strong>, um dos representantes da entidade que rege o esporte a motor, esteve presente no encontro e explicou que &#8220;o incidente havia sido observado pela dire\u00e7\u00e3o de prova e avaliado como n\u00e3o sendo necess\u00e1rio ser reportado aos comiss\u00e1rios&#8221;. Al\u00e9m disso, afirmou que &#8220;freadas peri\u00f3dicas sob o safety-car s\u00e3o t\u00edpicas e esperadas&#8221;.<\/p>\n\n\n\n<p class=\"wp-block-paragraph\">Desta forma, encerrou dizendo que &#8220;o controle da corrida sempre permite um certo grau de toler\u00e2ncia em rela\u00e7\u00e3o \u00e0 regra da dist\u00e2ncia de dez carros, reconhecendo que h\u00e1 necessidade de um n\u00edvel razo\u00e1vel de frenagem e acelera\u00e7\u00e3o&#8221;. Com base nessas informa\u00e7\u00f5es, a FIA divulgou o veredito sobre o caso.<\/p>\n\n\n\n<figure class=\"wp-block-image size-large\"><img decoding=\"async\" src=\"https:\/\/www.grandepremio.com\/br\/wp-content\/uploads\/2025\/06\/canada-2025-f1-corrida-mercedes-george-russell-afp-01-1200x800.jpg\" alt=\"\" class=\"wp-image-981859\"\/><figcaption class=\"wp-element-caption\">FIA manteve a vit\u00f3ria de George Russell no Canad\u00e1 (Foto: AFP)<\/figcaption><\/figure>\n\n\n\n<p class=\"wp-block-paragraph\">&#8220;Levando em considera\u00e7\u00e3o o depoimento de Tim Malyon, aceitamos a explica\u00e7\u00e3o do piloto do carro #63 sobre o incidente e estamos convencidos de que o piloto do carro #63 n\u00e3o conduziu de maneira err\u00e1tica ao frear onde e como o fez. N\u00e3o estamos convencidos de que, ao simplesmente relatar \u00e0 sua equipe que o carro #1 havia feito uma ultrapassagem, ele tenha cometido conduta antidesportiva&#8221;, come\u00e7ou.<\/p>\n\n\n\n<p class=\"wp-block-paragraph\">&#8220;Mesmo que o protesto n\u00e3o tenha alegado isso, tamb\u00e9m estamos convencidos de que, ao frear onde, quando e da forma como o fez, o piloto do carro #63 n\u00e3o cometeu conduta antidesportiva&#8221;, concluiu a FIA.<\/p>\n\n\n\n<p class=\"wp-block-paragraph\">A\u00a0<strong><a href=\"https:\/\/www.grandepremio.com\/br\/f1\/\" target=\"_blank\" rel=\"noreferrer noopener\"><\/a><a href=\"https:\/\/www.grandepremio.com\/br\/f1\/\" target=\"_blank\" rel=\"noreferrer noopener\">F\u00f3rmula 1<\/a><\/strong>\u00a0retorna de\u00a0<strong>27 a 29 de junho<\/strong>, na\u00a0<strong>\u00c1ustria<\/strong>, 11\u00aa etapa da\u00a0<strong>temporada 2025<\/strong>.<\/p>\n\n\n\n<figure class=\"wp-block-embed is-type-video is-provider-youtube wp-block-embed-youtube wp-embed-aspect-16-9 wp-has-aspect-ratio\"><div class=\"wp-block-embed__wrapper\">\n<iframe loading=\"lazy\" title=\"RUSSELL VENCE, &amp;apos;EST\u00daPIDO&amp;apos; NORRIS BATE em PIASTRI: o GP do CANAD\u00c1 de F1 | BRIEFING\" width=\"500\" height=\"281\" src=\"https:\/\/www.youtube.com\/embed\/izrML5hdQTU?feature=oembed\" frameborder=\"0\" allow=\"accelerometer; autoplay; clipboard-write; encrypted-media; gyroscope; picture-in-picture; web-share\" referrerpolicy=\"strict-origin-when-cross-origin\" allowfullscreen><\/iframe>\n<\/div><\/figure>\n","protected":false},"excerpt":{"rendered":"<p>A Red Bull alegou que George Russell pilotou de forma err\u00e1tica atr\u00e1s do safety-car, por\u00e9m a FIA rejeitou o protesto e manteve a vit\u00f3ria do #63 da Mercedes no Circuito Gilles Villeneuve<\/p>\n","protected":false},"author":0,"featured_media":1000982122,"comment_status":"closed","ping_status":"closed","sticky":false,"template":"","format":"standard","meta":{"42wp_featured_image_caption":"","42wp_featured_image_credits":"","42wp_featured_video":"","42wp_featured_image_hidden":false,"42wp_authors_list":[],"footnotes":""},"categories":[2],"tags":[26271,25053,5273,147,3630,103,180,3628,800,14357,39820,1491,28285,30840,203,4486,43846,31785,35129,204,42001],"42wp_author":[47147],"class_list":["post-21175","post","type-post","status-publish","format-standard","has-post-thumbnail","hentry","category-f1","tag-calendario-f1","tag-canada","tag-classificacao-f1","tag-f1","tag-f1-2025","tag-fia","tag-formula-1","tag-formula-1-2025","tag-george-russell","tag-gp-do-canada","tag-gp-do-canada-f1","tag-grande-premio","tag-grandepremio","tag-horarios-f1","tag-max-verstappen","tag-montreal","tag-montreal-2025","tag-montreal-f1","tag-onde-assistir-f1","tag-red-bull","tag-temporada-2025-f1","42wp_author-luana-marino"],"_links":{"self":[{"href":"https:\/\/grandepremio.com\/br\/wp-json\/wp\/v2\/posts\/21175","targetHints":{"allow":["GET"]}}],"collection":[{"href":"https:\/\/grandepremio.com\/br\/wp-json\/wp\/v2\/posts"}],"about":[{"href":"https:\/\/grandepremio.com\/br\/wp-json\/wp\/v2\/types\/post"}],"replies":[{"embeddable":true,"href":"https:\/\/grandepremio.com\/br\/wp-json\/wp\/v2\/comments?post=21175"}],"version-history":[{"count":0,"href":"https:\/\/grandepremio.com\/br\/wp-json\/wp\/v2\/posts\/21175\/revisions"}],"wp:featuredmedia":[{"embeddable":true,"href":"https:\/\/grandepremio.com\/br\/wp-json\/wp\/v2\/media\/1000982122"}],"wp:attachment":[{"href":"https:\/\/grandepremio.com\/br\/wp-json\/wp\/v2\/media?parent=21175"}],"wp:term":[{"taxonomy":"category","embeddable":true,"href":"https:\/\/grandepremio.com\/br\/wp-json\/wp\/v2\/categories?post=21175"},{"taxonomy":"post_tag","embeddable":true,"href":"https:\/\/grandepremio.com\/br\/wp-json\/wp\/v2\/tags?post=21175"},{"taxonomy":"42wp_author","embeddable":true,"href":"https:\/\/grandepremio.com\/br\/wp-json\/wp\/v2\/42wp_author?post=21175"}],"curies":[{"name":"wp","href":"https:\/\/api.w.org\/{rel}","templated":true}]}}