{"id":21179,"date":"2025-06-15T21:02:28","date_gmt":"2025-06-16T00:02:28","guid":{"rendered":"https:\/\/grandepremio.com\/br\/noticias\/yuki-tsunoda-se-ve-direcao-positiva-red-bull-apos-canada-foco-e-ganhar-confianca\/"},"modified":"2025-06-15T21:05:47","modified_gmt":"2025-06-16T00:05:47","slug":"yuki-tsunoda-se-ve-direcao-positiva-red-bull-apos-canada-foco-e-ganhar-confianca","status":"publish","type":"post","link":"https:\/\/grandepremio.com\/br\/f1\/yuki-tsunoda-se-ve-direcao-positiva-red-bull-apos-canada-foco-e-ganhar-confianca\/","title":{"rendered":"Tsunoda se v\u00ea em &#8220;dire\u00e7\u00e3o positiva&#8221; com Red Bull ap\u00f3s Canad\u00e1: &#8220;Foco \u00e9 ganhar confian\u00e7a&#8221;"},"content":{"rendered":"\n<p class=\"wp-block-paragraph\">Na busca por melhores resultados com a <strong>Red Bull<\/strong> na temporada 2025 da <strong>F\u00f3rmula 1<\/strong>, <strong>Yuki Tsunoda<\/strong> at\u00e9 ficou satisfeito com o 12\u00ba lugar conquistado no <strong>GP do Canad\u00e1<\/strong>, <a href=\"https:\/\/www.grandepremio.com\/br\/f1\/noticias\/george-russell-vence-gp-canada-batida-lando-norris-oscar-piastri-fim-gabriel-bortoleto-14o\/\">realizado neste domingo (15)<\/a>. O japon\u00eas voltou a falar das melhorias feitas pela equipe no <strong>RB21<\/strong> e afirmou que j\u00e1 est\u00e1 focado na pr\u00f3xima etapa, o <strong>GP da \u00c1ustria<\/strong>.<\/p>\n\n\n\n<p class=\"wp-block-paragraph\">Ap\u00f3s ser punido com dez posi\u00e7\u00f5es no grid de largada, o dono do <strong>#22<\/strong> viu <strong>Pierre Gasly<\/strong> e <strong>Liam Lawson<\/strong> come\u00e7arem do pit-lane, e, por isso, apostou nos pneus duros para iniciar a prova do 18\u00ba lugar em <strong>Montreal<\/strong>. A tentativa de realizar apenas uma parada nos boxes at\u00e9 ajudou o piloto, mas n\u00e3o foi capaz de faz\u00ea-lo alcan\u00e7ar a zona de pontua\u00e7\u00e3o.<\/p>\n\n\n\n<p class=\"wp-block-paragraph\">&#8220;O ritmo parecia bom hoje, ent\u00e3o conseguimos ganhar algumas posi\u00e7\u00f5es depois de largar em 18\u00ba. Com o pneu m\u00e9dio, fiquei mais tempo no tr\u00e1fego e simplesmente n\u00e3o consegui maximizar o desempenho no ar sujo. O safety-car tamb\u00e9m n\u00e3o entrou no melhor momento para a nossa corrida&#8221;, disse Tsunoda.<\/p>\n\n\n\n<p class=\"wp-block-paragraph\">&#8220;Pelo menos foi uma corrida limpa depois de um dia complicado ontem, e fizemos algumas melhorias e atualiza\u00e7\u00f5es no carro neste fim de semana, ent\u00e3o estamos indo em uma dire\u00e7\u00e3o positiva. Foi o melhor que conseguimos hoje, mas quero mais&#8221;, afirmou.<\/p>\n\n\n\n<figure class=\"wp-block-image size-large\"><img decoding=\"async\" src=\"https:\/\/www.grandepremio.com\/br\/wp-content\/uploads\/2025\/06\/canada-2025-f1-quinta-feira-red-bull-yuki-tsunoda-01-3-1200x816.jpg\" alt=\"\" class=\"wp-image-981100\"\/><figcaption class=\"wp-element-caption\">Yuki Tsunoda saiu do Canad\u00e1 zerado mais uma vez na temporada (Foto: Red Bull Content Pool)<\/figcaption><\/figure>\n\n\n\n<p class=\"wp-block-paragraph\">\u25b6\ufe0f <strong>Inscreva-se nos dois canais do GRANDE PR\u00caMIO no YouTube:\u00a0<a href=\"https:\/\/www.youtube.com\/channel\/UC9OlHEgxoaY6QY6nWPoiqQg?sub_confirmation=1\" target=\"_blank\" rel=\"noreferrer noopener\">GP<\/a>\u00a0|\u00a0<a href=\"https:\/\/www.youtube.com\/channel\/UC9csiS6q_C3C0FYhyr1rnFA?sub_confirmation=1\" target=\"_blank\" rel=\"noreferrer noopener\">GP2<\/a><\/strong><br>\u25b6\ufe0f <strong>OU\u00c7A AGORA:\u00a0<a href=\"https:\/\/www.grandepremio.com\/br\/f1\/noticias\/caprichos-do-destino-e-gp-mais-longo-como-nao-amar-a-f1-no-canada-paddockast-195\/\">Caprichos do destino e GP mais longo: como n\u00e3o amar a F1 no Canad\u00e1 | Paddockast #195<\/a><\/strong><\/p>\n\n\n\n<p class=\"wp-block-paragraph\">&#8220;Estou ansioso para fazer a an\u00e1lise com a equipe, recome\u00e7ar, e depois ir para a \u00c1ustria, que \u00e9 uma pista da qual gosto muito. Meu foco \u00e9 ganhar confian\u00e7a e seguran\u00e7a no carro e, com sorte, conseguir bons resultados na \u00c1ustria, diante da torcida da casa&#8221;, concluiu Tsunoda.<\/p>\n\n\n\n<p class=\"wp-block-paragraph\">A\u00a0<strong><a href=\"https:\/\/www.grandepremio.com\/br\/f1\/\" target=\"_blank\" rel=\"noreferrer noopener\"><\/a><a href=\"https:\/\/www.grandepremio.com\/br\/f1\/\" target=\"_blank\" rel=\"noreferrer noopener\">F\u00f3rmula 1<\/a><\/strong>\u00a0retorna de\u00a0<strong>27 a 29 de junho<\/strong>, na\u00a0<strong>\u00c1ustria<\/strong>, 11\u00aa etapa da\u00a0<strong>temporada 2025<\/strong>.<\/p>\n\n\n\n<figure class=\"wp-block-embed is-type-video is-provider-youtube wp-block-embed-youtube wp-embed-aspect-16-9 wp-has-aspect-ratio\"><div class=\"wp-block-embed__wrapper\">\n<iframe loading=\"lazy\" title=\"RUSSELL VENCE, &amp;apos;EST\u00daPIDO&amp;apos; NORRIS BATE em PIASTRI: o GP do CANAD\u00c1 de F1 | BRIEFING\" width=\"500\" height=\"281\" src=\"https:\/\/www.youtube.com\/embed\/izrML5hdQTU?feature=oembed\" frameborder=\"0\" allow=\"accelerometer; autoplay; clipboard-write; encrypted-media; gyroscope; picture-in-picture; web-share\" referrerpolicy=\"strict-origin-when-cross-origin\" allowfullscreen><\/iframe>\n<\/div><\/figure>\n","protected":false},"excerpt":{"rendered":"<p>12\u00ba colocado no Circuito Gilles Villeneuve, Yuki Tsunoda disse que est\u00e1 ansioso para analisar a corrida com a Red Bull antes de focar inteiramente no GP da \u00c1ustria<\/p>\n","protected":false},"author":0,"featured_media":1000981874,"comment_status":"closed","ping_status":"closed","sticky":false,"template":"","format":"standard","meta":{"42wp_featured_image_caption":"","42wp_featured_image_credits":"","42wp_featured_video":"","42wp_featured_image_hidden":false,"42wp_authors_list":[],"footnotes":""},"categories":[2],"tags":[26271,5273,147,3630,180,3628,14357,39820,1491,28285,30840,4486,43846,31785,35129,204,42001,597],"42wp_author":[47160],"class_list":["post-21179","post","type-post","status-publish","format-standard","has-post-thumbnail","hentry","category-f1","tag-calendario-f1","tag-classificacao-f1","tag-f1","tag-f1-2025","tag-formula-1","tag-formula-1-2025","tag-gp-do-canada","tag-gp-do-canada-f1","tag-grande-premio","tag-grandepremio","tag-horarios-f1","tag-montreal","tag-montreal-2025","tag-montreal-f1","tag-onde-assistir-f1","tag-red-bull","tag-temporada-2025-f1","tag-yuki-tsunoda","42wp_author-vicente-soella"],"_links":{"self":[{"href":"https:\/\/grandepremio.com\/br\/wp-json\/wp\/v2\/posts\/21179","targetHints":{"allow":["GET"]}}],"collection":[{"href":"https:\/\/grandepremio.com\/br\/wp-json\/wp\/v2\/posts"}],"about":[{"href":"https:\/\/grandepremio.com\/br\/wp-json\/wp\/v2\/types\/post"}],"replies":[{"embeddable":true,"href":"https:\/\/grandepremio.com\/br\/wp-json\/wp\/v2\/comments?post=21179"}],"version-history":[{"count":0,"href":"https:\/\/grandepremio.com\/br\/wp-json\/wp\/v2\/posts\/21179\/revisions"}],"wp:featuredmedia":[{"embeddable":true,"href":"https:\/\/grandepremio.com\/br\/wp-json\/wp\/v2\/media\/1000981874"}],"wp:attachment":[{"href":"https:\/\/grandepremio.com\/br\/wp-json\/wp\/v2\/media?parent=21179"}],"wp:term":[{"taxonomy":"category","embeddable":true,"href":"https:\/\/grandepremio.com\/br\/wp-json\/wp\/v2\/categories?post=21179"},{"taxonomy":"post_tag","embeddable":true,"href":"https:\/\/grandepremio.com\/br\/wp-json\/wp\/v2\/tags?post=21179"},{"taxonomy":"42wp_author","embeddable":true,"href":"https:\/\/grandepremio.com\/br\/wp-json\/wp\/v2\/42wp_author?post=21179"}],"curies":[{"name":"wp","href":"https:\/\/api.w.org\/{rel}","templated":true}]}}