{"id":21244,"date":"2025-06-14T21:42:22","date_gmt":"2025-06-15T00:42:22","guid":{"rendered":"https:\/\/grandepremio.com\/br\/noticias\/franco-colapinto-destaca-adaptacao-carro-canada-mais-confortavel-a-vontade\/"},"modified":"2025-06-14T21:43:53","modified_gmt":"2025-06-15T00:43:53","slug":"franco-colapinto-destaca-adaptacao-carro-canada-mais-confortavel-a-vontade","status":"publish","type":"post","link":"https:\/\/grandepremio.com\/br\/f1\/franco-colapinto-destaca-adaptacao-carro-canada-mais-confortavel-a-vontade\/","title":{"rendered":"Colapinto destaca adapta\u00e7\u00e3o ao carro no Canad\u00e1: &#8220;Mais confort\u00e1vel e \u00e0 vontade&#8221;"},"content":{"rendered":"\n<p class=\"wp-block-paragraph\">D\u00e9cimo colocado no grid de largada do <strong>GP do Canad\u00e1<\/strong>, etapa deste fim de semana da <strong>F\u00f3rmula 1<\/strong>, <strong>Franco Colapinto<\/strong> comemorou o progresso feito no processo de adapta\u00e7\u00e3o ao carro da <strong>Alpine<\/strong>. O argentino, inclusive, garantiu que tinha potencial para chegar mais longe, mas lamentou o erro cometido na \u00faltima tentativa de volta r\u00e1pida na <a href=\"https:\/\/www.grandepremio.com\/br\/f1\/noticias\/george-russell-calca-pneus-medios-poe-mercedes-pole-gp-canada-gabriel-bortoleto-16o\/\">classifica\u00e7\u00e3o deste s\u00e1bado (14)<\/a>.<\/p>\n\n\n\n<p class=\"wp-block-paragraph\">Depois de avan\u00e7ar no Q1 com certa tranquilidade, o dono do <strong>#43<\/strong> anotou 1min12s142 como melhor tempo no Q2 \u2014 o suficiente para coloc\u00e1-lo na 12\u00aa posi\u00e7\u00e3o em <strong>Montreal<\/strong>. No entanto, o ex-piloto da <strong>Williams<\/strong> acabou se beneficiando das puni\u00e7\u00f5es de <strong>Yuki Tsunoda<\/strong>, por <a href=\"https:\/\/www.grandepremio.com\/br\/f1\/noticias\/yuki-tsunoda-perde-dez-posicoes-grid-violar-bandeira-vermelha-canada\/\">violar a bandeira vermelha no TL3<\/a>, e de <strong>Isack Hadjar<\/strong>, que <a href=\"https:\/\/www.grandepremio.com\/br\/f1\/noticias\/isack-hadjar-perde-3-posicoes-grid-gp-canada-bloquear-carlos-sainz-classificacao\/\">atrapalhou completamente<\/a> <strong>Carlos Sainz<\/strong>.<\/p>\n\n\n\n<p class=\"wp-block-paragraph\">&#8220;Considerando onde est\u00e1vamos com o carro ontem e nas corridas anteriores, d\u00e1 para dizer que foi um bom resultado e um dia melhor do meu lado da garagem. Estava for\u00e7ando bastante e me senti mais confort\u00e1vel e \u00e0 vontade com o carro&#8221;, disse Colapinto ap\u00f3s a atividade.<\/p>\n\n\n\n<p class=\"wp-block-paragraph\">&#8220;Vendo o qu\u00e3o apertado foi [a disputa], t\u00ednhamos potencial para entrar no Q3. As escolhas de pneus estavam bem variadas no grid e, no meu caso, com o pneu m\u00e9dio tivemos dificuldades nas primeiras curvas, mas recuperamos tempo no restante da volta&#8221;, continuou.<\/p>\n\n\n\n<figure class=\"wp-block-image size-large\"><img decoding=\"async\" src=\"https:\/\/www.grandepremio.com\/br\/wp-content\/uploads\/2025\/05\/espanha-2025-f1-treinos-livres-alpine-franco-colapinto-01-1-1200x800.jpg\" alt=\"\" class=\"wp-image-975685\"\/><figcaption class=\"wp-element-caption\">Franco Colapinto destacou adapta\u00e7\u00e3o ao carro da Alpine (Foto: Alpine)<\/figcaption><\/figure>\n\n\n\n<p class=\"wp-block-paragraph\">\u25b6\ufe0f <strong>Inscreva-se nos dois canais do GRANDE PR\u00caMIO no YouTube:\u00a0<a href=\"https:\/\/www.youtube.com\/channel\/UC9OlHEgxoaY6QY6nWPoiqQg?sub_confirmation=1\" target=\"_blank\" rel=\"noreferrer noopener\">GP<\/a>\u00a0|\u00a0<a href=\"https:\/\/www.youtube.com\/channel\/UC9csiS6q_C3C0FYhyr1rnFA?sub_confirmation=1\" target=\"_blank\" rel=\"noreferrer noopener\">GP2<\/a><\/strong><br>\u25b6\ufe0f <strong>OU\u00c7A AGORA:\u00a0<a href=\"https:\/\/www.grandepremio.com\/br\/f1\/noticias\/caprichos-do-destino-e-gp-mais-longo-como-nao-amar-a-f1-no-canada-paddockast-195\/\">Caprichos do destino e GP mais longo: como n\u00e3o amar a F1 no Canad\u00e1 | Paddockast #195<\/a><\/strong><\/p>\n\n\n\n<p class=\"wp-block-paragraph\">&#8220;Toquei no muro na minha \u00faltima tentativa e perdi um pouco de tempo, por isso pedi desculpas \u00e0 equipe pelo r\u00e1dio. No geral, estou satisfeito com a evolu\u00e7\u00e3o desde ontem. Ainda estou me adaptando \u00e0 equipe e entendendo melhor o que preciso fazer em rela\u00e7\u00e3o ao acerto do carro&#8221;, prosseguiu.<\/p>\n\n\n\n<p class=\"wp-block-paragraph\">&#8220;Fizemos algumas mudan\u00e7as positivas durante a noite e foi um bom trabalho junto com os engenheiros, que t\u00eam me dado muito suporte. Espero que possamos manter esse ritmo amanh\u00e3, especialmente considerando como o carro se comportou nas simula\u00e7\u00f5es de corrida na sexta-feira&#8221;, concluiu Colapinto.<\/p>\n\n\n\n<p class=\"wp-block-paragraph\">A\u00a0<strong><a href=\"https:\/\/www.grandepremio.com\/br\/f1\/\" target=\"_blank\" rel=\"noreferrer noopener\"><\/a><a href=\"https:\/\/www.grandepremio.com\/br\/f1\/\" target=\"_blank\" rel=\"noreferrer noopener\">F\u00f3rmula 1<\/a><\/strong>\u00a0realiza o GP do Canad\u00e1 neste fim de semana, de 13 a 15 de junho, em\u00a0<strong>Montreal<\/strong>, d\u00e9cima etapa da temporada 2025. O\u00a0<strong>GRANDE PR\u00caMIO<\/strong>\u00a0acompanha todas as atividades\u00a0<strong><a href=\"https:\/\/www.grandepremio.com\/br\/f1\/ao-vivo\" target=\"_blank\" rel=\"noreferrer noopener\">AO VIVO E EM\u00a0<\/a><a href=\"https:\/\/www.grandepremio.com\/br\/ao-vivo\/\" target=\"_blank\" rel=\"noreferrer noopener\">TEMPO REAL<\/a><\/strong>, al\u00e9m de classifica\u00e7\u00e3o e corrida em\u00a0<strong><a href=\"https:\/\/www.youtube.com\/@GrandePremio1\/streams\" target=\"_blank\" rel=\"noreferrer noopener\">SEGUNDA TELA no YouTube<\/a><\/strong>, em parceria com a Voz do Esporte. O\u00a0<strong>Briefing<\/strong>\u00a0chega para analisar ap\u00f3s o fim de cada dia de atividades nas redes sociais e na GPTV.<\/p>\n\n\n\n<p class=\"wp-block-paragraph\"><strong>GP do Canad\u00e1\u00a0de F1: veja os hor\u00e1rios em Brasil, Cabo Verde,\u00a0<a href=\"https:\/\/grandepremio.pt\/\" target=\"_blank\" rel=\"noreferrer noopener\">Portugal<\/a>, Angola e Mo\u00e7ambique:<\/strong><\/p>\n\n\n\n<figure class=\"wp-block-table\"><table class=\"has-fixed-layout\"><tbody><tr><td><strong>Sess\u00e3o<\/strong><\/td><td><strong>BRA*<\/strong><\/td><td><strong>CBV<\/strong><\/td><td><strong>POR<\/strong><br><strong>ANG<\/strong><\/td><td><strong>MOZ<\/strong><\/td><\/tr><tr><td>Corrida<\/td><td>15:00<\/td><td>17:00<\/td><td>19:00<\/td><td>20:00<\/td><\/tr><\/tbody><\/table><\/figure>\n\n\n\n<p class=\"wp-block-paragraph\"><em>*Hor\u00e1rios em Bras\u00edlia<\/em><\/p>\n\n\n\n<figure class=\"wp-block-embed is-type-video is-provider-youtube wp-block-embed-youtube wp-embed-aspect-16-9 wp-has-aspect-ratio\"><div class=\"wp-block-embed__wrapper\">\n<iframe loading=\"lazy\" title=\"RUSSELL TIRA POLE de VERSTAPPEN e PIASTRI, BORTOLETO 15\u00ba: CLASSIFICA\u00c7\u00c3O DA F1 no CANAD\u00c1 | BRIEFING\" width=\"500\" height=\"281\" src=\"https:\/\/www.youtube.com\/embed\/WBPtyWlKQZs?feature=oembed\" frameborder=\"0\" allow=\"accelerometer; autoplay; clipboard-write; encrypted-media; gyroscope; picture-in-picture; web-share\" referrerpolicy=\"strict-origin-when-cross-origin\" allowfullscreen><\/iframe>\n<\/div><\/figure>\n","protected":false},"excerpt":{"rendered":"<p>Franco Colapinto parabenizou a Alpine pelas mudan\u00e7as realizadas na A525, destacou ritmo de corrida e disse que est\u00e1 confiante para este domingo (15)<\/p>\n","protected":false},"author":0,"featured_media":1000980484,"comment_status":"closed","ping_status":"closed","sticky":false,"template":"","format":"standard","meta":{"42wp_featured_image_caption":"","42wp_featured_image_credits":"","42wp_featured_video":"","42wp_featured_image_hidden":false,"42wp_authors_list":[],"footnotes":""},"categories":[2],"tags":[20491,26271,5273,147,3630,180,3628,25440,14357,39820,1491,28285,30840,4486,43846,31785,35129,42001],"42wp_author":[47160],"class_list":["post-21244","post","type-post","status-publish","format-standard","has-post-thumbnail","hentry","category-f1","tag-alpine","tag-calendario-f1","tag-classificacao-f1","tag-f1","tag-f1-2025","tag-formula-1","tag-formula-1-2025","tag-franco-colapinto","tag-gp-do-canada","tag-gp-do-canada-f1","tag-grande-premio","tag-grandepremio","tag-horarios-f1","tag-montreal","tag-montreal-2025","tag-montreal-f1","tag-onde-assistir-f1","tag-temporada-2025-f1","42wp_author-vicente-soella"],"_links":{"self":[{"href":"https:\/\/grandepremio.com\/br\/wp-json\/wp\/v2\/posts\/21244","targetHints":{"allow":["GET"]}}],"collection":[{"href":"https:\/\/grandepremio.com\/br\/wp-json\/wp\/v2\/posts"}],"about":[{"href":"https:\/\/grandepremio.com\/br\/wp-json\/wp\/v2\/types\/post"}],"replies":[{"embeddable":true,"href":"https:\/\/grandepremio.com\/br\/wp-json\/wp\/v2\/comments?post=21244"}],"version-history":[{"count":0,"href":"https:\/\/grandepremio.com\/br\/wp-json\/wp\/v2\/posts\/21244\/revisions"}],"wp:featuredmedia":[{"embeddable":true,"href":"https:\/\/grandepremio.com\/br\/wp-json\/wp\/v2\/media\/1000980484"}],"wp:attachment":[{"href":"https:\/\/grandepremio.com\/br\/wp-json\/wp\/v2\/media?parent=21244"}],"wp:term":[{"taxonomy":"category","embeddable":true,"href":"https:\/\/grandepremio.com\/br\/wp-json\/wp\/v2\/categories?post=21244"},{"taxonomy":"post_tag","embeddable":true,"href":"https:\/\/grandepremio.com\/br\/wp-json\/wp\/v2\/tags?post=21244"},{"taxonomy":"42wp_author","embeddable":true,"href":"https:\/\/grandepremio.com\/br\/wp-json\/wp\/v2\/42wp_author?post=21244"}],"curies":[{"name":"wp","href":"https:\/\/api.w.org\/{rel}","templated":true}]}}