{"id":21259,"date":"2025-06-14T19:34:26","date_gmt":"2025-06-14T22:34:26","guid":{"rendered":"https:\/\/grandepremio.com\/br\/noticias\/ferrari-diz-volta-charles-leclerc-canada-prejudicada-vinha-0s1-melhor-george-russell\/"},"modified":"2025-06-14T20:08:46","modified_gmt":"2025-06-14T23:08:46","slug":"ferrari-diz-volta-charles-leclerc-canada-prejudicada-vinha-0s1-melhor-george-russell","status":"publish","type":"post","link":"https:\/\/grandepremio.com\/br\/f1\/ferrari-diz-volta-charles-leclerc-canada-prejudicada-vinha-0s1-melhor-george-russell\/","title":{"rendered":"Ferrari diz que volta de Leclerc no Canad\u00e1 foi &#8220;prejudicada&#8221;: &#8220;Vinha 0s1 melhor que Russell&#8221;"},"content":{"rendered":"\n<p class=\"wp-block-paragraph\">A <strong>Ferrari <\/strong>deixou <a href=\"https:\/\/www.grandepremio.com\/br\/f1\/noticias\/george-russell-calca-pneus-medios-poe-mercedes-pole-gp-canada-gabriel-bortoleto-16o\/\">a classifica\u00e7\u00e3o<\/a> do <strong>GP do Canad\u00e1<\/strong> sem esconder a frustra\u00e7\u00e3o pelo oitavo lugar de <strong>Charles Leclerc <\/strong>no grid. Na vis\u00e3o do chefe, <strong>Fr\u00e9d\u00e9ric Vasseur<\/strong>, o monegasco acabou prejudicado pelo tr\u00e1fego e acabou &#8220;perdendo a concentra\u00e7\u00e3o&#8221; no momento em que vinha mais r\u00e1pido do que <strong>George Russell<\/strong>, que terminou com a pole, no setor 1 da pista.<\/p>\n\n\n\n<p class=\"wp-block-paragraph\">Leclerc acabou perdendo, ao todo, 0s7 comparado a Russell, que assegurou a ponta do grid com 1min10s899. Aos jornalistas presentes em <strong>Montreal<\/strong>, Vasseur admitiu que vai ser preciso muito trabalho para recuperar o terreno na corrida.<\/p>\n\n\n\n<p class=\"wp-block-paragraph\">&#8220;H\u00e1 uma certa frustra\u00e7\u00e3o porque, at\u00e9 a curva 6, Leclerc era 0s1 mais r\u00e1pido que Russell, e terminar em oitavo \u00e9 uma pena&#8221;, come\u00e7ou. &#8220;Ele foi prejudicado pelo carro que estava \u00e0 sua frente, com o ar sujo, e tamb\u00e9m perdeu a concentra\u00e7\u00e3o. Mas \u00e9 isso, temos de tirar os pontos positivos dessa sess\u00e3o&#8221;, acrescentou.<\/p>\n\n\n\n<p class=\"wp-block-paragraph\">&#8220;Come\u00e7amos com pneus novos e fomos bem. Reagimos bem depois da sexta-feira e lutamos pela pole. <strong>Lewis <\/strong>[<strong>Hamilton<\/strong>] terminou em quinto e teve uma boa sess\u00e3o&#8221;, completou o l\u00edder da Ferrari.<\/p>\n\n\n\n<figure class=\"wp-block-image size-large\"><img decoding=\"async\" src=\"https:\/\/www.grandepremio.com\/br\/wp-content\/uploads\/2024\/02\/foto-bahraincircuit-frederic-vasseur-day2-f1-testing-2024-1-1024x682.jpg\" alt=\"\" class=\"wp-image-779513\"\/><figcaption class=\"wp-element-caption\">Fr\u00e9d\u00e9ric Vasseur lamentou o tr\u00e1fego na volta de Leclerc (Foto: Ferrari)<\/figcaption><\/figure>\n\n\n\n<p class=\"wp-block-paragraph\">&#8220;Em Montreal, voc\u00ea pode ultrapassar, e o ritmo \u00e9 forte em stints longos. O ritmo de Charles nesta manh\u00e3, no treino livre 3, foi muito bom, assim como o de Lewis. Precisamos nos esfor\u00e7ar para recuperar o atraso&#8221;, encerrou Vasseur.<\/p>\n\n\n\n<p class=\"wp-block-paragraph\">A&nbsp;<strong><a href=\"https:\/\/www.grandepremio.com\/br\/f1\/\" target=\"_blank\" rel=\"noreferrer noopener\"><\/a><a href=\"https:\/\/www.grandepremio.com\/br\/f1\/\" target=\"_blank\" rel=\"noreferrer noopener\">F\u00f3rmula 1<\/a><\/strong>&nbsp;realiza o GP do Canad\u00e1 neste fim de semana, de 13 a 15 de junho, em&nbsp;<strong>Montreal<\/strong>, d\u00e9cima etapa da temporada 2025. O&nbsp;<strong>GRANDE PR\u00caMIO<\/strong>&nbsp;acompanha todas as atividades&nbsp;<strong><a href=\"https:\/\/www.grandepremio.com\/br\/f1\/ao-vivo\" target=\"_blank\" rel=\"noreferrer noopener\">AO VIVO E EM&nbsp;<\/a><a href=\"https:\/\/www.grandepremio.com\/br\/ao-vivo\/\" target=\"_blank\" rel=\"noreferrer noopener\">TEMPO REAL<\/a><\/strong>, al\u00e9m de classifica\u00e7\u00e3o e corrida em&nbsp;<strong><a href=\"https:\/\/www.youtube.com\/@GrandePremio1\/streams\" target=\"_blank\" rel=\"noreferrer noopener\">SEGUNDA TELA no YouTube<\/a><\/strong>, em parceria com a Voz do Esporte. O&nbsp;<strong>Briefing<\/strong>&nbsp;chega para analisar ap\u00f3s o fim de cada dia de atividades nas redes sociais e na GPTV.<\/p>\n\n\n\n<p class=\"wp-block-paragraph\"><strong>GP do Canad\u00e1&nbsp;de F1: veja os hor\u00e1rios em Brasil, Cabo Verde,&nbsp;<a href=\"https:\/\/grandepremio.pt\/\" target=\"_blank\" rel=\"noreferrer noopener\">Portugal<\/a>, Angola e Mo\u00e7ambique:<\/strong><\/p>\n\n\n\n<figure class=\"wp-block-table\"><table class=\"has-fixed-layout\"><tbody><tr><td><strong>Sess\u00e3o<\/strong><\/td><td><strong>BRA*<\/strong><\/td><td><strong>CBV<\/strong><\/td><td><strong>POR<\/strong><br><strong>ANG<\/strong><\/td><td><strong>MOZ<\/strong><\/td><\/tr><tr><td>Corrida<\/td><td>15:00<\/td><td>17:00<\/td><td>19:00<\/td><td>20:00<\/td><\/tr><\/tbody><\/table><\/figure>\n\n\n\n<p class=\"wp-block-paragraph\"><em>*Hor\u00e1rios em Bras\u00edlia<\/em><\/p>\n\n\n\n<figure class=\"wp-block-embed is-type-video is-provider-youtube wp-block-embed-youtube wp-embed-aspect-16-9 wp-has-aspect-ratio\"><div class=\"wp-block-embed__wrapper\">\n<iframe loading=\"lazy\" title=\"RUSSELL TIRA POLE de VERSTAPPEN e PIASTRI, BORTOLETO 15\u00ba: CLASSIFICA\u00c7\u00c3O DA F1 no CANAD\u00c1 | BRIEFING\" width=\"500\" height=\"281\" src=\"https:\/\/www.youtube.com\/embed\/WBPtyWlKQZs?feature=oembed\" frameborder=\"0\" allow=\"accelerometer; autoplay; clipboard-write; encrypted-media; gyroscope; picture-in-picture; web-share\" referrerpolicy=\"strict-origin-when-cross-origin\" allowfullscreen><\/iframe>\n<\/div><\/figure>\n","protected":false},"excerpt":{"rendered":"<p>Chefe da Ferrari, Fr\u00e9d\u00e9ric Vasseur destacou ainda que o ritmo de corrida de Leclerc se mostrou forte no TL3, portanto aposta em chance de recupera\u00e7\u00e3o no Canad\u00e1<\/p>\n","protected":false},"author":0,"featured_media":1000981042,"comment_status":"closed","ping_status":"closed","sticky":false,"template":"","format":"standard","meta":{"42wp_featured_image_caption":"","42wp_featured_image_credits":"","42wp_featured_video":"","42wp_featured_image_hidden":false,"42wp_authors_list":[],"footnotes":""},"categories":[2],"tags":[26271,25053,209,5273,147,3630,207,180,3628,1322,14357,39820,1491,28285,30840,4486,43846,31785,35129,42001],"42wp_author":[47147],"class_list":["post-21259","post","type-post","status-publish","format-standard","has-post-thumbnail","hentry","category-f1","tag-calendario-f1","tag-canada","tag-charles-leclerc","tag-classificacao-f1","tag-f1","tag-f1-2025","tag-ferrari","tag-formula-1","tag-formula-1-2025","tag-frederic-vasseur","tag-gp-do-canada","tag-gp-do-canada-f1","tag-grande-premio","tag-grandepremio","tag-horarios-f1","tag-montreal","tag-montreal-2025","tag-montreal-f1","tag-onde-assistir-f1","tag-temporada-2025-f1","42wp_author-luana-marino"],"_links":{"self":[{"href":"https:\/\/grandepremio.com\/br\/wp-json\/wp\/v2\/posts\/21259","targetHints":{"allow":["GET"]}}],"collection":[{"href":"https:\/\/grandepremio.com\/br\/wp-json\/wp\/v2\/posts"}],"about":[{"href":"https:\/\/grandepremio.com\/br\/wp-json\/wp\/v2\/types\/post"}],"replies":[{"embeddable":true,"href":"https:\/\/grandepremio.com\/br\/wp-json\/wp\/v2\/comments?post=21259"}],"version-history":[{"count":0,"href":"https:\/\/grandepremio.com\/br\/wp-json\/wp\/v2\/posts\/21259\/revisions"}],"wp:featuredmedia":[{"embeddable":true,"href":"https:\/\/grandepremio.com\/br\/wp-json\/wp\/v2\/media\/1000981042"}],"wp:attachment":[{"href":"https:\/\/grandepremio.com\/br\/wp-json\/wp\/v2\/media?parent=21259"}],"wp:term":[{"taxonomy":"category","embeddable":true,"href":"https:\/\/grandepremio.com\/br\/wp-json\/wp\/v2\/categories?post=21259"},{"taxonomy":"post_tag","embeddable":true,"href":"https:\/\/grandepremio.com\/br\/wp-json\/wp\/v2\/tags?post=21259"},{"taxonomy":"42wp_author","embeddable":true,"href":"https:\/\/grandepremio.com\/br\/wp-json\/wp\/v2\/42wp_author?post=21259"}],"curies":[{"name":"wp","href":"https:\/\/api.w.org\/{rel}","templated":true}]}}