{"id":21260,"date":"2025-06-14T19:31:30","date_gmt":"2025-06-14T22:31:30","guid":{"rendered":"https:\/\/grandepremio.com\/br\/noticias\/charles-leclerc-se-diz-frustrado-erro-canada-isenta-isack-hadjar-nao-fez-nada-errado\/"},"modified":"2025-06-14T20:06:26","modified_gmt":"2025-06-14T23:06:26","slug":"charles-leclerc-se-diz-frustrado-erro-canada-isenta-isack-hadjar-nao-fez-nada-errado","status":"publish","type":"post","link":"https:\/\/grandepremio.com\/br\/f1\/charles-leclerc-se-diz-frustrado-erro-canada-isenta-isack-hadjar-nao-fez-nada-errado\/","title":{"rendered":"Leclerc se diz &#8220;frustrado&#8221; com erro no Canad\u00e1 e isenta Hadjar: &#8220;N\u00e3o fez nada de errado&#8221;"},"content":{"rendered":"\n<p class=\"wp-block-paragraph\">Oitavo colocado no grid de largada do <strong>GP do Canad\u00e1<\/strong>, <strong>Charles Leclerc<\/strong> voltou atr\u00e1s, isentou <strong>Isack Hadjar<\/strong> e admitiu que um &#8220;erro simples&#8221; acabou com as chances de brigar pela pole-position. Apesar do resultado aqu\u00e9m do esperado, o monegasco deixou claro que o desempenho do carro da <strong>Ferrari<\/strong> estava &#8220;extremamente bom&#8221; durante <a href=\"https:\/\/www.grandepremio.com\/br\/f1\/noticias\/george-russell-calca-pneus-medios-poe-mercedes-pole-gp-canada-gabriel-bortoleto-16o\/\">a classifica\u00e7\u00e3o deste s\u00e1bado (14)<\/a>.<\/p>\n\n\n\n<p class=\"wp-block-paragraph\">Depois de bater logo no TL1 e ter de ficar de fora do TL2, o <strong>#16<\/strong> voltou mais forte e encerrou a \u00faltima sess\u00e3o de treinos na segunda posi\u00e7\u00e3o. Algumas horas depois, na atividade que definiu as posi\u00e7\u00f5es iniciais no <strong>Circuito Gilles Villeneuve<\/strong>, acabou cometendo um erro no momento em que completava uma boa volta, que o colocaria na briga contra os ponteiros.<\/p>\n\n\n\n<p class=\"wp-block-paragraph\">Ap\u00f3s o ocorrido, em conversa com o engenheiro de corrida, Leclerc culpou Hadjar, que vinha logo \u00e0 frente, por t\u00ea-lo atrapalhado, dizendo que virou v\u00edtima do ar sujo do piloto da <strong>Racing Bulls<\/strong> e, por isso, perdeu o controle da <strong>SF-25<\/strong>. Por\u00e9m, de cabe\u00e7a mais fria, foi questionado pela emissora francesa <em>Canal+<\/em> sobre o incidente e isentou o novato de qualquer responsabilidade, afirmando que foi um &#8220;erro simples&#8221; da sua parte.<\/p>\n\n\n\n<p class=\"wp-block-paragraph\">&#8220;Se fui atrapalhado pelo Hadjar? Essa n\u00e3o \u00e9 a palavra certa&#8221;, admitiu. &#8220;Ele n\u00e3o fez nada de errado, mas com esses carros e o ar sujo, voc\u00ea perde toda a carga aerodin\u00e2mica, e perdi a traseira na curva 6. Estou muito frustrado porque est\u00e1vamos lutando pela pole. A sensa\u00e7\u00e3o era extremamente boa&#8221;, lamentou.<\/p>\n\n\n\n<figure class=\"wp-block-image size-large\"><img decoding=\"async\" src=\"https:\/\/www.grandepremio.com\/br\/wp-content\/uploads\/2025\/06\/canada-2025-f1-classificacao-ferrari-charles-leclerc-01-1200x752.jpg\" alt=\"\" class=\"wp-image-981275\"\/><figcaption class=\"wp-element-caption\">Charles Leclerc cometeu um erro na \u00faltima tentativa de volta r\u00e1pida (Foto: Ferrari)<\/figcaption><\/figure>\n\n\n\n<p class=\"wp-block-paragraph\">\u25b6\ufe0f <strong>Inscreva-se nos dois canais do GRANDE PR\u00caMIO no YouTube:\u00a0<a href=\"https:\/\/www.youtube.com\/channel\/UC9OlHEgxoaY6QY6nWPoiqQg?sub_confirmation=1\" target=\"_blank\" rel=\"noreferrer noopener\">GP<\/a>\u00a0|\u00a0<a href=\"https:\/\/www.youtube.com\/channel\/UC9csiS6q_C3C0FYhyr1rnFA?sub_confirmation=1\" target=\"_blank\" rel=\"noreferrer noopener\">GP2<\/a><\/strong><br>\u25b6\ufe0f <strong>OU\u00c7A AGORA:\u00a0<a href=\"https:\/\/www.grandepremio.com\/br\/f1\/noticias\/caprichos-do-destino-e-gp-mais-longo-como-nao-amar-a-f1-no-canada-paddockast-195\/\">Caprichos do destino e GP mais longo: como n\u00e3o amar a F1 no Canad\u00e1 | Paddockast #195<\/a><\/strong><\/p>\n\n\n\n<p class=\"wp-block-paragraph\">&#8220;Estou muito frustrado. Acho que hoje o carro estava realmente bom e que n\u00e3o conseguimos aproveitar isso ao m\u00e1ximo&#8221;, concluiu Leclerc.<\/p>\n\n\n\n<p class=\"wp-block-paragraph\">A\u00a0<strong><a href=\"https:\/\/www.grandepremio.com\/br\/f1\/\" target=\"_blank\" rel=\"noreferrer noopener\"><\/a><a href=\"https:\/\/www.grandepremio.com\/br\/f1\/\" target=\"_blank\" rel=\"noreferrer noopener\">F\u00f3rmula 1<\/a><\/strong>\u00a0realiza o GP do Canad\u00e1 neste fim de semana, de 13 a 15 de junho, em\u00a0<strong>Montreal<\/strong>, d\u00e9cima etapa da temporada 2025. O\u00a0<strong>GRANDE PR\u00caMIO<\/strong>\u00a0acompanha todas as atividades\u00a0<strong><a href=\"https:\/\/www.grandepremio.com\/br\/f1\/ao-vivo\" target=\"_blank\" rel=\"noreferrer noopener\">AO VIVO E EM\u00a0<\/a><a href=\"https:\/\/www.grandepremio.com\/br\/ao-vivo\/\" target=\"_blank\" rel=\"noreferrer noopener\">TEMPO REAL<\/a><\/strong>, al\u00e9m de classifica\u00e7\u00e3o e corrida em\u00a0<strong><a href=\"https:\/\/www.youtube.com\/@GrandePremio1\/streams\" target=\"_blank\" rel=\"noreferrer noopener\">SEGUNDA TELA no YouTube<\/a><\/strong>, em parceria com a Voz do Esporte. O\u00a0<strong>Briefing<\/strong>\u00a0chega para analisar ap\u00f3s o fim de cada dia de atividades nas redes sociais e na GPTV.<\/p>\n\n\n\n<p class=\"wp-block-paragraph\"><strong>GP do Canad\u00e1\u00a0de F1: veja os hor\u00e1rios em Brasil, Cabo Verde,\u00a0<a href=\"https:\/\/grandepremio.pt\/\" target=\"_blank\" rel=\"noreferrer noopener\">Portugal<\/a>, Angola e Mo\u00e7ambique:<\/strong><\/p>\n\n\n\n<figure class=\"wp-block-table\"><table class=\"has-fixed-layout\"><tbody><tr><td><strong>Sess\u00e3o<\/strong><\/td><td><strong>BRA*<\/strong><\/td><td><strong>CBV<\/strong><\/td><td><strong>POR<\/strong><br><strong>ANG<\/strong><\/td><td><strong>MOZ<\/strong><\/td><\/tr><tr><td>Corrida<\/td><td>15:00<\/td><td>17:00<\/td><td>19:00<\/td><td>20:00<\/td><\/tr><\/tbody><\/table><\/figure>\n\n\n\n<p class=\"wp-block-paragraph\"><em>*Hor\u00e1rios em Bras\u00edlia<\/em><\/p>\n\n\n\n<figure class=\"wp-block-embed is-type-video is-provider-youtube wp-block-embed-youtube wp-embed-aspect-16-9 wp-has-aspect-ratio\"><div class=\"wp-block-embed__wrapper\">\n<iframe loading=\"lazy\" title=\"RUSSELL TIRA POLE de VERSTAPPEN e PIASTRI, BORTOLETO 15\u00ba: CLASSIFICA\u00c7\u00c3O DA F1 no CANAD\u00c1 | BRIEFING\" width=\"500\" height=\"281\" src=\"https:\/\/www.youtube.com\/embed\/WBPtyWlKQZs?feature=oembed\" frameborder=\"0\" allow=\"accelerometer; autoplay; clipboard-write; encrypted-media; gyroscope; picture-in-picture; web-share\" referrerpolicy=\"strict-origin-when-cross-origin\" allowfullscreen><\/iframe>\n<\/div><\/figure>\n","protected":false},"excerpt":{"rendered":"<p>Charles Leclerc ainda lamentou o fato de &#8220;n\u00e3o ter conseguido aproveitar ao m\u00e1ximo&#8221; o bom ritmo da Ferrari durante a classifica\u00e7\u00e3o em Montreal<\/p>\n","protected":false},"author":0,"featured_media":1000981501,"comment_status":"closed","ping_status":"closed","sticky":false,"template":"","format":"standard","meta":{"42wp_featured_image_caption":"","42wp_featured_image_credits":"","42wp_featured_video":"","42wp_featured_image_hidden":false,"42wp_authors_list":[],"footnotes":""},"categories":[2],"tags":[26271,209,5273,147,3630,207,180,3628,14357,39820,1491,28285,30840,28104,4486,43846,31785,35129,42001],"42wp_author":[47160],"class_list":["post-21260","post","type-post","status-publish","format-standard","has-post-thumbnail","hentry","category-f1","tag-calendario-f1","tag-charles-leclerc","tag-classificacao-f1","tag-f1","tag-f1-2025","tag-ferrari","tag-formula-1","tag-formula-1-2025","tag-gp-do-canada","tag-gp-do-canada-f1","tag-grande-premio","tag-grandepremio","tag-horarios-f1","tag-isack-hadjar","tag-montreal","tag-montreal-2025","tag-montreal-f1","tag-onde-assistir-f1","tag-temporada-2025-f1","42wp_author-vicente-soella"],"_links":{"self":[{"href":"https:\/\/grandepremio.com\/br\/wp-json\/wp\/v2\/posts\/21260","targetHints":{"allow":["GET"]}}],"collection":[{"href":"https:\/\/grandepremio.com\/br\/wp-json\/wp\/v2\/posts"}],"about":[{"href":"https:\/\/grandepremio.com\/br\/wp-json\/wp\/v2\/types\/post"}],"replies":[{"embeddable":true,"href":"https:\/\/grandepremio.com\/br\/wp-json\/wp\/v2\/comments?post=21260"}],"version-history":[{"count":0,"href":"https:\/\/grandepremio.com\/br\/wp-json\/wp\/v2\/posts\/21260\/revisions"}],"wp:featuredmedia":[{"embeddable":true,"href":"https:\/\/grandepremio.com\/br\/wp-json\/wp\/v2\/media\/1000981501"}],"wp:attachment":[{"href":"https:\/\/grandepremio.com\/br\/wp-json\/wp\/v2\/media?parent=21260"}],"wp:term":[{"taxonomy":"category","embeddable":true,"href":"https:\/\/grandepremio.com\/br\/wp-json\/wp\/v2\/categories?post=21260"},{"taxonomy":"post_tag","embeddable":true,"href":"https:\/\/grandepremio.com\/br\/wp-json\/wp\/v2\/tags?post=21260"},{"taxonomy":"42wp_author","embeddable":true,"href":"https:\/\/grandepremio.com\/br\/wp-json\/wp\/v2\/42wp_author?post=21260"}],"curies":[{"name":"wp","href":"https:\/\/api.w.org\/{rel}","templated":true}]}}