{"id":21287,"date":"2025-06-14T10:11:20","date_gmt":"2025-06-14T13:11:20","guid":{"rendered":"https:\/\/grandepremio.com\/br\/noticias\/mclaren-apresenta-prototipo-lmdh-temporada-2027-wec-le-mans\/"},"modified":"2025-06-14T10:37:25","modified_gmt":"2025-06-14T13:37:25","slug":"mclaren-apresenta-prototipo-lmdh-temporada-2027-wec-le-mans","status":"publish","type":"post","link":"https:\/\/grandepremio.com\/br\/endurance\/wec\/mclaren-apresenta-prototipo-lmdh-temporada-2027-wec-le-mans\/","title":{"rendered":"McLaren apresenta prot\u00f3tipo LMDh para temporada 2027 do WEC em Le Mans"},"content":{"rendered":"\n<p class=\"wp-block-paragraph\">Na manh\u00e3 deste s\u00e1bado (14), a <strong>McLaren <\/strong>revelou como ser\u00e1 o prot\u00f3tipo <strong>LMDh <\/strong>que vai correr no <strong>Mundial de Endurance<\/strong> (<strong>WEC<\/strong>) a partir da temporada 2027. Ainda sem divulgar o nome do carro, a marca exp\u00f4s uma primeira vers\u00e3o do hipercarro no <strong>Circuito de La Sarthe<\/strong> horas antes do in\u00edcio das <strong>24 Horas de Le Mans de 2025<\/strong>, que marcam os 30 anos da primeira e \u00fanica vit\u00f3ria da equipe na prova. <\/p>\n\n\n\n<p class=\"wp-block-paragraph\">O carro foi exposto na \u00e1rea destinada \u00e0s montadoras em Le Mans, como j\u00e1 era esperado. No momento da revela\u00e7\u00e3o, estiveram presentes <strong>Richard Dean<\/strong>, ex-piloto e um dos donos da <strong>United Autosports<\/strong>, e <strong>Zak Brown<\/strong>, CEO da marca brit\u00e2nica.<\/p>\n\n\n\n<p class=\"wp-block-paragraph\">Nesta \u00faltima sexta-feira (13), em coletiva de imprensa em Le Mans, a <a href=\"https:\/\/www.grandepremio.com\/br\/endurance\/wec\/noticias\/mclaren-confirma-james-barclay-chefe-parcerias-united-dallara-wec-2027\/\">McLaren fez uma s\u00e9rie de an\u00fancios<\/a> a respeito do novo projeto do WEC. Al\u00e9m de confirmar a parceria j\u00e1 esperada com a United Autosports na classe principal, tamb\u00e9m nomeou <strong>James Barclay<\/strong>, atualmente na <strong>Jaguar<\/strong>, na <strong>F\u00f3rmula E<\/strong>, como chefe da equipe e revelou que a <strong>Dallara <\/strong>ser\u00e1 a fornecedora de chassis do time. <\/p>\n\n\n\n<p class=\"wp-block-paragraph\">Atualmente,\u00a0<strong>BMW\u00a0<\/strong>e\u00a0<strong>Cadillac\u00a0<\/strong>tamb\u00e9m utilizam o equipamento italiano na classe principal do WEC. Em rela\u00e7\u00e3o ao motor, a produ\u00e7\u00e3o ficar\u00e1 por conta da pr\u00f3pria McLaren \u2014 que vai fabricar um\u00a0<strong>V6 biturbo<\/strong>.<\/p>\n\n\n\n<figure class=\"wp-block-image size-large\"><img decoding=\"async\" src=\"https:\/\/www.grandepremio.com\/br\/wp-content\/uploads\/2025\/06\/McLaren-WEC-2025-Le-Mans-3-1200x800.jpg\" alt=\"\" class=\"wp-image-980902\"\/><figcaption class=\"wp-element-caption\">Primeiras imagens do prot\u00f3tipo LMDh da McLaren (Foto: Julien Delfosse\/DPPI)<\/figcaption><\/figure>\n\n\n\n<p class=\"wp-block-paragraph\">A opera\u00e7\u00e3o da equipe, como dito, ficar\u00e1 a cargo da United Autosports, parceira de longa data da McLaren e de co-propriedade de\u00a0Zak Brown. O time americano j\u00e1 opera os carros da montadora na classe\u00a0<strong>LMGT3\u00a0<\/strong>do WEC e na\u00a0<strong>Euopean Le Mans Series<\/strong>\u00a0(ELMS), mas vai estender a parceria tamb\u00e9m para os\u00a0<strong>hipercarros<\/strong>.<\/p>\n\n\n\n<p class=\"wp-block-paragraph\">Por fim, o sul-africano\u00a0<strong>James Barclay<\/strong>\u00a0foi confirmado como chefe da equipe e vai assumir o cargo a partir de setembro. Antes disso, o dirigente vai finalizar a temporada da\u00a0F\u00f3rmula E, pela qual segue atuando como chefe da\u00a0<strong>Jaguar<\/strong>. No entanto, a sa\u00edda do posto ao fim do campeonato j\u00e1 fora confirmada h\u00e1 algum tempo.<\/p>\n\n\n\n\n\n\n\n<p class=\"wp-block-paragraph\">Neste s\u00e1bado,\u00a0o <strong>GRANDE PR\u00caMIO<\/strong>\u00a0transmite as <strong>24 Horas de Le Mans<\/strong> <strong>AO VIVO<\/strong>\u00a0e\u00a0<strong>COM IMAGENS<\/strong>, na \u00edntegra, no\u00a0<strong>YouTube\u00a0<\/strong>e na\u00a0<strong>GPTV<\/strong>. O in\u00edcio da\u00a0<a href=\"https:\/\/formula1aovivo.com\/\" target=\"_blank\" rel=\"noreferrer noopener\">transmiss\u00e3o<\/a>\u00a0est\u00e1 marcado para as\u00a0<strong>9h45 <\/strong>(hor\u00e1rio de Bras\u00edlia).<\/p>\n\n\n\n<p class=\"wp-block-paragraph\">\u25b6\ufe0f&nbsp;<strong>Inscreva-se nos dois canais do GRANDE PR\u00caMIO no YouTube:&nbsp;<a href=\"https:\/\/www.youtube.com\/channel\/UC9OlHEgxoaY6QY6nWPoiqQg?sub_confirmation=1\" target=\"_blank\" rel=\"noreferrer noopener\">GP<\/a>&nbsp;|&nbsp;<a href=\"https:\/\/www.youtube.com\/channel\/UC9csiS6q_C3C0FYhyr1rnFA?sub_confirmation=1\" target=\"_blank\" rel=\"noreferrer noopener\">GP2<\/a><\/strong><\/p>\n\n\n\n<figure class=\"wp-block-embed is-type-video is-provider-youtube wp-block-embed-youtube wp-embed-aspect-4-3 wp-has-aspect-ratio\"><div class=\"wp-block-embed__wrapper\">\n<iframe loading=\"lazy\" title=\"24H DE LE MANS COM IMAGENS | CORRIDA PARTE 1 (10:00-19:00) | 4\u00aa ETAPA |  FIA WEC 2025\" width=\"500\" height=\"281\" src=\"https:\/\/www.youtube.com\/embed\/gIHwpnf20mI?feature=oembed\" frameborder=\"0\" allow=\"accelerometer; autoplay; clipboard-write; encrypted-media; gyroscope; picture-in-picture; web-share\" referrerpolicy=\"strict-origin-when-cross-origin\" allowfullscreen><\/iframe>\n<\/div><\/figure>\n","protected":false},"excerpt":{"rendered":"<p>Depois de oficializar a parceria com a United Autosports na classe hipercarro em 2027, a McLaren revelou ao mundo como ser\u00e1 o prot\u00f3tipo LMDh que correr\u00e1 no WEC<\/p>\n","protected":false},"author":0,"featured_media":1000980903,"comment_status":"closed","ping_status":"closed","sticky":false,"template":"","format":"standard","meta":{"42wp_featured_image_caption":"","42wp_featured_image_credits":"","42wp_featured_video":"","42wp_featured_image_hidden":false,"42wp_authors_list":[],"footnotes":""},"categories":[52],"tags":[1491,43384,792,1208,26913,90,10812,34540,42450,37574,37575,42283],"42wp_author":[47162],"class_list":["post-21287","post","type-post","status-publish","format-standard","has-post-thumbnail","hentry","category-wec","tag-grande-premio","tag-grandepremio-wec","tag-hipercarros","tag-le-mans","tag-lmdh","tag-mclaren","tag-united-autosports","tag-wec-2025","tag-wec-2027","tag-wec-ao-vivo","tag-wec-live","tag-wec-tv-2025","42wp_author-giovani-danjo"],"_links":{"self":[{"href":"https:\/\/grandepremio.com\/br\/wp-json\/wp\/v2\/posts\/21287","targetHints":{"allow":["GET"]}}],"collection":[{"href":"https:\/\/grandepremio.com\/br\/wp-json\/wp\/v2\/posts"}],"about":[{"href":"https:\/\/grandepremio.com\/br\/wp-json\/wp\/v2\/types\/post"}],"replies":[{"embeddable":true,"href":"https:\/\/grandepremio.com\/br\/wp-json\/wp\/v2\/comments?post=21287"}],"version-history":[{"count":0,"href":"https:\/\/grandepremio.com\/br\/wp-json\/wp\/v2\/posts\/21287\/revisions"}],"wp:featuredmedia":[{"embeddable":true,"href":"https:\/\/grandepremio.com\/br\/wp-json\/wp\/v2\/media\/1000980903"}],"wp:attachment":[{"href":"https:\/\/grandepremio.com\/br\/wp-json\/wp\/v2\/media?parent=21287"}],"wp:term":[{"taxonomy":"category","embeddable":true,"href":"https:\/\/grandepremio.com\/br\/wp-json\/wp\/v2\/categories?post=21287"},{"taxonomy":"post_tag","embeddable":true,"href":"https:\/\/grandepremio.com\/br\/wp-json\/wp\/v2\/tags?post=21287"},{"taxonomy":"42wp_author","embeddable":true,"href":"https:\/\/grandepremio.com\/br\/wp-json\/wp\/v2\/42wp_author?post=21287"}],"curies":[{"name":"wp","href":"https:\/\/api.w.org\/{rel}","templated":true}]}}