{"id":21299,"date":"2025-06-14T00:31:57","date_gmt":"2025-06-14T03:31:57","guid":{"rendered":"https:\/\/grandepremio.com\/br\/noticias\/esteban-ocon-acredita-crescimento-haas-canada-temos-uma-direcao-clara\/"},"modified":"2025-06-14T01:05:04","modified_gmt":"2025-06-14T04:05:04","slug":"esteban-ocon-acredita-crescimento-haas-canada-temos-uma-direcao-clara","status":"publish","type":"post","link":"https:\/\/grandepremio.com\/br\/f1\/esteban-ocon-acredita-crescimento-haas-canada-temos-uma-direcao-clara\/","title":{"rendered":"Ocon acredita em crescimento da Haas no Canad\u00e1: &#8220;Temos uma dire\u00e7\u00e3o clara&#8221;"},"content":{"rendered":"\n<p class=\"wp-block-paragraph\"><strong>Esteban Ocon<\/strong> <a href=\"https:\/\/www.grandepremio.com\/br\/f1\/noticias\/george-russell-poe-mercedes-bolo-lidera-treino-livre-2-gp-canada-gabriel-bortoleto-13o\/\">terminou na 17\u00aa coloca\u00e7\u00e3o nos treinos livres<\/a> desta sexta-feira (13) em <strong>Montreal<\/strong>. O franc\u00eas acredita que, apesar da posi\u00e7\u00e3o ruim com o desempenho da <strong>Haas<\/strong>, h\u00e1 uma perspectiva clara de crescimento que pode render uma boa posi\u00e7\u00e3o no grid.<\/p>\n\n\n\n<p class=\"wp-block-paragraph\">&#8220;Hoje foi tudo uma quest\u00e3o de entender para fazer uma boa classifica\u00e7\u00e3o amanh\u00e3. Temos uma dire\u00e7\u00e3o clara&#8221;, analisou Ocon.<\/p>\n\n\n\n<p class=\"wp-block-paragraph\">O piloto relembrou como foi o fim de semana no <strong>Canad\u00e1<\/strong> em 2024, totalmente diferente do que encontraram desta vez. Por isso, Esteban aponta que nada est\u00e1 definido e que todos t\u00eam condi\u00e7\u00f5es de conseguir ir bem na classifica\u00e7\u00e3o.<\/p>\n\n\n\n<p class=\"wp-block-paragraph\">&#8220;Foi interessante dar algumas voltas nas condi\u00e7\u00f5es ideais, j\u00e1 que no ano passado estava molhado o fim de semana todos e s\u00f3 tivemos uma sess\u00e3o no seco. Est\u00e1 tudo muito apertado e a execu\u00e7\u00e3o vai precisar ser perfeita, mas estamos trabalhando e, se conseguirmos, devemos estar na briga\u201d, completou Ocon.<\/p>\n\n\n\n<figure class=\"wp-block-image size-large\"><img decoding=\"async\" src=\"https:\/\/www.grandepremio.com\/br\/wp-content\/uploads\/2025\/06\/canada-2025-f1-quinta-feira-haas-esteban-ocon-03-1200x800.jpg\" alt=\"\" class=\"wp-image-980616\"\/><figcaption class=\"wp-element-caption\">Ocon acredita que a Haas tem uma dire\u00e7\u00e3o muito clara em Montreal (Foto: Haas F1 Team)<\/figcaption><\/figure>\n\n\n\n<p class=\"wp-block-paragraph\">A\u00a0<strong><a href=\"https:\/\/www.grandepremio.com\/br\/f1\/\" target=\"_blank\" rel=\"noreferrer noopener\"><\/a><a href=\"https:\/\/www.grandepremio.com\/br\/f1\/\" target=\"_blank\" rel=\"noreferrer noopener\">F\u00f3rmula 1<\/a><\/strong>\u00a0realiza o GP do Canad\u00e1 neste fim de semana, de 13 a 15 de junho, em\u00a0<strong>Montreal<\/strong>, d\u00e9cima etapa da temporada 2025. <\/p>\n\n\n\n<p class=\"wp-block-paragraph\">O\u00a0<strong>GRANDE PR\u00caMIO<\/strong>\u00a0acompanha todas as atividades\u00a0<strong><a href=\"https:\/\/www.grandepremio.com\/br\/f1\/ao-vivo\" target=\"_blank\" rel=\"noreferrer noopener\">AO VIVO E EM\u00a0<\/a><a href=\"https:\/\/www.grandepremio.com\/br\/ao-vivo\/\" target=\"_blank\" rel=\"noreferrer noopener\">TEMPO REAL<\/a><\/strong>, al\u00e9m de classifica\u00e7\u00e3o e corrida em\u00a0<strong><a href=\"https:\/\/www.youtube.com\/@GrandePremio1\/streams\" target=\"_blank\" rel=\"noreferrer noopener\">SEGUNDA TELA no YouTube<\/a><\/strong>, em parceria com a Voz do Esporte. O\u00a0<strong>Briefing<\/strong>\u00a0chega para analisar ap\u00f3s o fim de cada dia de atividades nas redes sociais e na GPTV.<\/p>\n\n\n\n<p class=\"wp-block-paragraph\"><strong>GP do Canad\u00e1&nbsp;de F1: veja os hor\u00e1rios em Brasil, Cabo Verde,&nbsp;<a href=\"https:\/\/grandepremio.pt\/\" target=\"_blank\" rel=\"noreferrer noopener\">Portugal<\/a>, Angola e Mo\u00e7ambique:<\/strong><\/p>\n\n\n\n<figure class=\"wp-block-table\"><table class=\"has-fixed-layout\"><tbody><tr><td><strong>Sess\u00e3o<\/strong><\/td><td><strong>BRA*<\/strong><\/td><td><strong>CBV<\/strong><\/td><td><strong>POR<\/strong><br><strong>ANG<\/strong><\/td><td><strong>MOZ<\/strong><\/td><\/tr><tr><td>Treino livre 3<\/td><td>13:30<\/td><td>15:30<\/td><td>17:30<\/td><td>18:30<\/td><\/tr><tr><td>Classifica\u00e7\u00e3o<\/td><td>17:00<\/td><td>19:00<\/td><td>21:00<\/td><td>22:00<\/td><\/tr><tr><td>Corrida<\/td><td>15:00<\/td><td>17:00<\/td><td>19:00<\/td><td>20:00<\/td><\/tr><\/tbody><\/table><\/figure>\n\n\n\n<p class=\"wp-block-paragraph\"><em>*Hor\u00e1rios em Bras\u00edlia<\/em><\/p>\n\n\n\n<p class=\"wp-block-paragraph\"><strong>Inscreva-se nos dois canais do GRANDE PR\u00caMIO no YouTube:&nbsp;<a href=\"https:\/\/www.youtube.com\/channel\/UC9OlHEgxoaY6QY6nWPoiqQg?sub_confirmation=1\" target=\"_blank\" rel=\"noreferrer noopener\">GP<\/a>&nbsp;|&nbsp;<a href=\"https:\/\/www.youtube.com\/channel\/UC9csiS6q_C3C0FYhyr1rnFA?sub_confirmation=1\" target=\"_blank\" rel=\"noreferrer noopener\">GP2<\/a><\/strong><br><strong>OU\u00c7A AGORA:&nbsp;<a href=\"https:\/\/www.grandepremio.com\/br\/f1\/noticias\/caprichos-do-destino-e-gp-mais-longo-como-nao-amar-a-f1-no-canada-paddockast-195\/\">Caprichos do destino e GP mais longo: como n\u00e3o amar a F1 no Canad\u00e1 | Paddockast #195<\/a><\/strong><\/p>\n\n\n\n<figure class=\"wp-block-embed is-type-video is-provider-youtube wp-block-embed-youtube wp-embed-aspect-16-9 wp-has-aspect-ratio\"><div class=\"wp-block-embed__wrapper\">\n<iframe loading=\"lazy\" title=\"RUSSELL LIDERA, STROLL e LECLERC BATEM, BORTOLETO SE IRRITA: os TREINOS da F1 no CANAD\u00c1 | BRIEFING\" width=\"500\" height=\"281\" src=\"https:\/\/www.youtube.com\/embed\/70xZCM-gvAM?feature=oembed\" frameborder=\"0\" allow=\"accelerometer; autoplay; clipboard-write; encrypted-media; gyroscope; picture-in-picture; web-share\" referrerpolicy=\"strict-origin-when-cross-origin\" allowfullscreen><\/iframe>\n<\/div><\/figure>\n","protected":false},"excerpt":{"rendered":"<p>Esteban Ocon foi o 17\u00ba na sexta-feira em Montreal e aponta que Haas tem um rumo interessante para explorar no fim de semana do GP do Canad\u00e1<\/p>\n","protected":false},"author":0,"featured_media":1000980617,"comment_status":"closed","ping_status":"closed","sticky":false,"template":"","format":"standard","meta":{"42wp_featured_image_caption":"","42wp_featured_image_credits":"","42wp_featured_video":"","42wp_featured_image_hidden":false,"42wp_authors_list":[],"footnotes":""},"categories":[2],"tags":[26271,25053,5273,302,147,3630,180,3628,14357,39820,1491,28285,119,30840,4486,43846,31785,42001],"42wp_author":[47128],"class_list":["post-21299","post","type-post","status-publish","format-standard","has-post-thumbnail","hentry","category-f1","tag-calendario-f1","tag-canada","tag-classificacao-f1","tag-esteban-ocon","tag-f1","tag-f1-2025","tag-formula-1","tag-formula-1-2025","tag-gp-do-canada","tag-gp-do-canada-f1","tag-grande-premio","tag-grandepremio","tag-haas","tag-horarios-f1","tag-montreal","tag-montreal-2025","tag-montreal-f1","tag-temporada-2025-f1","42wp_author-guilherme-bloisi"],"_links":{"self":[{"href":"https:\/\/grandepremio.com\/br\/wp-json\/wp\/v2\/posts\/21299","targetHints":{"allow":["GET"]}}],"collection":[{"href":"https:\/\/grandepremio.com\/br\/wp-json\/wp\/v2\/posts"}],"about":[{"href":"https:\/\/grandepremio.com\/br\/wp-json\/wp\/v2\/types\/post"}],"replies":[{"embeddable":true,"href":"https:\/\/grandepremio.com\/br\/wp-json\/wp\/v2\/comments?post=21299"}],"version-history":[{"count":0,"href":"https:\/\/grandepremio.com\/br\/wp-json\/wp\/v2\/posts\/21299\/revisions"}],"wp:featuredmedia":[{"embeddable":true,"href":"https:\/\/grandepremio.com\/br\/wp-json\/wp\/v2\/media\/1000980617"}],"wp:attachment":[{"href":"https:\/\/grandepremio.com\/br\/wp-json\/wp\/v2\/media?parent=21299"}],"wp:term":[{"taxonomy":"category","embeddable":true,"href":"https:\/\/grandepremio.com\/br\/wp-json\/wp\/v2\/categories?post=21299"},{"taxonomy":"post_tag","embeddable":true,"href":"https:\/\/grandepremio.com\/br\/wp-json\/wp\/v2\/tags?post=21299"},{"taxonomy":"42wp_author","embeddable":true,"href":"https:\/\/grandepremio.com\/br\/wp-json\/wp\/v2\/42wp_author?post=21299"}],"curies":[{"name":"wp","href":"https:\/\/api.w.org\/{rel}","templated":true}]}}