{"id":21300,"date":"2025-06-14T00:31:01","date_gmt":"2025-06-14T03:31:01","guid":{"rendered":"https:\/\/grandepremio.com\/br\/noticias\/isack-hadjar-exala-confianca-cita-meta-realista-chegar-q3-racing-bulls-canada\/"},"modified":"2025-06-14T00:48:01","modified_gmt":"2025-06-14T03:48:01","slug":"isack-hadjar-exala-confianca-cita-meta-realista-chegar-q3-racing-bulls-canada","status":"publish","type":"post","link":"https:\/\/grandepremio.com\/br\/f1\/isack-hadjar-exala-confianca-cita-meta-realista-chegar-q3-racing-bulls-canada\/","title":{"rendered":"Hadjar exala confian\u00e7a e cita &#8220;meta realista&#8221; de chegar ao Q3 com Racing Bulls no Canad\u00e1"},"content":{"rendered":"\n<p class=\"wp-block-paragraph\">Com uma proximidade t\u00e3o grande entre as equipes do grid, <strong>Isack Hadjar<\/strong> afirmou que a <strong>Racing Bulls<\/strong> n\u00e3o pode cometer erros se quiser alcan\u00e7ar a &#8220;meta realista&#8221; de chegar ao Q3 da classifica\u00e7\u00e3o do <strong>GP do Canad\u00e1<\/strong>, que acontece neste s\u00e1bado (14). O novato tamb\u00e9m falou dos desafios enfrentados no <strong>Circuito Gilles Villeneuve<\/strong>, onde est\u00e1 competindo pela primeira vez na carreira.<\/p>\n\n\n\n<p class=\"wp-block-paragraph\">No TL1, o franc\u00eas anotou 1min13s631 no cron\u00f4metro e <a href=\"https:\/\/www.grandepremio.com\/br\/f1\/noticias\/max-verstappen-poe-red-bull-lideranca-treino-livre-1-gp-canada-gabriel-bortoleto-16o\/\">garantiu a \u00f3tima sexta coloca\u00e7\u00e3o<\/a>, atr\u00e1s apenas de <strong>Max Verstappen<\/strong>, <strong>Alexander Albon<\/strong>, <strong>Carlos Sainz<\/strong>, <strong>George Russell<\/strong> e <strong>Lewis Hamilton<\/strong>, respectivamente. Algumas horas depois, a situa\u00e7\u00e3o ficou um pouco mais complicada e o <strong>#6<\/strong> <a href=\"https:\/\/www.grandepremio.com\/br\/f1\/noticias\/george-russell-poe-mercedes-bolo-lidera-treino-livre-2-gp-canada-gabriel-bortoleto-13o\/\">s\u00f3 conseguiu a 11\u00aa posi\u00e7\u00e3o<\/a> ao marcar 1min12s799 no TL2 \u2014 superado at\u00e9 mesmo por <strong>Liam Lawson<\/strong>, d\u00e9cimo.<\/p>\n\n\n\n<p class=\"wp-block-paragraph\">&#8220;\u00c9 a minha primeira vez pilotando aqui em <strong>Montreal<\/strong> e \u00e9 bom ver que estamos competitivos desde cedo. Tivemos uma sess\u00e3o confusa esta tarde, no TL2, devido ao tr\u00e1fego, mas estamos confiantes para amanh\u00e3&#8221;, come\u00e7ou Hadjar.<\/p>\n\n\n\n<p class=\"wp-block-paragraph\">\u25b6\ufe0f <strong>Inscreva-se nos dois canais do GRANDE PR\u00caMIO no YouTube:\u00a0<a href=\"https:\/\/www.youtube.com\/channel\/UC9OlHEgxoaY6QY6nWPoiqQg?sub_confirmation=1\" target=\"_blank\" rel=\"noreferrer noopener\">GP<\/a>\u00a0|\u00a0<a href=\"https:\/\/www.youtube.com\/channel\/UC9csiS6q_C3C0FYhyr1rnFA?sub_confirmation=1\" target=\"_blank\" rel=\"noreferrer noopener\">GP2<\/a><\/strong><br>\u25b6\ufe0f <strong>OU\u00c7A AGORA:\u00a0<a href=\"https:\/\/www.grandepremio.com\/br\/f1\/noticias\/caprichos-do-destino-e-gp-mais-longo-como-nao-amar-a-f1-no-canada-paddockast-195\/\">Caprichos do destino e GP mais longo: como n\u00e3o amar a F1 no Canad\u00e1 | Paddockast #195<\/a><\/strong><\/p>\n\n\n\n<figure class=\"wp-block-image size-large\"><img decoding=\"async\" src=\"https:\/\/www.grandepremio.com\/br\/wp-content\/uploads\/2025\/06\/canada-2025-f1-quinta-feira-racing-bulls-isack-hadjar-02-1-1200x800.jpg\" alt=\"\" class=\"wp-image-980636\"\/><figcaption class=\"wp-element-caption\">Isack Hadjar terminou o dia na 11\u00aa posi\u00e7\u00e3o (Foto: Red Bull Content Pool)<\/figcaption><\/figure>\n\n\n\n<p class=\"wp-block-paragraph\">&#8220;Acredito que o Q1 ser\u00e1 dif\u00edcil por conta do tr\u00e1fego, mas o Q2 e o Q3 ser\u00e3o mais f\u00e1ceis neste sentido, e superar essas sess\u00f5es \u00e9 obviamente a nossa meta realista&#8221;, avaliou. &#8220;\u00c9 um circuito pequeno e r\u00e1pido, ent\u00e3o tenho certeza de que a diferen\u00e7a entre os carros ser\u00e1 bem pequena, ent\u00e3o ser\u00e1 importante acertar tudo na classifica\u00e7\u00e3o sem cometer erros&#8221;, concluiu.<\/p>\n\n\n\n<p class=\"wp-block-paragraph\">A\u00a0<strong><a href=\"https:\/\/www.grandepremio.com\/br\/f1\/\" target=\"_blank\" rel=\"noreferrer noopener\"><\/a><a href=\"https:\/\/www.grandepremio.com\/br\/f1\/\" target=\"_blank\" rel=\"noreferrer noopener\">F\u00f3rmula 1<\/a><\/strong>\u00a0realiza o GP do Canad\u00e1 neste fim de semana, de 13 a 15 de junho, em\u00a0<strong>Montreal<\/strong>, d\u00e9cima etapa da temporada 2025. O\u00a0<strong>GRANDE PR\u00caMIO<\/strong>\u00a0acompanha todas as atividades\u00a0<strong><a href=\"https:\/\/www.grandepremio.com\/br\/f1\/ao-vivo\" target=\"_blank\" rel=\"noreferrer noopener\">AO VIVO E EM\u00a0<\/a><a href=\"https:\/\/www.grandepremio.com\/br\/ao-vivo\/\" target=\"_blank\" rel=\"noreferrer noopener\">TEMPO REAL<\/a><\/strong>, al\u00e9m de classifica\u00e7\u00e3o e corrida em\u00a0<strong><a href=\"https:\/\/www.youtube.com\/@GrandePremio1\/streams\" target=\"_blank\" rel=\"noreferrer noopener\">SEGUNDA TELA no YouTube<\/a><\/strong>, em parceria com a Voz do Esporte. O\u00a0<strong>Briefing<\/strong>\u00a0chega para analisar ap\u00f3s o fim de cada dia de atividades nas redes sociais e na GPTV.<\/p>\n\n\n\n<p class=\"wp-block-paragraph\"><strong>GP do Canad\u00e1\u00a0de F1: veja os hor\u00e1rios em Brasil, Cabo Verde,\u00a0<a href=\"https:\/\/grandepremio.pt\/\" target=\"_blank\" rel=\"noreferrer noopener\">Portugal<\/a>, Angola e Mo\u00e7ambique:<\/strong><\/p>\n\n\n\n<figure class=\"wp-block-table\"><table class=\"has-fixed-layout\"><tbody><tr><td><strong>Sess\u00e3o<\/strong><\/td><td><strong>BRA*<\/strong><\/td><td><strong>CBV<\/strong><\/td><td><strong>POR<\/strong><br><strong>ANG<\/strong><\/td><td><strong>MOZ<\/strong><\/td><\/tr><tr><td>Treino livre 3<\/td><td>13:30<\/td><td>15:30<\/td><td>17:30<\/td><td>18:30<\/td><\/tr><tr><td>Classifica\u00e7\u00e3o<\/td><td>17:00<\/td><td>19:00<\/td><td>21:00<\/td><td>22:00<\/td><\/tr><tr><td>Corrida<\/td><td>15:00<\/td><td>17:00<\/td><td>19:00<\/td><td>20:00<\/td><\/tr><\/tbody><\/table><\/figure>\n\n\n\n<p class=\"wp-block-paragraph\"><em>*Hor\u00e1rios em Bras\u00edlia<\/em><\/p>\n\n\n\n<figure class=\"wp-block-embed is-type-video is-provider-youtube wp-block-embed-youtube wp-embed-aspect-16-9 wp-has-aspect-ratio\"><div class=\"wp-block-embed__wrapper\">\n<iframe loading=\"lazy\" title=\"RUSSELL LIDERA, STROLL e LECLERC BATEM, BORTOLETO SE IRRITA: os TREINOS da F1 no CANAD\u00c1 | BRIEFING\" width=\"500\" height=\"281\" src=\"https:\/\/www.youtube.com\/embed\/70xZCM-gvAM?feature=oembed\" frameborder=\"0\" allow=\"accelerometer; autoplay; clipboard-write; encrypted-media; gyroscope; picture-in-picture; web-share\" referrerpolicy=\"strict-origin-when-cross-origin\" allowfullscreen><\/iframe>\n<\/div><\/figure>\n","protected":false},"excerpt":{"rendered":"<p>11\u00ba colocado no primeiro dia de atividades da F\u00f3rmula 1 no GP do Canad\u00e1, Isack Hadjar apontou qual ser\u00e1 o principal desafio da Racing Bulls para avan\u00e7ar na classifica\u00e7\u00e3o<\/p>\n","protected":false},"author":0,"featured_media":1000980639,"comment_status":"closed","ping_status":"closed","sticky":false,"template":"","format":"standard","meta":{"42wp_featured_image_caption":"","42wp_featured_image_credits":"","42wp_featured_video":"","42wp_featured_image_hidden":false,"42wp_authors_list":[],"footnotes":""},"categories":[2],"tags":[26271,5273,147,3630,180,3628,14357,39820,1491,28285,30840,28104,4486,43846,31785,35129,38179,42001],"42wp_author":[47160],"class_list":["post-21300","post","type-post","status-publish","format-standard","has-post-thumbnail","hentry","category-f1","tag-calendario-f1","tag-classificacao-f1","tag-f1","tag-f1-2025","tag-formula-1","tag-formula-1-2025","tag-gp-do-canada","tag-gp-do-canada-f1","tag-grande-premio","tag-grandepremio","tag-horarios-f1","tag-isack-hadjar","tag-montreal","tag-montreal-2025","tag-montreal-f1","tag-onde-assistir-f1","tag-racing-bulls","tag-temporada-2025-f1","42wp_author-vicente-soella"],"_links":{"self":[{"href":"https:\/\/grandepremio.com\/br\/wp-json\/wp\/v2\/posts\/21300","targetHints":{"allow":["GET"]}}],"collection":[{"href":"https:\/\/grandepremio.com\/br\/wp-json\/wp\/v2\/posts"}],"about":[{"href":"https:\/\/grandepremio.com\/br\/wp-json\/wp\/v2\/types\/post"}],"replies":[{"embeddable":true,"href":"https:\/\/grandepremio.com\/br\/wp-json\/wp\/v2\/comments?post=21300"}],"version-history":[{"count":0,"href":"https:\/\/grandepremio.com\/br\/wp-json\/wp\/v2\/posts\/21300\/revisions"}],"wp:featuredmedia":[{"embeddable":true,"href":"https:\/\/grandepremio.com\/br\/wp-json\/wp\/v2\/media\/1000980639"}],"wp:attachment":[{"href":"https:\/\/grandepremio.com\/br\/wp-json\/wp\/v2\/media?parent=21300"}],"wp:term":[{"taxonomy":"category","embeddable":true,"href":"https:\/\/grandepremio.com\/br\/wp-json\/wp\/v2\/categories?post=21300"},{"taxonomy":"post_tag","embeddable":true,"href":"https:\/\/grandepremio.com\/br\/wp-json\/wp\/v2\/tags?post=21300"},{"taxonomy":"42wp_author","embeddable":true,"href":"https:\/\/grandepremio.com\/br\/wp-json\/wp\/v2\/42wp_author?post=21300"}],"curies":[{"name":"wp","href":"https:\/\/api.w.org\/{rel}","templated":true}]}}