{"id":21304,"date":"2025-06-13T22:22:57","date_gmt":"2025-06-14T01:22:57","guid":{"rendered":"https:\/\/grandepremio.com\/br\/noticias\/lewis-hamilton-reclama-carro-mais-lento-tl2-preve-gp-canada-dificil-para-ferrari\/"},"modified":"2025-06-13T22:38:28","modified_gmt":"2025-06-14T01:38:28","slug":"lewis-hamilton-reclama-carro-mais-lento-tl2-preve-gp-canada-dificil-para-ferrari","status":"publish","type":"post","link":"https:\/\/grandepremio.com\/br\/f1\/lewis-hamilton-reclama-carro-mais-lento-tl2-preve-gp-canada-dificil-para-ferrari\/","title":{"rendered":"Hamilton reclama de carro &#8220;mais lento&#8221; no TL2 e prev\u00ea GP do Canad\u00e1 &#8220;dif\u00edcil&#8221; para Ferrari"},"content":{"rendered":"\n<p class=\"wp-block-paragraph\">Como j\u00e1 virou rotina na temporada 2025 da <strong>F\u00f3rmula 1<\/strong>, <strong>Lewis Hamilton<\/strong> n\u00e3o ficou nada satisfeito com o desempenho da <strong>Ferrari<\/strong> durante o primeiro dia de atividades em <strong>Montreal<\/strong>, palco da d\u00e9cima etapa da temporada 2025. O heptacampe\u00e3o criticou o fato de algumas mudan\u00e7as realizadas pela equipe entre as duas sess\u00f5es de treinos terem deixado a <strong>SF-25<\/strong> &#8220;mais lenta&#8221; do que estava antes.<\/p>\n\n\n\n<p class=\"wp-block-paragraph\">No TL1, o dono do <strong>#44<\/strong> anotou 1min13s620 no cron\u00f4metro e <a href=\"https:\/\/www.grandepremio.com\/br\/f1\/noticias\/max-verstappen-poe-red-bull-lideranca-treino-livre-1-gp-canada-gabriel-bortoleto-16o\/\">terminou na quinta coloca\u00e7\u00e3o<\/a>, atr\u00e1s apenas de <strong>Max Verstappen<\/strong>, <strong>Alexander Albon<\/strong>, <strong>Carlos Sainz<\/strong> e <strong>George Russell<\/strong>, respectivamente. Algumas horas mais tarde, por\u00e9m, no TL2, o brit\u00e2nico realmente sofreu para encontrar ritmo e marcou 1min12s653 como melhor volta \u2014 <a href=\"https:\/\/www.grandepremio.com\/br\/f1\/noticias\/george-russell-poe-mercedes-bolo-lidera-treino-livre-2-gp-canada-gabriel-bortoleto-13o\/\">o suficiente para coloc\u00e1-lo no oitavo lugar<\/a>, com 0s530 de atraso em rela\u00e7\u00e3o ao ex-companheiro de <strong>Mercedes<\/strong>.<\/p>\n\n\n\n<p class=\"wp-block-paragraph\">&#8220;N\u00e3o foi um dia particularmente bom. Adoro pilotar aqui e o p\u00fablico estava incr\u00edvel hoje, mas o carro est\u00e1 bem diferente do que experimentei aqui no passado&#8221;, come\u00e7ou Hamilton. &#8220;O TL1 foi razo\u00e1vel, e depois fizemos algumas mudan\u00e7as e, sinceramente, achei que o carro estava mais r\u00e1pido, mas acabamos ficando mais lentos \u2014 ou eles \u00e9 que ficaram mais r\u00e1pidos, basicamente&#8221;, continuou.<\/p>\n\n\n\n<p class=\"wp-block-paragraph\">\u25b6\ufe0f <strong>Inscreva-se nos dois canais do GRANDE PR\u00caMIO no YouTube:\u00a0<a href=\"https:\/\/www.youtube.com\/channel\/UC9OlHEgxoaY6QY6nWPoiqQg?sub_confirmation=1\" target=\"_blank\" rel=\"noreferrer noopener\">GP<\/a>\u00a0|\u00a0<a href=\"https:\/\/www.youtube.com\/channel\/UC9csiS6q_C3C0FYhyr1rnFA?sub_confirmation=1\" target=\"_blank\" rel=\"noreferrer noopener\">GP2<\/a><\/strong><br>\u25b6\ufe0f <strong>OU\u00c7A AGORA:\u00a0<a href=\"https:\/\/www.grandepremio.com\/br\/f1\/noticias\/caprichos-do-destino-e-gp-mais-longo-como-nao-amar-a-f1-no-canada-paddockast-195\/\">Caprichos do destino e GP mais longo: como n\u00e3o amar a F1 no Canad\u00e1 | Paddockast #195<\/a><\/strong><\/p>\n\n\n\n<figure class=\"wp-block-image size-large\"><img decoding=\"async\" src=\"https:\/\/www.grandepremio.com\/br\/wp-content\/uploads\/2025\/06\/canada-2025-f1-quinta-feira-ferrari-lewis-hamilton-afp-01-1-1200x800.jpg\" alt=\"\" class=\"wp-image-980461\"\/><figcaption class=\"wp-element-caption\">Lewis Hamilton saiu decepcionado com a Ferrari mais uma vez (Foto: AFP) <\/figcaption><\/figure>\n\n\n\n<p class=\"wp-block-paragraph\">Na sequ\u00eancia, foi questionado se acredita na possibilidade de a Ferrari resolver os problemas durante a noite para, desta forma, voltar mais forte neste s\u00e1bado (14). &#8220;Sim, vamos superar isso com certeza durante a noite. Temos algumas mudan\u00e7as a fazer&#8221;, apontou.<\/p>\n\n\n\n<p class=\"wp-block-paragraph\">Por fim, Hamilton analisou as chances para o fim de semana no <strong>Circuito Gilles Villeneuve<\/strong>. &#8220;Vai ser um desafio chegar ao Q3 nesse ritmo, mas n\u00e3o \u00e9 imposs\u00edvel. E depois, sim, tentar brigar para chegar entre os cinco primeiros. Vai ser dif\u00edcil&#8221;, concluiu.<\/p>\n\n\n\n<p class=\"wp-block-paragraph\">A\u00a0<strong><a href=\"https:\/\/www.grandepremio.com\/br\/f1\/\" target=\"_blank\" rel=\"noreferrer noopener\"><\/a><a href=\"https:\/\/www.grandepremio.com\/br\/f1\/\" target=\"_blank\" rel=\"noreferrer noopener\">F\u00f3rmula 1<\/a><\/strong>\u00a0realiza o GP do Canad\u00e1 neste fim de semana, de 13 a 15 de junho, em\u00a0<strong>Montreal<\/strong>, d\u00e9cima etapa da temporada 2025. O\u00a0<strong>GRANDE PR\u00caMIO<\/strong>\u00a0acompanha todas as atividades\u00a0<strong><a href=\"https:\/\/www.grandepremio.com\/br\/f1\/ao-vivo\" target=\"_blank\" rel=\"noreferrer noopener\">AO VIVO E EM\u00a0<\/a><a href=\"https:\/\/www.grandepremio.com\/br\/ao-vivo\/\" target=\"_blank\" rel=\"noreferrer noopener\">TEMPO REAL<\/a><\/strong>, al\u00e9m de classifica\u00e7\u00e3o e corrida em\u00a0<strong><a href=\"https:\/\/www.youtube.com\/@GrandePremio1\/streams\" target=\"_blank\" rel=\"noreferrer noopener\">SEGUNDA TELA no YouTube<\/a><\/strong>, em parceria com a Voz do Esporte. O\u00a0<strong>Briefing<\/strong>\u00a0chega para analisar ap\u00f3s o fim de cada dia de atividades nas redes sociais e na GPTV.<\/p>\n\n\n\n<p class=\"wp-block-paragraph\"><strong>GP do Canad\u00e1\u00a0de F1: veja os hor\u00e1rios em Brasil, Cabo Verde,\u00a0<a href=\"https:\/\/grandepremio.pt\/\" target=\"_blank\" rel=\"noreferrer noopener\">Portugal<\/a>, Angola e Mo\u00e7ambique:<\/strong><\/p>\n\n\n\n<figure class=\"wp-block-table\"><table class=\"has-fixed-layout\"><tbody><tr><td><strong>Sess\u00e3o<\/strong><\/td><td><strong>BRA*<\/strong><\/td><td><strong>CBV<\/strong><\/td><td><strong>POR<\/strong><br><strong>ANG<\/strong><\/td><td><strong>MOZ<\/strong><\/td><\/tr><tr><td>Treino livre 3<\/td><td>13:30<\/td><td>15:30<\/td><td>17:30<\/td><td>18:30<\/td><\/tr><tr><td>Classifica\u00e7\u00e3o<\/td><td>17:00<\/td><td>19:00<\/td><td>21:00<\/td><td>22:00<\/td><\/tr><tr><td>Corrida<\/td><td>15:00<\/td><td>17:00<\/td><td>19:00<\/td><td>20:00<\/td><\/tr><\/tbody><\/table><\/figure>\n\n\n\n<p class=\"wp-block-paragraph\"><em>*Hor\u00e1rios em Bras\u00edlia<\/em><\/p>\n\n\n\n<figure class=\"wp-block-embed is-type-video is-provider-youtube wp-block-embed-youtube wp-embed-aspect-16-9 wp-has-aspect-ratio\"><div class=\"wp-block-embed__wrapper\">\n<iframe loading=\"lazy\" title=\"RUSSELL LIDERA, STROLL e LECLERC BATEM, BORTOLETO SE IRRITA: os TREINOS da F1 no CANAD\u00c1 | BRIEFING\" width=\"500\" height=\"281\" src=\"https:\/\/www.youtube.com\/embed\/70xZCM-gvAM?feature=oembed\" frameborder=\"0\" allow=\"accelerometer; autoplay; clipboard-write; encrypted-media; gyroscope; picture-in-picture; web-share\" referrerpolicy=\"strict-origin-when-cross-origin\" allowfullscreen><\/iframe>\n<\/div><\/figure>\n","protected":false},"excerpt":{"rendered":"<p>Oitavo colocado no primeiro dia de atividades da F\u00f3rmula 1 em Montreal, Lewis Hamilton mais uma vez ficou insatisfeito com as mudan\u00e7as feitas pela Ferrari durante os treinos livres<\/p>\n","protected":false},"author":0,"featured_media":1000980613,"comment_status":"closed","ping_status":"closed","sticky":false,"template":"","format":"standard","meta":{"42wp_featured_image_caption":"","42wp_featured_image_credits":"","42wp_featured_video":"","42wp_featured_image_hidden":false,"42wp_authors_list":[],"footnotes":""},"categories":[2],"tags":[26271,5273,147,3630,207,180,3628,14357,39820,1491,28285,30840,87,4486,43846,31785,35129,42001],"42wp_author":[47160],"class_list":["post-21304","post","type-post","status-publish","format-standard","has-post-thumbnail","hentry","category-f1","tag-calendario-f1","tag-classificacao-f1","tag-f1","tag-f1-2025","tag-ferrari","tag-formula-1","tag-formula-1-2025","tag-gp-do-canada","tag-gp-do-canada-f1","tag-grande-premio","tag-grandepremio","tag-horarios-f1","tag-lewis-hamilton","tag-montreal","tag-montreal-2025","tag-montreal-f1","tag-onde-assistir-f1","tag-temporada-2025-f1","42wp_author-vicente-soella"],"_links":{"self":[{"href":"https:\/\/grandepremio.com\/br\/wp-json\/wp\/v2\/posts\/21304","targetHints":{"allow":["GET"]}}],"collection":[{"href":"https:\/\/grandepremio.com\/br\/wp-json\/wp\/v2\/posts"}],"about":[{"href":"https:\/\/grandepremio.com\/br\/wp-json\/wp\/v2\/types\/post"}],"replies":[{"embeddable":true,"href":"https:\/\/grandepremio.com\/br\/wp-json\/wp\/v2\/comments?post=21304"}],"version-history":[{"count":0,"href":"https:\/\/grandepremio.com\/br\/wp-json\/wp\/v2\/posts\/21304\/revisions"}],"wp:featuredmedia":[{"embeddable":true,"href":"https:\/\/grandepremio.com\/br\/wp-json\/wp\/v2\/media\/1000980613"}],"wp:attachment":[{"href":"https:\/\/grandepremio.com\/br\/wp-json\/wp\/v2\/media?parent=21304"}],"wp:term":[{"taxonomy":"category","embeddable":true,"href":"https:\/\/grandepremio.com\/br\/wp-json\/wp\/v2\/categories?post=21304"},{"taxonomy":"post_tag","embeddable":true,"href":"https:\/\/grandepremio.com\/br\/wp-json\/wp\/v2\/tags?post=21304"},{"taxonomy":"42wp_author","embeddable":true,"href":"https:\/\/grandepremio.com\/br\/wp-json\/wp\/v2\/42wp_author?post=21304"}],"curies":[{"name":"wp","href":"https:\/\/api.w.org\/{rel}","templated":true}]}}