{"id":21309,"date":"2025-06-13T21:11:08","date_gmt":"2025-06-14T00:11:08","guid":{"rendered":"https:\/\/grandepremio.com\/br\/noticias\/lando-norris-ve-mclaren-caminho-certo-apesar-dia-complicado-canada\/"},"modified":"2025-06-13T21:18:02","modified_gmt":"2025-06-14T00:18:02","slug":"lando-norris-ve-mclaren-caminho-certo-apesar-dia-complicado-canada","status":"publish","type":"post","link":"https:\/\/grandepremio.com\/br\/f1\/lando-norris-ve-mclaren-caminho-certo-apesar-dia-complicado-canada\/","title":{"rendered":"Norris v\u00ea McLaren &#8220;no caminho certo&#8221; apesar de dia &#8220;complicado&#8221; no Canad\u00e1"},"content":{"rendered":"\n<p class=\"wp-block-paragraph\">Embora n\u00e3o tenha liderado nenhuma das atividades desta sexta-feira (13), em <strong>Montreal<\/strong>, <strong>Lando Norris<\/strong> mostrou confian\u00e7a no trabalho que a <strong>McLaren<\/strong> deve realizar durante a noite para melhorar a performance do <strong>MCL39<\/strong>. Por isso, ainda que tenha apontado para as dificuldades de executar uma boa volta no <strong>Circuito Gilles Villeneuve<\/strong>, o brit\u00e2nico deixou claro que a equipe papaia est\u00e1 &#8220;no caminho certo&#8221;.<\/p>\n\n\n\n<p class=\"wp-block-paragraph\">No TL1, o dono do <strong>#4<\/strong> anotou 1min13s651 no cron\u00f4metro e <a href=\"https:\/\/www.grandepremio.com\/br\/f1\/noticias\/max-verstappen-poe-red-bull-lideranca-treino-livre-1-gp-canada-gabriel-bortoleto-16o\/\">n\u00e3o conseguiu ir al\u00e9m do s\u00e9timo lugar<\/a>, mais de 0s4 de desvantagem em rela\u00e7\u00e3o a <strong>Max Verstappen<\/strong>, que colocou a <strong>Red Bull<\/strong> no topo da tabela de tempos. Algumas horas mais tarde, no TL2, cravou 1min12s151 e <a href=\"https:\/\/www.grandepremio.com\/br\/f1\/noticias\/george-russell-poe-mercedes-bolo-lidera-treino-livre-2-gp-canada-gabriel-bortoleto-13o\/\">ficou na segunda posi\u00e7\u00e3o<\/a>, apenas 0s028 mais lento que <strong>George Russell<\/strong>, primeiro colocado.<\/p>\n\n\n\n<p class=\"wp-block-paragraph\">A McLaren foi <a href=\"https:\/\/www.grandepremio.com\/br\/f1\/noticias\/mclaren-muda-asa-suspensao-dianteiras-atualizacoes-equipes-gp-canada\/\">uma das \u00fanicas equipes que levaram atualiza\u00e7\u00f5es<\/a> para o <strong>GP do Canad\u00e1<\/strong>, incluindo uma nova asa dianteira, assim como uma suspens\u00e3o reformulada. Da mesma forma, a asa traseira passou por mudan\u00e7as, com uma configura\u00e7\u00e3o de m\u00e9dia press\u00e3o aerodin\u00e2mica, espec\u00edficas para a etapa em Montreal.<\/p>\n\n\n\n<p class=\"wp-block-paragraph\">&#8220;Uma sexta-feira complicada, mas \u00e9 uma pista dif\u00edcil. \u00c9 muito divertida de pilotar, mas tem pouca ader\u00eancia e muitos solavancos&#8221;, disse Norris ap\u00f3s o fim das atividades.<\/p>\n\n\n\n<figure class=\"wp-block-image size-large\"><img decoding=\"async\" src=\"https:\/\/www.grandepremio.com\/br\/wp-content\/uploads\/2025\/06\/canada-2025-f1-quinta-feira-mclaren-lando-norris-afp-01-2-1200x800.jpg\" alt=\"\" class=\"wp-image-980684\"\/><figcaption class=\"wp-element-caption\">Lando Norris terminou o dia como segundo mais r\u00e1pido (Foto: AFP) <\/figcaption><\/figure>\n\n\n\n<p class=\"wp-block-paragraph\">\u25b6\ufe0f <strong>Inscreva-se nos dois canais do GRANDE PR\u00caMIO no YouTube:\u00a0<a href=\"https:\/\/www.youtube.com\/channel\/UC9OlHEgxoaY6QY6nWPoiqQg?sub_confirmation=1\" target=\"_blank\" rel=\"noreferrer noopener\">GP<\/a>\u00a0|\u00a0<a href=\"https:\/\/www.youtube.com\/channel\/UC9csiS6q_C3C0FYhyr1rnFA?sub_confirmation=1\" target=\"_blank\" rel=\"noreferrer noopener\">GP2<\/a><\/strong><br>\u25b6\ufe0f <strong>OU\u00c7A AGORA:\u00a0<a href=\"https:\/\/www.grandepremio.com\/br\/f1\/noticias\/caprichos-do-destino-e-gp-mais-longo-como-nao-amar-a-f1-no-canada-paddockast-195\/\">Caprichos do destino e GP mais longo: como n\u00e3o amar a F1 no Canad\u00e1 | Paddockast #195<\/a><\/strong><\/p>\n\n\n\n<p class=\"wp-block-paragraph\">&#8220;Estamos no caminho certo, mas temos alguns ajustes a fazer durante a noite para nos colocarmos na melhor posi\u00e7\u00e3o poss\u00edvel para a classifica\u00e7\u00e3o. Estou ansioso para ver o que podemos fazer amanh\u00e3&#8221;, concluiu.<\/p>\n\n\n\n<p class=\"wp-block-paragraph\">A\u00a0<strong><a href=\"https:\/\/www.grandepremio.com\/br\/f1\/\" target=\"_blank\" rel=\"noreferrer noopener\"><\/a><a href=\"https:\/\/www.grandepremio.com\/br\/f1\/\" target=\"_blank\" rel=\"noreferrer noopener\">F\u00f3rmula 1<\/a><\/strong>\u00a0realiza o GP do Canad\u00e1 neste fim de semana, de 13 a 15 de junho, em\u00a0<strong>Montreal<\/strong>, d\u00e9cima etapa da temporada 2025. O\u00a0<strong>GRANDE PR\u00caMIO<\/strong>\u00a0acompanha todas as atividades\u00a0<strong><a href=\"https:\/\/www.grandepremio.com\/br\/f1\/ao-vivo\" target=\"_blank\" rel=\"noreferrer noopener\">AO VIVO E EM\u00a0<\/a><a href=\"https:\/\/www.grandepremio.com\/br\/ao-vivo\/\" target=\"_blank\" rel=\"noreferrer noopener\">TEMPO REAL<\/a><\/strong>, al\u00e9m de classifica\u00e7\u00e3o e corrida em\u00a0<strong><a href=\"https:\/\/www.youtube.com\/@GrandePremio1\/streams\" target=\"_blank\" rel=\"noreferrer noopener\">SEGUNDA TELA no YouTube<\/a><\/strong>, em parceria com a Voz do Esporte. O\u00a0<strong>Briefing<\/strong>\u00a0chega para analisar ap\u00f3s o fim de cada dia de atividades nas redes sociais e na GPTV.<\/p>\n\n\n\n<p class=\"wp-block-paragraph\"><strong>GP do Canad\u00e1\u00a0de F1: veja os hor\u00e1rios em Brasil, Cabo Verde,\u00a0<a href=\"https:\/\/grandepremio.pt\/\" target=\"_blank\" rel=\"noreferrer noopener\">Portugal<\/a>, Angola e Mo\u00e7ambique:<\/strong><\/p>\n\n\n\n<figure class=\"wp-block-table\"><table class=\"has-fixed-layout\"><tbody><tr><td><strong>Sess\u00e3o<\/strong><\/td><td><strong>BRA*<\/strong><\/td><td><strong>CBV<\/strong><\/td><td><strong>POR<\/strong><br><strong>ANG<\/strong><\/td><td><strong>MOZ<\/strong><\/td><\/tr><tr><td>Treino livre 3<\/td><td>13:30<\/td><td>15:30<\/td><td>17:30<\/td><td>18:30<\/td><\/tr><tr><td>Classifica\u00e7\u00e3o<\/td><td>17:00<\/td><td>19:00<\/td><td>21:00<\/td><td>22:00<\/td><\/tr><tr><td>Corrida<\/td><td>15:00<\/td><td>17:00<\/td><td>19:00<\/td><td>20:00<\/td><\/tr><\/tbody><\/table><\/figure>\n\n\n\n<p class=\"wp-block-paragraph\"><em>*Hor\u00e1rios em Bras\u00edlia<\/em><\/p>\n\n\n\n<figure class=\"wp-block-embed is-type-video is-provider-youtube wp-block-embed-youtube wp-embed-aspect-16-9 wp-has-aspect-ratio\"><div class=\"wp-block-embed__wrapper\">\n<iframe loading=\"lazy\" title=\"RUSSELL LIDERA, STROLL e LECLERC BATEM, BORTOLETO SE IRRITA: os TREINOS da F1 no CANAD\u00c1 | BRIEFING\" width=\"500\" height=\"281\" src=\"https:\/\/www.youtube.com\/embed\/70xZCM-gvAM?feature=oembed\" frameborder=\"0\" allow=\"accelerometer; autoplay; clipboard-write; encrypted-media; gyroscope; picture-in-picture; web-share\" referrerpolicy=\"strict-origin-when-cross-origin\" allowfullscreen><\/iframe>\n<\/div><\/figure>\n","protected":false},"excerpt":{"rendered":"<p>Segundo colocado no primeiro dia de atividades da F\u00f3rmula 1 no Canad\u00e1, Lando Norris mostrou confian\u00e7a no trabalho que est\u00e1 sendo feito pela McLaren em Montreal<\/p>\n","protected":false},"author":0,"featured_media":1000980515,"comment_status":"closed","ping_status":"closed","sticky":false,"template":"","format":"standard","meta":{"42wp_featured_image_caption":"","42wp_featured_image_credits":"","42wp_featured_video":"","42wp_featured_image_hidden":false,"42wp_authors_list":[],"footnotes":""},"categories":[2],"tags":[26271,43845,31774,5273,147,3630,180,3628,14357,39820,1491,28285,30840,547,90,4486,43846,31785,35129,42001],"42wp_author":[47160],"class_list":["post-21309","post","type-post","status-publish","format-standard","has-post-thumbnail","hentry","category-f1","tag-calendario-f1","tag-canada-2025","tag-canada-f1","tag-classificacao-f1","tag-f1","tag-f1-2025","tag-formula-1","tag-formula-1-2025","tag-gp-do-canada","tag-gp-do-canada-f1","tag-grande-premio","tag-grandepremio","tag-horarios-f1","tag-lando-norris","tag-mclaren","tag-montreal","tag-montreal-2025","tag-montreal-f1","tag-onde-assistir-f1","tag-temporada-2025-f1","42wp_author-vicente-soella"],"_links":{"self":[{"href":"https:\/\/grandepremio.com\/br\/wp-json\/wp\/v2\/posts\/21309","targetHints":{"allow":["GET"]}}],"collection":[{"href":"https:\/\/grandepremio.com\/br\/wp-json\/wp\/v2\/posts"}],"about":[{"href":"https:\/\/grandepremio.com\/br\/wp-json\/wp\/v2\/types\/post"}],"replies":[{"embeddable":true,"href":"https:\/\/grandepremio.com\/br\/wp-json\/wp\/v2\/comments?post=21309"}],"version-history":[{"count":0,"href":"https:\/\/grandepremio.com\/br\/wp-json\/wp\/v2\/posts\/21309\/revisions"}],"wp:featuredmedia":[{"embeddable":true,"href":"https:\/\/grandepremio.com\/br\/wp-json\/wp\/v2\/media\/1000980515"}],"wp:attachment":[{"href":"https:\/\/grandepremio.com\/br\/wp-json\/wp\/v2\/media?parent=21309"}],"wp:term":[{"taxonomy":"category","embeddable":true,"href":"https:\/\/grandepremio.com\/br\/wp-json\/wp\/v2\/categories?post=21309"},{"taxonomy":"post_tag","embeddable":true,"href":"https:\/\/grandepremio.com\/br\/wp-json\/wp\/v2\/tags?post=21309"},{"taxonomy":"42wp_author","embeddable":true,"href":"https:\/\/grandepremio.com\/br\/wp-json\/wp\/v2\/42wp_author?post=21309"}],"curies":[{"name":"wp","href":"https:\/\/api.w.org\/{rel}","templated":true}]}}