{"id":21315,"date":"2025-06-13T20:37:49","date_gmt":"2025-06-13T23:37:49","guid":{"rendered":"https:\/\/grandepremio.com\/br\/noticias\/mercedes-ve-george-russell-sintonia-carro-canada-estamos-proximos-mclaren\/"},"modified":"2025-06-13T20:55:41","modified_gmt":"2025-06-13T23:55:41","slug":"mercedes-ve-george-russell-sintonia-carro-canada-estamos-proximos-mclaren","status":"publish","type":"post","link":"https:\/\/grandepremio.com\/br\/f1\/mercedes-ve-george-russell-sintonia-carro-canada-estamos-proximos-mclaren\/","title":{"rendered":"Mercedes v\u00ea Russell &#8220;em sintonia com carro&#8221; no Canad\u00e1: &#8220;Estamos pr\u00f3ximos da McLaren&#8221;"},"content":{"rendered":"\n<p class=\"wp-block-paragraph\">A <strong>Mercedes<\/strong> deixou o primeiro dia de atividades do <strong>GP do Canad\u00e1<\/strong>, nesta sexta-feira (13), otimista com o que pode vir a acontecer no restante do fim de semana. <strong>Bradley Lord<\/strong>, diretor de comunica\u00e7\u00e3o da equipe, elogiou as performances de <strong>George Russell<\/strong> e <strong>Andrea Kimi Antonelli<\/strong> e afirmou que as Flechas de Prata apresentaram um ritmo pr\u00f3ximo ao da <strong>McLaren<\/strong>, a grande for\u00e7a da <strong>F\u00f3rmula 1<\/strong> at\u00e9 aqui em 2025.<\/p>\n\n\n\n<p class=\"wp-block-paragraph\"><a href=\"https:\/\/www.grandepremio.com\/br\/f1\/noticias\/max-verstappen-poe-red-bull-lideranca-treino-livre-1-gp-canada-gabriel-bortoleto-16o\/\">No TL1<\/a>, o brit\u00e2nico anotou 1min13s535 e terminou na quarta coloca\u00e7\u00e3o, enquanto o novato teve mais dificuldades e se contentou apenas com o 13\u00ba lugar, 0s8 atr\u00e1s de <strong>Max Verstappen<\/strong>, que colocou a <strong>Red Bull<\/strong> no topo da tabela. Algumas horas depois, <a href=\"https:\/\/www.grandepremio.com\/br\/f1\/noticias\/george-russell-poe-mercedes-bolo-lidera-treino-livre-2-gp-canada-gabriel-bortoleto-13o\/https:\/\/www.grandepremio.com\/br\/f1\/noticias\/george-russell-poe-mercedes-bolo-lidera-treino-livre-2-gp-canada-gabriel-bortoleto-13o\/\">no TL2<\/a>, o <strong>#63<\/strong> cravou 1min12s123 e encerrou o dia como o mais r\u00e1pido \u2014 e desta vez foi acompanhado de perto pelo companheiro de garagem, que marcou 1min12s411 no rel\u00f3gio e finalizou como terceiro colocado.<\/p>\n\n\n\n<p class=\"wp-block-paragraph\">&#8220;Foi um dia realmente s\u00f3lido. Temos algumas novidades no carro. Tamb\u00e9m trouxemos de volta algumas coisas novas que hav\u00edamos tirado do carro corridas atr\u00e1s. Tudo isso parece estar funcionando&#8221;, disse Lord ao servi\u00e7o de streaming <em>Viaplay<\/em>. &#8220;Kimi parece confort\u00e1vel, o que \u00e9 muito bom. \u00c9 a primeira vez dele aqui e, como se sabe, os muros s\u00e3o pr\u00f3ximos. E ele se manteve longe deles e mostrou um bom desempenho&#8221;, elogiou.<\/p>\n\n\n\n<p class=\"wp-block-paragraph\">&#8220;George est\u00e1 completamente em sintonia com o carro e conseguiu tirar uma boa volta com os dois compostos de pneus. Ent\u00e3o \u00e9 animador. O ritmo nas simula\u00e7\u00f5es de corrida tamb\u00e9m pareceu bom. Ent\u00e3o, dedos cruzados para que possamos evoluir com isso amanh\u00e3&#8221;, acrescentou, antes de apontar para a diferen\u00e7a dos pneus da <strong>Pirelli<\/strong>, j\u00e1 que o brit\u00e2nico anotou a melhor volta com o composto m\u00e9dio (C5).<\/p>\n\n\n\n<figure class=\"wp-block-image size-large\"><img decoding=\"async\" src=\"https:\/\/www.grandepremio.com\/br\/wp-content\/uploads\/2025\/06\/canada-2025-f1-quinta-feira-mercedes-george-russell-04-1200x800.jpg\" alt=\"\" class=\"wp-image-980630\"\/><figcaption class=\"wp-element-caption\">George Russell colocou a Mercedes no topo da tabela de tempos (Foto: Mercedes)<\/figcaption><\/figure>\n\n\n\n<p class=\"wp-block-paragraph\">\u25b6\ufe0f <strong>Inscreva-se nos dois canais do GRANDE PR\u00caMIO no YouTube:\u00a0<a href=\"https:\/\/www.youtube.com\/channel\/UC9OlHEgxoaY6QY6nWPoiqQg?sub_confirmation=1\" target=\"_blank\" rel=\"noreferrer noopener\">GP<\/a>\u00a0|\u00a0<a href=\"https:\/\/www.youtube.com\/channel\/UC9csiS6q_C3C0FYhyr1rnFA?sub_confirmation=1\" target=\"_blank\" rel=\"noreferrer noopener\">GP2<\/a><\/strong><br>\u25b6\ufe0f <strong>OU\u00c7A AGORA:\u00a0<a href=\"https:\/\/www.grandepremio.com\/br\/f1\/noticias\/caprichos-do-destino-e-gp-mais-longo-como-nao-amar-a-f1-no-canada-paddockast-195\/\">Caprichos do destino e GP mais longo: como n\u00e3o amar a F1 no Canad\u00e1 | Paddockast #195<\/a><\/strong><\/p>\n\n\n\n<p class=\"wp-block-paragraph\">&#8220;George conseguiu uma volta com os pneus m\u00e9dios e foi capaz de marcar o tempo mais r\u00e1pido. Como sempre, quando se tem esse composto C6 muito macio, nem sempre \u00e9 claro se o m\u00e9dio ou o macio \u00e9 o pneu mais r\u00e1pido para uma volta lan\u00e7ada. Vimos isso em <strong>\u00cdmola<\/strong> e pode ser o caso novamente amanh\u00e3. Ent\u00e3o, sim, vai ser interessante comparar e ver quais estrat\u00e9gias as diferentes equipes v\u00e3o adotar&#8221;, analisou.<\/p>\n\n\n\n<p class=\"wp-block-paragraph\">Por fim, foi questionado se o ritmo da Mercedes est\u00e1 realmente pr\u00f3ximo das rivais, levando em considera\u00e7\u00e3o o que foi visto nas simula\u00e7\u00f5es de classifica\u00e7\u00e3o e de corrida. &#8220;Parece que estamos perto da McLaren. E tamb\u00e9m do Max e do <strong>Lewis<\/strong> [<strong>Hamilton<\/strong>], at\u00e9 agora&#8221;, concluiu.<\/p>\n\n\n\n<p class=\"wp-block-paragraph\">A\u00a0<strong><a href=\"https:\/\/www.grandepremio.com\/br\/f1\/\" target=\"_blank\" rel=\"noreferrer noopener\"><\/a><a href=\"https:\/\/www.grandepremio.com\/br\/f1\/\" target=\"_blank\" rel=\"noreferrer noopener\">F\u00f3rmula 1<\/a><\/strong>\u00a0realiza o GP do Canad\u00e1 neste fim de semana, de 13 a 15 de junho, em\u00a0<strong>Montreal<\/strong>, d\u00e9cima etapa da temporada 2025. O\u00a0<strong>GRANDE PR\u00caMIO<\/strong>\u00a0acompanha todas as atividades\u00a0<strong><a href=\"https:\/\/www.grandepremio.com\/br\/f1\/ao-vivo\" target=\"_blank\" rel=\"noreferrer noopener\">AO VIVO E EM\u00a0<\/a><a href=\"https:\/\/www.grandepremio.com\/br\/ao-vivo\/\" target=\"_blank\" rel=\"noreferrer noopener\">TEMPO REAL<\/a><\/strong>, al\u00e9m de classifica\u00e7\u00e3o e corrida em\u00a0<strong><a href=\"https:\/\/www.youtube.com\/@GrandePremio1\/streams\" target=\"_blank\" rel=\"noreferrer noopener\">SEGUNDA TELA no YouTube<\/a><\/strong>, em parceria com a Voz do Esporte. O\u00a0<strong>Briefing<\/strong>\u00a0chega para analisar ap\u00f3s o fim de cada dia de atividades nas redes sociais e na GPTV.<\/p>\n\n\n\n<p class=\"wp-block-paragraph\"><strong>GP do Canad\u00e1\u00a0de F1: veja os hor\u00e1rios em Brasil, Cabo Verde,\u00a0<a href=\"https:\/\/grandepremio.pt\/\" target=\"_blank\" rel=\"noreferrer noopener\">Portugal<\/a>, Angola e Mo\u00e7ambique:<\/strong><\/p>\n\n\n\n<figure class=\"wp-block-table\"><table class=\"has-fixed-layout\"><tbody><tr><td><strong>Sess\u00e3o<\/strong><\/td><td><strong>BRA*<\/strong><\/td><td><strong>CBV<\/strong><\/td><td><strong>POR<\/strong><br><strong>ANG<\/strong><\/td><td><strong>MOZ<\/strong><\/td><\/tr><tr><td>Treino livre 3<\/td><td>13:30<\/td><td>15:30<\/td><td>17:30<\/td><td>18:30<\/td><\/tr><tr><td>Classifica\u00e7\u00e3o<\/td><td>17:00<\/td><td>19:00<\/td><td>21:00<\/td><td>22:00<\/td><\/tr><tr><td>Corrida<\/td><td>15:00<\/td><td>17:00<\/td><td>19:00<\/td><td>20:00<\/td><\/tr><\/tbody><\/table><\/figure>\n\n\n\n<p class=\"wp-block-paragraph\"><em>*Hor\u00e1rios em Bras\u00edlia<\/em><\/p>\n\n\n\n<figure class=\"wp-block-embed\"><div class=\"wp-block-embed__wrapper\">\n<iframe loading=\"lazy\" title=\"RUSSELL LIDERA, STROLL e LECLERC BATEM, BORTOLETO SE IRRITA: os TREINOS da F1 no CANAD\u00c1 | BRIEFING\" width=\"500\" height=\"281\" src=\"https:\/\/www.youtube.com\/embed\/70xZCM-gvAM?feature=oembed\" frameborder=\"0\" allow=\"accelerometer; autoplay; clipboard-write; encrypted-media; gyroscope; picture-in-picture; web-share\" referrerpolicy=\"strict-origin-when-cross-origin\" allowfullscreen><\/iframe>\n<\/div><\/figure>\n","protected":false},"excerpt":{"rendered":"<p>Diretor de comunica\u00e7\u00e3o da Mercedes, Bradley Lord saiu otimista com o desempenho do W16 nos treinos livres desta sexta-feira (13), em Montreal<\/p>\n","protected":false},"author":0,"featured_media":1000980489,"comment_status":"closed","ping_status":"closed","sticky":false,"template":"","format":"standard","meta":{"42wp_featured_image_caption":"","42wp_featured_image_credits":"","42wp_featured_video":"","42wp_featured_image_hidden":false,"42wp_authors_list":[],"footnotes":""},"categories":[2],"tags":[27861,36603,26271,5273,147,3630,180,3628,800,14357,39820,1491,28285,30840,82,4486,43846,31785,35129,42001],"42wp_author":[47160],"class_list":["post-21315","post","type-post","status-publish","format-standard","has-post-thumbnail","hentry","category-f1","tag-andrea-kimi-antonelli","tag-bradley-lord","tag-calendario-f1","tag-classificacao-f1","tag-f1","tag-f1-2025","tag-formula-1","tag-formula-1-2025","tag-george-russell","tag-gp-do-canada","tag-gp-do-canada-f1","tag-grande-premio","tag-grandepremio","tag-horarios-f1","tag-mercedes","tag-montreal","tag-montreal-2025","tag-montreal-f1","tag-onde-assistir-f1","tag-temporada-2025-f1","42wp_author-vicente-soella"],"_links":{"self":[{"href":"https:\/\/grandepremio.com\/br\/wp-json\/wp\/v2\/posts\/21315","targetHints":{"allow":["GET"]}}],"collection":[{"href":"https:\/\/grandepremio.com\/br\/wp-json\/wp\/v2\/posts"}],"about":[{"href":"https:\/\/grandepremio.com\/br\/wp-json\/wp\/v2\/types\/post"}],"replies":[{"embeddable":true,"href":"https:\/\/grandepremio.com\/br\/wp-json\/wp\/v2\/comments?post=21315"}],"version-history":[{"count":0,"href":"https:\/\/grandepremio.com\/br\/wp-json\/wp\/v2\/posts\/21315\/revisions"}],"wp:featuredmedia":[{"embeddable":true,"href":"https:\/\/grandepremio.com\/br\/wp-json\/wp\/v2\/media\/1000980489"}],"wp:attachment":[{"href":"https:\/\/grandepremio.com\/br\/wp-json\/wp\/v2\/media?parent=21315"}],"wp:term":[{"taxonomy":"category","embeddable":true,"href":"https:\/\/grandepremio.com\/br\/wp-json\/wp\/v2\/categories?post=21315"},{"taxonomy":"post_tag","embeddable":true,"href":"https:\/\/grandepremio.com\/br\/wp-json\/wp\/v2\/tags?post=21315"},{"taxonomy":"42wp_author","embeddable":true,"href":"https:\/\/grandepremio.com\/br\/wp-json\/wp\/v2\/42wp_author?post=21315"}],"curies":[{"name":"wp","href":"https:\/\/api.w.org\/{rel}","templated":true}]}}