{"id":21321,"date":"2025-06-13T20:15:56","date_gmt":"2025-06-13T23:15:56","guid":{"rendered":"https:\/\/grandepremio.com\/br\/noticias\/frederic-vasseur-meta-vencer-ferrari-ataca-nao-preciso-jornalista-dizendo-isso\/"},"modified":"2025-06-13T20:19:49","modified_gmt":"2025-06-13T23:19:49","slug":"frederic-vasseur-meta-vencer-ferrari-ataca-nao-preciso-jornalista-dizendo-isso","status":"publish","type":"post","link":"https:\/\/grandepremio.com\/br\/f1\/frederic-vasseur-meta-vencer-ferrari-ataca-nao-preciso-jornalista-dizendo-isso\/","title":{"rendered":"Vasseur diz que meta &#8220;\u00e9 vencer&#8221; com Ferrari e ataca: &#8220;N\u00e3o preciso de jornalista dizendo isso&#8221;"},"content":{"rendered":"\n<p class=\"wp-block-paragraph\"><strong>Fr\u00e9d\u00e9ric Vasseur <\/strong>voltou a atacar as recentes especula\u00e7\u00f5es levantadas pela imprensa italiana de que est\u00e1 com o emprego em risco para <strong>2026 <\/strong>e afirmou que &#8220;n\u00e3o precisa de jornalista dizendo&#8221; que a <strong>Ferrari<\/strong> tem de voltar a vencer. Ele ainda comentou o apoio que recebeu de<strong> Lewis Hamilton<\/strong>, enfatizando que tanto ele quanto <strong>Charles Leclerc <\/strong>est\u00e3o &#8220;totalmente comprometidos&#8221; com isso.<\/p>\n\n\n\n<p class=\"wp-block-paragraph\">A not\u00edcia explodiu nos principais ve\u00edculos de comunica\u00e7\u00e3o da <strong>It\u00e1lia<\/strong> na quinta-feira (12). Primeiro, <em>La Gazzetta dello Sport<\/em> <a href=\"https:\/\/www.grandepremio.com\/br\/f1\/noticias\/ferrari-poe-proximos-3-gps-decisivos-futuro-frederic-vasseur-ja-mira-chefe-wec-antonello-coletta\/\">afirmou que os pr\u00f3ximos 3 GPs<\/a> \u2014 <strong>Canad\u00e1<\/strong>, <strong>\u00c1ustria<\/strong> e <strong>Inglaterra<\/strong> \u2014 seriam decisivos para definir a renova\u00e7\u00e3o de contrato de Vasseur. J\u00e1 o <em>Corriere dello Sport<\/em> e o <em>Motorsport It\u00e1lia <\/em><a href=\"https:\/\/www.grandepremio.com\/br\/f1\/noticias\/ferrari-poe-proximos-3-gps-decisivos-futuro-frederic-vasseur-ja-mira-chefe-wec-antonello-coletta\/\">apontaram <strong>Antonello Coletta<\/strong>, l\u00edder do programa da Ferrari no <strong>WEC<\/strong>, como poss\u00edvel substituto<\/a>.<\/p>\n\n\n\n<p class=\"wp-block-paragraph\">Aos microfones do site oficial da<strong> F\u00f3rmula 1<\/strong>, Vasseur voltou a atacar o que chamou de &#8220;desrespeito&#8221; por &#8220;manchar o nome dos homens e mulheres que colocam a vida e a alma na Ferrari&#8221;. Depois, ao comentar a fala de Hamilton <a href=\"https:\/\/www.grandepremio.com\/br\/f1\/noticias\/lewis-hamilton-declara-total-apoio-frederic-vasseur-principal-motivo-estar-ferrari\/\">sobre ser o homem certo para comandar as garagens de Maranello<\/a>, dosou.<\/p>\n\n\n\n<p class=\"wp-block-paragraph\">&#8220;Voc\u00ea nunca tem todos os ingredientes certos, porque o DNA do que fazemos \u00e9 dia ap\u00f3s dia, tentamos fazer um trabalho melhor do que antes, mudar as fraquezas, mas sempre com essa mentalidade de melhorar&#8221;, come\u00e7ou o l\u00edder da Ferrari.<\/p>\n\n\n\n<figure class=\"wp-block-image size-large\"><img decoding=\"async\" src=\"https:\/\/www.grandepremio.com\/br\/wp-content\/uploads\/2024\/05\/240004-ferrari-gp-monaco-2024-prove-libere_a145ecff-5ecd-4ce9-9312-1419b7a9e69a-1200x800.jpg\" alt=\"F1 2024, GP DE M\u00d4NACO, MONTE CARLO, S\u00c1BADO, CLASSIFICA\u00c7\u00c3O, FR\u00c9D\u00c9RIC VASSEUR, FERRARI\" class=\"wp-image-818872\"\/><figcaption class=\"wp-element-caption\">Fr\u00e9d\u00e9ric Vasseur ficou indignado com as not\u00edcias que circularam na imprensa italiana (Foto: Ferrari)<\/figcaption><\/figure>\n\n\n\n<p class=\"wp-block-paragraph\">&#8220;Temos essa abordagem. Queremos desenvolver a equipe, queremos impulsionar. Queremos melhorar. E os dois pilotos fazem parte deste projeto e est\u00e3o totalmente comprometidos com isso. Eles sabem perfeitamente que \u00e9 um desafio, porque n\u00e3o somos os \u00fanicos com o objetivo de vencer&#8221;, salientou.<\/p>\n\n\n\n<p class=\"wp-block-paragraph\">Em seguida, Vasseur comparou a Ferrari com as principais rivais na F1, destacando que o desejo de todas sempre foi o mesmo no in\u00edcio da temporada: ser campe\u00e3.<\/p>\n\n\n\n<p class=\"wp-block-paragraph\">&#8220;Se perguntassem \u00e0 <strong>Red Bull <\/strong>no in\u00edcio da temporada qual era o objetivo, n\u00e3o seria vencer o campeonato? Era o mesmo para mim, para a <strong>McLaren<\/strong>, estamos todos nessa competi\u00e7\u00e3o. Mas tivemos um come\u00e7o de temporada ruim&#8221;, lamentou.<\/p>\n\n\n\n<p class=\"wp-block-paragraph\">&#8220;Estamos 60 pontos atr\u00e1s da <strong>Mercedes<\/strong> e da Red Bull. Recuperamos. Estamos melhorando, mas n\u00e3o \u00e9 suficiente. E n\u00e3o preciso dos coment\u00e1rios dos jornalistas para saber que queremos vencer e que todos na f\u00e1brica querem vencer, e vamos continuar nos esfor\u00e7ando, trabalhando mais, e vamos ver o que podemos fazer&#8221;, encerrou Vasseur.<\/p>\n\n\n\n<p class=\"wp-block-paragraph\">A&nbsp;<strong><a href=\"https:\/\/www.grandepremio.com\/br\/f1\/\" target=\"_blank\" rel=\"noreferrer noopener\"><\/a><a href=\"https:\/\/www.grandepremio.com\/br\/f1\/\" target=\"_blank\" rel=\"noreferrer noopener\">F\u00f3rmula 1<\/a><\/strong>&nbsp;realiza o GP do Canad\u00e1 neste fim de semana, de 13 a 15 de junho, em&nbsp;<strong>Montreal<\/strong>, d\u00e9cima etapa da temporada 2025. O&nbsp;<strong>GRANDE PR\u00caMIO<\/strong>&nbsp;acompanha todas as atividades&nbsp;<strong><a href=\"https:\/\/www.grandepremio.com\/br\/f1\/ao-vivo\" target=\"_blank\" rel=\"noreferrer noopener\">AO VIVO E EM&nbsp;<\/a><a href=\"https:\/\/www.grandepremio.com\/br\/ao-vivo\/\" target=\"_blank\" rel=\"noreferrer noopener\">TEMPO REAL<\/a><\/strong>, al\u00e9m de classifica\u00e7\u00e3o e corrida em&nbsp;<strong><a href=\"https:\/\/www.youtube.com\/@GrandePremio1\/streams\" target=\"_blank\" rel=\"noreferrer noopener\">SEGUNDA TELA no YouTube<\/a><\/strong>, em parceria com a Voz do Esporte. O&nbsp;<strong>Briefing<\/strong>&nbsp;chega para analisar ap\u00f3s o fim de cada dia de atividades nas redes sociais e na GPTV.<\/p>\n\n\n\n<p class=\"wp-block-paragraph\"><strong>GP do Canad\u00e1&nbsp;de F1: veja os hor\u00e1rios em Brasil, Cabo Verde,&nbsp;<a href=\"https:\/\/grandepremio.pt\/\" target=\"_blank\" rel=\"noreferrer noopener\">Portugal<\/a>, Angola e Mo\u00e7ambique:<\/strong><\/p>\n\n\n\n<figure class=\"wp-block-table\"><table class=\"has-fixed-layout\"><tbody><tr><td><strong>Sess\u00e3o<\/strong><\/td><td><strong>BRA*<\/strong><\/td><td><strong>CBV<\/strong><\/td><td><strong>POR<\/strong><br><strong>ANG<\/strong><\/td><td><strong>MOZ<\/strong><\/td><\/tr><tr><td>Treino livre 3<\/td><td>13:30<\/td><td>15:30<\/td><td>17:30<\/td><td>18:30<\/td><\/tr><tr><td>Classifica\u00e7\u00e3o<\/td><td>17:00<\/td><td>19:00<\/td><td>21:00<\/td><td>22:00<\/td><\/tr><tr><td>Corrida<\/td><td>15:00<\/td><td>17:00<\/td><td>19:00<\/td><td>20:00<\/td><\/tr><\/tbody><\/table><\/figure>\n\n\n\n<p class=\"wp-block-paragraph\"><em>*Hor\u00e1rios em Bras\u00edlia<\/em><\/p>\n\n\n\n<p class=\"wp-block-paragraph\"><strong>\u25b6\ufe0f<\/strong> <strong>Inscreva-se nos dois canais do GRANDE PR\u00caMIO no YouTube:\u00a0<a href=\"https:\/\/www.youtube.com\/channel\/UC9OlHEgxoaY6QY6nWPoiqQg?sub_confirmation=1\" target=\"_blank\" rel=\"noreferrer noopener\">GP<\/a>\u00a0|\u00a0<a href=\"https:\/\/www.youtube.com\/channel\/UC9csiS6q_C3C0FYhyr1rnFA?sub_confirmation=1\" target=\"_blank\" rel=\"noreferrer noopener\">GP2<\/a><\/strong><br>\u25b6\ufe0f <strong>OU\u00c7A AGORA:\u00a0<a href=\"https:\/\/www.grandepremio.com\/br\/f1\/noticias\/caprichos-do-destino-e-gp-mais-longo-como-nao-amar-a-f1-no-canada-paddockast-195\/\">Caprichos do destino e GP mais longo: como n\u00e3o amar a F1 no Canad\u00e1 | Paddockast #195<\/a><\/strong><\/p>\n\n\n\n<figure class=\"wp-block-embed is-type-video is-provider-youtube wp-block-embed-youtube wp-embed-aspect-16-9 wp-has-aspect-ratio\"><div class=\"wp-block-embed__wrapper\">\n<iframe loading=\"lazy\" title=\"RUSSELL LIDERA, STROLL e LECLERC BATEM, BORTOLETO SE IRRITA: os TREINOS da F1 no CANAD\u00c1 | BRIEFING\" width=\"500\" height=\"281\" src=\"https:\/\/www.youtube.com\/embed\/70xZCM-gvAM?feature=oembed\" frameborder=\"0\" allow=\"accelerometer; autoplay; clipboard-write; encrypted-media; gyroscope; picture-in-picture; web-share\" referrerpolicy=\"strict-origin-when-cross-origin\" allowfullscreen><\/iframe>\n<\/div><\/figure>\n","protected":false},"excerpt":{"rendered":"<p>Fr\u00e9d\u00e9ric Vasseur destacou que o objetivo da Ferrari sempre foi o mesmo das demais rivais, s\u00f3 que o in\u00edcio de temporada foi ruim. Todos, no entanto, est\u00e3o comprometidos em reverter o quadro<\/p>\n","protected":false},"author":0,"featured_media":1000947892,"comment_status":"closed","ping_status":"closed","sticky":false,"template":"","format":"standard","meta":{"42wp_featured_image_caption":"","42wp_featured_image_credits":"","42wp_featured_video":"","42wp_featured_image_hidden":false,"42wp_authors_list":[],"footnotes":""},"categories":[2],"tags":[26271,25053,5273,147,3630,207,180,3628,1322,14357,39820,1491,28285,30840,4486,43846,31785,35129,42001],"42wp_author":[47147],"class_list":["post-21321","post","type-post","status-publish","format-standard","has-post-thumbnail","hentry","category-f1","tag-calendario-f1","tag-canada","tag-classificacao-f1","tag-f1","tag-f1-2025","tag-ferrari","tag-formula-1","tag-formula-1-2025","tag-frederic-vasseur","tag-gp-do-canada","tag-gp-do-canada-f1","tag-grande-premio","tag-grandepremio","tag-horarios-f1","tag-montreal","tag-montreal-2025","tag-montreal-f1","tag-onde-assistir-f1","tag-temporada-2025-f1","42wp_author-luana-marino"],"_links":{"self":[{"href":"https:\/\/grandepremio.com\/br\/wp-json\/wp\/v2\/posts\/21321","targetHints":{"allow":["GET"]}}],"collection":[{"href":"https:\/\/grandepremio.com\/br\/wp-json\/wp\/v2\/posts"}],"about":[{"href":"https:\/\/grandepremio.com\/br\/wp-json\/wp\/v2\/types\/post"}],"replies":[{"embeddable":true,"href":"https:\/\/grandepremio.com\/br\/wp-json\/wp\/v2\/comments?post=21321"}],"version-history":[{"count":0,"href":"https:\/\/grandepremio.com\/br\/wp-json\/wp\/v2\/posts\/21321\/revisions"}],"wp:featuredmedia":[{"embeddable":true,"href":"https:\/\/grandepremio.com\/br\/wp-json\/wp\/v2\/media\/1000947892"}],"wp:attachment":[{"href":"https:\/\/grandepremio.com\/br\/wp-json\/wp\/v2\/media?parent=21321"}],"wp:term":[{"taxonomy":"category","embeddable":true,"href":"https:\/\/grandepremio.com\/br\/wp-json\/wp\/v2\/categories?post=21321"},{"taxonomy":"post_tag","embeddable":true,"href":"https:\/\/grandepremio.com\/br\/wp-json\/wp\/v2\/tags?post=21321"},{"taxonomy":"42wp_author","embeddable":true,"href":"https:\/\/grandepremio.com\/br\/wp-json\/wp\/v2\/42wp_author?post=21321"}],"curies":[{"name":"wp","href":"https:\/\/api.w.org\/{rel}","templated":true}]}}