{"id":21332,"date":"2025-06-13T17:43:16","date_gmt":"2025-06-13T20:43:16","guid":{"rendered":"https:\/\/grandepremio.com\/br\/noticias\/franco-colapinto-admite-dificuldade-insiste-questao-familiarizar-alpine\/"},"modified":"2025-06-13T19:16:54","modified_gmt":"2025-06-13T22:16:54","slug":"franco-colapinto-admite-dificuldade-insiste-questao-familiarizar-alpine","status":"publish","type":"post","link":"https:\/\/grandepremio.com\/br\/f1\/franco-colapinto-admite-dificuldade-insiste-questao-familiarizar-alpine\/","title":{"rendered":"Colapinto admite dificuldade, mas insiste que \u00e9 &#8220;quest\u00e3o de se familiarizar&#8221; com Alpine"},"content":{"rendered":"\n<p class=\"wp-block-paragraph\">O retorno de<strong> Franco Colapinto <\/strong>\u00e0 <strong>F\u00f3rmula 1 <\/strong>foi muito longe do esperado pelo pr\u00f3prio piloto, mas ele acredita que \u00e9 s\u00f3 uma quest\u00e3o de &#8220;se familiarizar&#8221; com a <strong>Alpine<\/strong>, j\u00e1 que o carro \u00e9 muito diferente do da <strong>Williams<\/strong>. O argentino ainda destacou que tem aprendido muito com a esquadra de Enstone.<\/p>\n\n\n\n<p class=\"wp-block-paragraph\">Colapinto retornou ao grid na<strong> Em\u00edlia-Romanha<\/strong>, s\u00f3 que a tripleta na Europa n\u00e3o poderia ter sido mais dolorosa: caiu no Q1 em todas as etapas realizadas e ainda teve de lidar com erros constantes ao longo dos finais de semana. O melhor resultado foi o 13\u00ba em <strong>M\u00f4naco<\/strong>.<\/p>\n\n\n\n<p class=\"wp-block-paragraph\">&#8220;A rodada tripla em maio foi dif\u00edcil&#8221;, come\u00e7ou Franco aos jornalistas em Montreal. &#8220;Os resultados n\u00e3o foram os que eu esperava. Imaginava fazer algum progresso depois de \u00cdmola, mas \u00e9 sempre dif\u00edcil voltar \u00e0 F1 depois de seis corridas fora&#8221;, acrescentou. <\/p>\n\n\n\n<p class=\"wp-block-paragraph\">&#8220;Os pilotos aprenderam muito, a gerenciar os pneus, e quando voc\u00ea n\u00e3o pilota \u00e9 muito dif\u00edcil&#8221;, seguiu Colapinto, explicando que a bagagem adquirida na Williams o ajuda a entender que tudo \u00e9 uma quest\u00e3o de adapta\u00e7\u00e3o.<\/p>\n\n\n\n<figure class=\"wp-block-image size-large\"><img decoding=\"async\" src=\"https:\/\/www.grandepremio.com\/br\/wp-content\/uploads\/2025\/06\/canada-2025-f1-quinta-feira-alpine-franco-colapinto-afp-01-1-1200x800.jpg\" alt=\"\" class=\"wp-image-980456\"\/><figcaption class=\"wp-element-caption\">Franco Colapinto voltou a errar, dessa vez no TL1 do Canad\u00e1 (Foto: AFP) <\/figcaption><\/figure>\n\n\n\n<p class=\"wp-block-paragraph\">&#8220;Esta \u00e9 uma experi\u00eancia muito diferente da que tive na Williams. Quando cheguei l\u00e1 no ano passado, nunca tinha pilotado nenhum outro carro de F\u00f3rmula 1, ent\u00e3o n\u00e3o podia fazer nenhuma compara\u00e7\u00e3o. Mas agora posso&#8221;, destacou.<\/p>\n\n\n\n<p class=\"wp-block-paragraph\">&#8220;Na Alpine, estou aprendendo muito. H\u00e1 muitos aspectos positivos e algumas coisas diferentes. O carro tamb\u00e9m \u00e9 muito diferente de pilotar, e \u00e9 s\u00f3 uma quest\u00e3o de se familiarizar com isso para ver qual \u00e9 a maneira mais r\u00e1pida de lidar com ele&#8221;, enfatizou.<\/p>\n\n\n\n<p class=\"wp-block-paragraph\">Entre o <strong>GP da Espanha <\/strong>e a etapa no Canad\u00e1, Colapinto aproveitou para dedicar um bom tempo na f\u00e1brica da Alpine, alinhando o trabalho com os engenheiros e tamb\u00e9m no simulador. Foi importante, nas palavras dele, &#8220;para entender o que precisamos fazer melhor, onde nos falta ritmo e onde posso melhorar&#8221;.<\/p>\n\n\n\n<p class=\"wp-block-paragraph\">&#8220;Em geral, h\u00e1 algumas coisas que n\u00e3o funcionam no n\u00edvel da configura\u00e7\u00e3o. Eu me senti quase fora de fase com tudo: com as ferramentas do carro, com a configura\u00e7\u00e3o. Uma coisa estava se chocando com a outra. Depois que entendi isso, ap\u00f3s a corrida em Barcelona, as coisas fizeram muito mais sentido para mim&#8221;, seguiu.<\/p>\n\n\n\n<p class=\"wp-block-paragraph\">&#8220;\u00c9 por isso que chego ao Canad\u00e1 com mais confian\u00e7a. Precisamos dar um passo \u00e0 frente e espero que possamos fazer isso aqui&#8221;, encerrou Franco.<\/p>\n\n\n\n<p class=\"wp-block-paragraph\">A&nbsp;<strong><a href=\"https:\/\/www.grandepremio.com\/br\/f1\/\" target=\"_blank\" rel=\"noreferrer noopener\"><\/a><a href=\"https:\/\/www.grandepremio.com\/br\/f1\/\" target=\"_blank\" rel=\"noreferrer noopener\">F\u00f3rmula 1<\/a><\/strong>&nbsp;realiza o GP do Canad\u00e1 neste fim de semana, de 13 a 15 de junho, em&nbsp;<strong>Montreal<\/strong>, d\u00e9cima etapa da temporada 2025. O&nbsp;<strong>GRANDE PR\u00caMIO<\/strong>&nbsp;acompanha todas as atividades&nbsp;<strong><a href=\"https:\/\/www.grandepremio.com\/br\/f1\/ao-vivo\" target=\"_blank\" rel=\"noreferrer noopener\">AO VIVO E EM&nbsp;<\/a><a href=\"https:\/\/www.grandepremio.com\/br\/ao-vivo\/\" target=\"_blank\" rel=\"noreferrer noopener\">TEMPO REAL<\/a><\/strong>, al\u00e9m de classifica\u00e7\u00e3o e corrida em&nbsp;<strong><a href=\"https:\/\/www.youtube.com\/@GrandePremio1\/streams\" target=\"_blank\" rel=\"noreferrer noopener\">SEGUNDA TELA no YouTube<\/a><\/strong>, em parceria com a Voz do Esporte. O&nbsp;<strong>Briefing<\/strong>&nbsp;chega para analisar ap\u00f3s o fim de cada dia de atividades nas redes sociais e na GPTV.<\/p>\n\n\n\n<p class=\"wp-block-paragraph\"><strong>GP do Canad\u00e1&nbsp;de F1: veja os hor\u00e1rios em Brasil, Cabo Verde,&nbsp;<a href=\"https:\/\/grandepremio.pt\/\" target=\"_blank\" rel=\"noreferrer noopener\">Portugal<\/a>, Angola e Mo\u00e7ambique:<\/strong><\/p>\n\n\n\n<figure class=\"wp-block-table\"><table class=\"has-fixed-layout\"><tbody><tr><td><strong>Sess\u00e3o<\/strong><\/td><td><strong>BRA*<\/strong><\/td><td><strong>CBV<\/strong><\/td><td><strong>POR<\/strong><br><strong>ANG<\/strong><\/td><td><strong>MOZ<\/strong><\/td><\/tr><tr><td>Treino livre 2<\/td><td>18:00<\/td><td>20:00<\/td><td>22:00<\/td><td>23:00<\/td><\/tr><tr><td>Treino livre 3<\/td><td>13:30<\/td><td>15:30<\/td><td>17:30<\/td><td>18:30<\/td><\/tr><tr><td>Classifica\u00e7\u00e3o<\/td><td>17:00<\/td><td>19:00<\/td><td>21:00<\/td><td>22:00<\/td><\/tr><tr><td>Corrida<\/td><td>15:00<\/td><td>17:00<\/td><td>19:00<\/td><td>20:00<\/td><\/tr><\/tbody><\/table><\/figure>\n\n\n\n<p class=\"wp-block-paragraph\"><em>*Hor\u00e1rios em Bras\u00edlia<\/em><\/p>\n\n\n\n<p class=\"wp-block-paragraph\"><strong>\u25b6\ufe0f<\/strong> <strong>Inscreva-se nos dois canais do GRANDE PR\u00caMIO no YouTube:\u00a0<a href=\"https:\/\/www.youtube.com\/channel\/UC9OlHEgxoaY6QY6nWPoiqQg?sub_confirmation=1\" target=\"_blank\" rel=\"noreferrer noopener\">GP<\/a>\u00a0|\u00a0<a href=\"https:\/\/www.youtube.com\/channel\/UC9csiS6q_C3C0FYhyr1rnFA?sub_confirmation=1\" target=\"_blank\" rel=\"noreferrer noopener\">GP2<\/a><\/strong><br>\u25b6\ufe0f <strong>OU\u00c7A AGORA:\u00a0<a href=\"https:\/\/www.grandepremio.com\/br\/f1\/noticias\/caprichos-do-destino-e-gp-mais-longo-como-nao-amar-a-f1-no-canada-paddockast-195\/\">Caprichos do destino e GP mais longo: como n\u00e3o amar a F1 no Canad\u00e1 | Paddockast #195<\/a><\/strong><\/p>\n\n\n\n<p class=\"wp-block-paragraph\"><\/p>\n","protected":false},"excerpt":{"rendered":"<p>Franco Colapinto explicou que a sensa\u00e7\u00e3o era de estar totalmente fora de acerto com a Alpine, portanto usou a folga entre Espanha e Canad\u00e1 para se dedicar ao trabalho na f\u00e1brica<\/p>\n","protected":false},"author":0,"featured_media":1000976609,"comment_status":"closed","ping_status":"closed","sticky":false,"template":"","format":"standard","meta":{"42wp_featured_image_caption":"","42wp_featured_image_credits":"","42wp_featured_video":"","42wp_featured_image_hidden":false,"42wp_authors_list":[],"footnotes":""},"categories":[2],"tags":[20491,26271,25053,43845,31774,5273,147,3630,180,3628,25440,14357,39820,1491,28285,30840,4486,43846,31785,35129,42001],"42wp_author":[47147],"class_list":["post-21332","post","type-post","status-publish","format-standard","has-post-thumbnail","hentry","category-f1","tag-alpine","tag-calendario-f1","tag-canada","tag-canada-2025","tag-canada-f1","tag-classificacao-f1","tag-f1","tag-f1-2025","tag-formula-1","tag-formula-1-2025","tag-franco-colapinto","tag-gp-do-canada","tag-gp-do-canada-f1","tag-grande-premio","tag-grandepremio","tag-horarios-f1","tag-montreal","tag-montreal-2025","tag-montreal-f1","tag-onde-assistir-f1","tag-temporada-2025-f1","42wp_author-luana-marino"],"_links":{"self":[{"href":"https:\/\/grandepremio.com\/br\/wp-json\/wp\/v2\/posts\/21332","targetHints":{"allow":["GET"]}}],"collection":[{"href":"https:\/\/grandepremio.com\/br\/wp-json\/wp\/v2\/posts"}],"about":[{"href":"https:\/\/grandepremio.com\/br\/wp-json\/wp\/v2\/types\/post"}],"replies":[{"embeddable":true,"href":"https:\/\/grandepremio.com\/br\/wp-json\/wp\/v2\/comments?post=21332"}],"version-history":[{"count":0,"href":"https:\/\/grandepremio.com\/br\/wp-json\/wp\/v2\/posts\/21332\/revisions"}],"wp:featuredmedia":[{"embeddable":true,"href":"https:\/\/grandepremio.com\/br\/wp-json\/wp\/v2\/media\/1000976609"}],"wp:attachment":[{"href":"https:\/\/grandepremio.com\/br\/wp-json\/wp\/v2\/media?parent=21332"}],"wp:term":[{"taxonomy":"category","embeddable":true,"href":"https:\/\/grandepremio.com\/br\/wp-json\/wp\/v2\/categories?post=21332"},{"taxonomy":"post_tag","embeddable":true,"href":"https:\/\/grandepremio.com\/br\/wp-json\/wp\/v2\/tags?post=21332"},{"taxonomy":"42wp_author","embeddable":true,"href":"https:\/\/grandepremio.com\/br\/wp-json\/wp\/v2\/42wp_author?post=21332"}],"curies":[{"name":"wp","href":"https:\/\/api.w.org\/{rel}","templated":true}]}}